{"id":46433,"date":"2026-09-04T10:32:08","date_gmt":"2026-09-04T13:32:08","guid":{"rendered":"https:\/\/e-kart.com.ar\/?p=46433"},"modified":"2026-09-04T10:36:48","modified_gmt":"2026-09-04T13:36:48","slug":"cordillerano-el-sonido-de-motores-regresa-a-esquel-este-fin-de-semana","status":"publish","type":"post","link":"https:\/\/e-kart.com.ar\/?p=46433","title":{"rendered":"CORDILLERANO: El sonido de motores regresa a Esquel este fin de semana"},"content":{"rendered":"\n<p class=\"has-medium-font-size\"><em>Despu\u00e9s de un a\u00f1o y medio sin competencias, el Kart\u00f3dromo \u00abMiguel Tosca Hern\u00e1ndez\u00bb volver\u00e1 a recibir actividad este s\u00e1bado y domingo. <\/em><\/p>\n\n\n\n<figure class=\"wp-block-image size-full\"><a href=\"https:\/\/e-kart.com.ar\/wp-content\/uploads\/2026\/09\/foto-8.jpg\"><img loading=\"lazy\" decoding=\"async\" width=\"960\" height=\"524\" src=\"https:\/\/e-kart.com.ar\/wp-content\/uploads\/2026\/09\/foto-8.jpg\" alt=\"\" class=\"wp-image-46435\" srcset=\"https:\/\/e-kart.com.ar\/wp-content\/uploads\/2026\/09\/foto-8.jpg 960w, https:\/\/e-kart.com.ar\/wp-content\/uploads\/2026\/09\/foto-8-300x164.jpg 300w, https:\/\/e-kart.com.ar\/wp-content\/uploads\/2026\/09\/foto-8-768x419.jpg 768w\" sizes=\"auto, (max-width: 960px) 100vw, 960px\" \/><\/a><\/figure>\n\n\n\n<p class=\"has-small-font-size\"><strong>Ph. Red43<\/strong><\/p>\n\n\n\n<p><br><strong>Esquel, Chubut.<\/strong> El regreso ser\u00e1 este s\u00e1bado 5 y domingo 6 de septiembre. La actividad comenzar\u00e1 con las pruebas libres y continuar\u00e1 el domingo con las clasificaciones, series y finales.<\/p>\n\n\n\n<p>La vuelta de las carreras representa el regreso de una actividad que llevaba un largo per\u00edodo sin competencias y que volver\u00e1 a tener al circuito como escenario de un fin de semana a puro karting.<\/p>\n\n\n\n<p class=\"has-medium-font-size\"><br><strong><mark style=\"background-color:rgba(0, 0, 0, 0)\" class=\"has-inline-color has-luminous-vivid-orange-color\">Todo listo para los pilotos<\/mark><\/strong><\/p>\n\n\n\n<p>En la previa de la competencia, el jueves 3 de septiembre se realiz\u00f3 el pago de inscripciones y el retiro de cubiertas para los pilotos residentes.<\/p>\n\n\n\n<p>La jornada ser\u00e1 de 20 a 21:15 horas en Av. Alvear 2677, al lado del Chino Felicidad. Ser\u00e1 el \u00fanico d\u00eda habilitado para residentes, con excepci\u00f3n de los pilotos que recorran m\u00e1s de 200 kil\u00f3metros para participar.<\/p>\n\n\n\n<p>Durante ese horario se podr\u00e1 realizar la venta y retiro de cubiertas, el pago del seguro y las inscripciones fuera de t\u00e9rmino.<\/p>\n\n\n\n<p>El seguro tendr\u00e1 un valor de $35.000 y deber\u00e1 abonarse \u00fanicamente en efectivo. En cuanto a las inscripciones, quienes hayan realizado la preinscripci\u00f3n y quieran acceder al descuento deber\u00e1n pagar la diferencia en efectivo, mediante transferencia o d\u00e9bito. Para este beneficio no se aceptar\u00e1 tarjeta de cr\u00e9dito.<\/p>\n\n\n\n<p>Quienes no hayan realizado la preinscripci\u00f3n podr\u00e1n abonar la inscripci\u00f3n con cualquier medio de pago, aunque sin descuento, por un valor de $320.000.<\/p>\n\n\n\n<p class=\"has-medium-font-size\"><br><strong><mark style=\"background-color:rgba(0, 0, 0, 0)\" class=\"has-inline-color has-luminous-vivid-orange-color\">Un domingo para volver a disfrutar del karting<\/mark><\/strong><\/p>\n\n\n\n<p>El s\u00e1bado estar\u00e1 destinado a las pruebas libres, mientras que el domingo se concentrar\u00e1 la actividad competitiva con las clasificaciones, series y finales.<\/p>\n\n\n\n<p>La entrada general tendr\u00e1 un valor de $10.000 y quienes concurran tambi\u00e9n podr\u00e1n participar de sorteos durante el evento.<\/p>\n\n\n\n<p>As\u00ed, despu\u00e9s de un a\u00f1o y medio, el Kart\u00f3dromo Miguel Tosca Hern\u00e1ndez volver\u00e1 a vivir un fin de semana con motores, competencia y toda la pasi\u00f3n del karting.<\/p>\n\n\n\n<p><br>Fuente: Red43 (Chubut)<\/p>\n","protected":false},"excerpt":{"rendered":"<p>Despu\u00e9s de un a\u00f1o y medio sin competencias, el Kart\u00f3dromo \u00abMiguel Tosca Hern\u00e1ndez\u00bb volver\u00e1 a recibir actividad este s\u00e1bado y domingo. Este jueves se realizan las inscripciones y el retiro de cubiertas para los pilotos residentes.<\/p>\n","protected":false},"author":1,"featured_media":46435,"comment_status":"closed","ping_status":"closed","sticky":false,"template":"","format":"standard","meta":{"footnotes":""},"categories":[2039,1960,2038],"tags":[],"class_list":["post-46433","post","type-post","status-publish","format-standard","has-post-thumbnail","hentry","category-breves","category-cordillerano","category-medios"],"_links":{"self":[{"href":"https:\/\/e-kart.com.ar\/index.php?rest_route=\/wp\/v2\/posts\/46433","targetHints":{"allow":["GET"]}}],"collection":[{"href":"https:\/\/e-kart.com.ar\/index.php?rest_route=\/wp\/v2\/posts"}],"about":[{"href":"https:\/\/e-kart.com.ar\/index.php?rest_route=\/wp\/v2\/types\/post"}],"author":[{"embeddable":true,"href":"https:\/\/e-kart.com.ar\/index.php?rest_route=\/wp\/v2\/users\/1"}],"replies":[{"embeddable":true,"href":"https:\/\/e-kart.com.ar\/index.php?rest_route=%2Fwp%2Fv2%2Fcomments&post=46433"}],"version-history":[{"count":3,"href":"https:\/\/e-kart.com.ar\/index.php?rest_route=\/wp\/v2\/posts\/46433\/revisions"}],"predecessor-version":[{"id":46438,"href":"https:\/\/e-kart.com.ar\/index.php?rest_route=\/wp\/v2\/posts\/46433\/revisions\/46438"}],"wp:featuredmedia":[{"embeddable":true,"href":"https:\/\/e-kart.com.ar\/index.php?rest_route=\/wp\/v2\/media\/46435"}],"wp:attachment":[{"href":"https:\/\/e-kart.com.ar\/index.php?rest_route=%2Fwp%2Fv2%2Fmedia&parent=46433"}],"wp:term":[{"taxonomy":"category","embeddable":true,"href":"https:\/\/e-kart.com.ar\/index.php?rest_route=%2Fwp%2Fv2%2Fcategories&post=46433"},{"taxonomy":"post_tag","embeddable":true,"href":"https:\/\/e-kart.com.ar\/index.php?rest_route=%2Fwp%2Fv2%2Ftags&post=46433"}],"curies":[{"name":"wp","href":"https:\/\/api.w.org\/{rel}","templated":true}]}}