{"id":46430,"date":"2026-09-03T18:20:01","date_gmt":"2026-09-03T21:20:01","guid":{"rendered":"https:\/\/e-kart.com.ar\/?p=46430"},"modified":"2026-09-03T18:20:01","modified_gmt":"2026-09-03T21:20:01","slug":"misionero-tierra-disputa-una-fecha-clave-en-puerto-rico","status":"publish","type":"post","link":"https:\/\/e-kart.com.ar\/?p=46430","title":{"rendered":"MISIONERO TIERRA: Disputa una fecha clave en Puerto Rico"},"content":{"rendered":"\n<p class=\"has-medium-font-size\"><em>El circuito Carlos Albisser recibir\u00e1 este fin de semana la sexta y pen\u00faltima fecha de la temporada. <\/em><\/p>\n\n\n\n<figure class=\"wp-block-image size-full\"><a href=\"https:\/\/e-kart.com.ar\/wp-content\/uploads\/2026\/09\/foto-7.jpg\"><img loading=\"lazy\" decoding=\"async\" width=\"960\" height=\"524\" src=\"https:\/\/e-kart.com.ar\/wp-content\/uploads\/2026\/09\/foto-7.jpg\" alt=\"\" class=\"wp-image-46431\" srcset=\"https:\/\/e-kart.com.ar\/wp-content\/uploads\/2026\/09\/foto-7.jpg 960w, https:\/\/e-kart.com.ar\/wp-content\/uploads\/2026\/09\/foto-7-300x164.jpg 300w, https:\/\/e-kart.com.ar\/wp-content\/uploads\/2026\/09\/foto-7-768x419.jpg 768w\" sizes=\"auto, (max-width: 960px) 100vw, 960px\" \/><\/a><\/figure>\n\n\n\n<p class=\"has-small-font-size\"><strong>Ph. Prensa FMMCEyK<\/strong><\/p>\n\n\n\n<p><br><strong>Posadas, Misiones.<\/strong> El Campeonato Misionero de Karting de Tierra afrontar\u00e1 este fin de semana una instancia decisiva en el circuito Carlos Albisser de Puerto Rico. <\/p>\n\n\n\n<p>La actividad correspondiente a la sexta y pen\u00faltima fecha de la temporada 2026 comenzar\u00e1 el s\u00e1bado con entrenamientos y clasificaciones, mientras que el domingo se disputar\u00e1n las series y las finales.<\/p>\n\n\n\n<p>Cada punto tendr\u00e1 un valor especial en la definici\u00f3n de los campeonatos. La jornada podr\u00eda dejar a varios pilotos cerca de consagrarse en sus respectivas categor\u00edas, entre ellas Est\u00e1ndar, Copa L\u00fcqstoff y Veteranos.<\/p>\n\n\n\n<p class=\"has-medium-font-size\"><br><strong><mark style=\"background-color:rgba(0, 0, 0, 0)\" class=\"has-inline-color has-luminous-vivid-orange-color\">Dos jornadas de actividad<\/mark><\/strong><\/p>\n\n\n\n<p>El s\u00e1bado, la actividad en pista comenzar\u00e1 a las 9:45 con la primera tanda de entrenamientos de Kart Junior 150cc. Luego ser\u00e1 el turno de Copa L\u00fcqstoff, Kart Veterano 150cc, Kart 110cc, Kart Seniors 150cc, Kart Est\u00e1ndar 150cc, M\u00e1ster 150cc y Superkart.<\/p>\n\n\n\n<p>Cada categor\u00eda contar\u00e1 con dos tandas de pr\u00e1cticas. Las clasificaciones arrancar\u00e1n a las 14:30 y se extender\u00e1n hasta las 16:15.<\/p>\n\n\n\n<p>El domingo, las series comenzar\u00e1n a las 9:40 y las finales se pondr\u00e1n en marcha desde las 12:40.<\/p>\n\n\n\n<p class=\"has-medium-font-size\"><br><strong><mark style=\"background-color:rgba(0, 0, 0, 0)\" class=\"has-inline-color has-luminous-vivid-orange-color\">CRONOGRAMA<\/mark><\/strong><\/p>\n\n\n\n<p><strong>S\u00e1bado 5 de septiembre<\/strong><\/p>\n\n\n\n<p><strong>Entrenamientos<\/strong><br>09:45 Kart Junior 150cc<br>10:00 Copa L\u00fcqstoff<br>10:15 Kart Veterano 150cc<br>10:30 Kart 110cc<br>10:45 Kart Seniors 150cc<br>11:00 Kart Est\u00e1ndar 150cc<br>11:15 M\u00e1ster 150cc<br>11:30 Superkart<\/p>\n\n\n\n<p>Las segundas tandas se desarrollar\u00e1n desde las 11.45, respetando el mismo orden de categor\u00edas.<\/p>\n\n\n\n<p><strong>Clasificaciones<\/strong><br>14:30 Kart Junior 150cc<br>14:45 Copa L\u00fcqstoff<br>15:00 Kart Veterano 150cc<br>15:15 Kart 110cc<br>15:30 Kart Seniors 150cc<br>15:45 Kart Est\u00e1ndar 150cc<br>16:00 M\u00e1ster 150cc<br>16:15 Superkart<\/p>\n\n\n\n<p><strong>Domingo 6 de septiembre<\/strong><\/p>\n\n\n\n<p><strong>Series<\/strong><br>09:40 Kart Junior 150cc<br>10:00 Copa L\u00fcqstoff<br>10:20 Kart Veterano 150cc<br>10:40 Kart 110cc<br>11:00 Kart Seniors 150cc<br>11:20 Kart Est\u00e1ndar 150cc<br>11:40 M\u00e1ster 150cc<br>12:00 Superkart<\/p>\n\n\n\n<p><strong>Finales<\/strong><br>12:40 Kart Junior 150cc<br>13:00 Copa L\u00fcqstoff<br>13:20 Kart Veterano 150cc<br>13:40 Kart 110cc<br>14:00 Kart Seniors 150cc<br>14:20 Kart Est\u00e1ndar 150cc<br>14:40 M\u00e1ster 150cc<br>15:00 Superkart<\/p>\n\n\n\n<p><br>Fuente: Primera Edici\u00f3n (Misiones)<\/p>\n","protected":false},"excerpt":{"rendered":"<p>El circuito Carlos Albisser recibir\u00e1 este fin de semana la sexta y pen\u00faltima fecha de la temporada. Mat\u00edas Prestes, l\u00edder de la categor\u00eda Est\u00e1ndar, buscar\u00e1 recuperarse tras el abandono sufrido en Ap\u00f3stoles.<\/p>\n","protected":false},"author":1,"featured_media":46431,"comment_status":"closed","ping_status":"closed","sticky":false,"template":"","format":"standard","meta":{"footnotes":""},"categories":[2039,2038,1971],"tags":[],"class_list":["post-46430","post","type-post","status-publish","format-standard","has-post-thumbnail","hentry","category-breves","category-medios","category-misionero-tierra"],"_links":{"self":[{"href":"https:\/\/e-kart.com.ar\/index.php?rest_route=\/wp\/v2\/posts\/46430","targetHints":{"allow":["GET"]}}],"collection":[{"href":"https:\/\/e-kart.com.ar\/index.php?rest_route=\/wp\/v2\/posts"}],"about":[{"href":"https:\/\/e-kart.com.ar\/index.php?rest_route=\/wp\/v2\/types\/post"}],"author":[{"embeddable":true,"href":"https:\/\/e-kart.com.ar\/index.php?rest_route=\/wp\/v2\/users\/1"}],"replies":[{"embeddable":true,"href":"https:\/\/e-kart.com.ar\/index.php?rest_route=%2Fwp%2Fv2%2Fcomments&post=46430"}],"version-history":[{"count":1,"href":"https:\/\/e-kart.com.ar\/index.php?rest_route=\/wp\/v2\/posts\/46430\/revisions"}],"predecessor-version":[{"id":46432,"href":"https:\/\/e-kart.com.ar\/index.php?rest_route=\/wp\/v2\/posts\/46430\/revisions\/46432"}],"wp:featuredmedia":[{"embeddable":true,"href":"https:\/\/e-kart.com.ar\/index.php?rest_route=\/wp\/v2\/media\/46431"}],"wp:attachment":[{"href":"https:\/\/e-kart.com.ar\/index.php?rest_route=%2Fwp%2Fv2%2Fmedia&parent=46430"}],"wp:term":[{"taxonomy":"category","embeddable":true,"href":"https:\/\/e-kart.com.ar\/index.php?rest_route=%2Fwp%2Fv2%2Fcategories&post=46430"},{"taxonomy":"post_tag","embeddable":true,"href":"https:\/\/e-kart.com.ar\/index.php?rest_route=%2Fwp%2Fv2%2Ftags&post=46430"}],"curies":[{"name":"wp","href":"https:\/\/api.w.org\/{rel}","templated":true}]}}