{"id":46427,"date":"2026-09-03T17:53:21","date_gmt":"2026-09-03T20:53:21","guid":{"rendered":"https:\/\/e-kart.com.ar\/?p=46427"},"modified":"2026-09-03T17:53:22","modified_gmt":"2026-09-03T20:53:22","slug":"santiagueno-se-viene-una-nueva-fecha-del-anual-y-el-clausura","status":"publish","type":"post","link":"https:\/\/e-kart.com.ar\/?p=46427","title":{"rendered":"SANTIAGUE\u00d1O: Se viene una nueva fecha del Anual y el Clausura"},"content":{"rendered":"\n<p class=\"has-medium-font-size\"><em>El Kart\u00f3dromo Francisco de Aguirre recibir\u00e1 este fin de semana la sexta fecha del Campeonato Anual y la segunda del Clausura. Ser\u00e1 la \u00faltima jornada diurna de la temporada, antes del inicio de las competencias nocturnas en octubre y noviembre.<\/em><\/p>\n\n\n\n<figure class=\"wp-block-image size-full\"><a href=\"https:\/\/e-kart.com.ar\/wp-content\/uploads\/2026\/09\/foto-6.jpg\"><img loading=\"lazy\" decoding=\"async\" width=\"960\" height=\"524\" src=\"https:\/\/e-kart.com.ar\/wp-content\/uploads\/2026\/09\/foto-6.jpg\" alt=\"\" class=\"wp-image-46428\" srcset=\"https:\/\/e-kart.com.ar\/wp-content\/uploads\/2026\/09\/foto-6.jpg 960w, https:\/\/e-kart.com.ar\/wp-content\/uploads\/2026\/09\/foto-6-300x164.jpg 300w, https:\/\/e-kart.com.ar\/wp-content\/uploads\/2026\/09\/foto-6-768x419.jpg 768w\" sizes=\"auto, (max-width: 960px) 100vw, 960px\" \/><\/a><\/figure>\n\n\n\n<p class=\"has-small-font-size\"><strong>Ph. Diario Panorama<\/strong><\/p>\n\n\n\n<p><br><strong>Santaigo del Estero, Capital.<\/strong> El Karting Santiague\u00f1o volver\u00e1 a encender sus motores este fin de semana en el Kart\u00f3dromo Francisco de Aguirre, donde se disputar\u00e1 la sexta fecha del Campeonato Anual y la segunda jornada del Campeonato Clausura.<\/p>\n\n\n\n<p>Luego de la gran convocatoria registrada durante agosto, la actividad regresar\u00e1 este s\u00e1bado 5 y domingo 6 de septiembre al trazado Josh Gubaira, en una fecha que tendr\u00e1 un condimento especial: ser\u00e1 la \u00faltima competencia diurna de la temporada.<\/p>\n\n\n\n<p>A partir de octubre, el campeonato comenzar\u00e1 a vivir sus jornadas nocturnas, que tambi\u00e9n se repetir\u00e1n en noviembre para completar las \u00faltimas fechas del calendario. De esta manera, el certamen santiague\u00f1o entra en una etapa decisiva, con los principales protagonistas buscando consolidarse en lo m\u00e1s alto de cada categor\u00eda.<\/p>\n\n\n\n<p class=\"has-medium-font-size\"><br><strong><mark style=\"background-color:rgba(0, 0, 0, 0)\" class=\"has-inline-color has-luminous-vivid-orange-color\">Seis categor\u00edas y pilotos de distintas provincias<\/mark><\/strong><\/p>\n\n\n\n<p>El crecimiento del Karting Santiague\u00f1o se viene reflejando fecha tras fecha, con una mayor cantidad de pilotos y una presencia cada vez m\u00e1s importante de competidores de diferentes puntos de la regi\u00f3n.<\/p>\n\n\n\n<p>En esta oportunidad habr\u00e1 actividad en las categor\u00edas 110 Escuela, IAME 60, 150 A Nacional, 150 C Nacional, 150 Master y 150 Senior. Participar\u00e1n pilotos de Santiago del Estero, La Banda, Tucum\u00e1n y Catamarca, en un fin de semana que promete importantes competencias en cada una de las divisionales.<\/p>\n\n\n\n<p>Adem\u00e1s, durante la jornada se realizar\u00e1 un reconocimiento especial por el D\u00eda del Ni\u00f1o destinado a los peque\u00f1os que forman parte del deporte motor y acompa\u00f1an con pasi\u00f3n el crecimiento de esta categor\u00eda en la provincia.<\/p>\n\n\n\n<p class=\"has-medium-font-size\"><br><strong><mark style=\"background-color:rgba(0, 0, 0, 0)\" class=\"has-inline-color has-luminous-vivid-orange-color\">El cronograma de la sexta fecha<\/mark><\/strong><\/p>\n\n\n\n<p>La actividad comenzar\u00e1 el s\u00e1bado 5 de septiembre, desde aproximadamente las 15 horas, con las tandas libres de entrenamientos para todos los pilotos inscriptos.<\/p>\n\n\n\n<p>El plato fuerte llegar\u00e1 el domingo 6, cuando la actividad se pondr\u00e1 en marcha desde las 11 de la ma\u00f1ana con los entrenamientos de todas las categor\u00edas. Luego ser\u00e1 el turno de las clasificaciones, previstas para alrededor de las 12 horas.<\/p>\n\n\n\n<p>Las series comenzar\u00e1n a disputarse desde las 13, mientras que las finales se pondr\u00e1n en marcha a partir de las 15 horas. La jornada se cerrar\u00e1 con la tradicional ceremonia de premiaci\u00f3n para los ganadores de cada una de las categor\u00edas.<\/p>\n\n\n\n<p>Adem\u00e1s, las finales podr\u00e1n seguirse a trav\u00e9s de Canal 14 de TIC y tambi\u00e9n mediante la transmisi\u00f3n en vivo por YouTube.<\/p>\n\n\n\n<p class=\"has-medium-font-size\"><br><strong><mark style=\"background-color:rgba(0, 0, 0, 0)\" class=\"has-inline-color has-luminous-vivid-orange-color\">As\u00ed llegan los l\u00edderes del Campeonato Anual<\/mark><\/strong><\/p>\n\n\n\n<p>En la categor\u00eda 110 Escuela, el campeonato tiene como l\u00edder a Josu\u00e9 Baltazar Ledesma, mientras que en IAME 60 el primer lugar le pertenece a Ignacio Sierra.<\/p>\n\n\n\n<p>Por su parte, en la 150 A Nacional lidera el piloto tintinense Nicol\u00e1s Salom\u00f3n, mientras que Pablo Taboada se encuentra al frente de la clasificaci\u00f3n en la 150 C Nacional.<\/p>\n\n\n\n<p>En la 150 Master, el l\u00edder del campeonato es el tucumano Benjam\u00edn Sola, mientras que en la 150 Senior manda el vigente campe\u00f3n, Agust\u00edn Viano.<\/p>\n\n\n\n<p class=\"has-medium-font-size\"><br><strong><mark style=\"background-color:rgba(0, 0, 0, 0)\" class=\"has-inline-color has-luminous-vivid-orange-color\">Los punteros del Campeonato Clausura<\/mark><\/strong><\/p>\n\n\n\n<p>El Campeonato Clausura tendr\u00e1 este fin de semana su segunda fecha y varios pilotos buscar\u00e1n sostener el buen comienzo que tuvieron en la jornada inaugural.<\/p>\n\n\n\n<p>En la 110 Escuela, el l\u00edder es Valent\u00edn Trajtenberg, mientras que Ignacio Sierra encabeza las posiciones en la categor\u00eda IAME 60.<\/p>\n\n\n\n<p>En tanto, Nicol\u00e1s Salom\u00f3n lidera la 150 A Nacional, mientras que el tucumano Cristian Albuquerque se encuentra al frente de la 150 C Nacional.<\/p>\n\n\n\n<p>Finalmente, Benjam\u00edn Sola encabeza las posiciones en la 150 Master, mientras que Agust\u00edn Viano lidera la clasificaci\u00f3n de la 150 Senior.<\/p>\n\n\n\n<p class=\"has-medium-font-size\"><br><strong><mark style=\"background-color:rgba(0, 0, 0, 0)\" class=\"has-inline-color has-luminous-vivid-orange-color\">Entradas y una nueva fiesta del deporte motor<\/mark><\/strong><\/p>\n\n\n\n<p>Para quienes quieran acompa\u00f1ar la actividad desde el Kart\u00f3dromo Francisco de Aguirre, la entrada para acceder a la zona de boxes tendr\u00e1 un valor de $7.000, mientras que el ingreso al sector de tribunas ser\u00e1 totalmente gratuito.<\/p>\n\n\n\n<p>De la mano de la Asociaci\u00f3n de Pilotos de Santiago del Estero (APSE), el Karting Santiague\u00f1o contin\u00faa mostrando un crecimiento sostenido, sumando nuevos pilotos y consolidando cada fecha una mayor convocatoria.<\/p>\n\n\n\n<p>Adem\u00e1s del trabajo deportivo, la organizaci\u00f3n tambi\u00e9n mantiene una intensa tarea para conservar y mejorar las condiciones del Kart\u00f3dromo Francisco de Aguirre, uno de los escenarios m\u00e1s importantes del automovilismo y el karting en el NOA.<\/p>\n\n\n\n<p>As\u00ed, todo est\u00e1 listo para un nuevo fin de semana a pura velocidad, con una fecha que ser\u00e1 clave tanto para el Campeonato Anual como para el Clausura, y que marcar\u00e1 adem\u00e1s la despedida de las competencias diurnas antes de ingresar en la esperada etapa nocturna del calendario.<\/p>\n\n\n\n<p><br>Fuente: Diario Panorama (Santiago del Estero)<\/p>\n","protected":false},"excerpt":{"rendered":"<p>El Kart\u00f3dromo Francisco de Aguirre recibir\u00e1 este fin de semana la sexta fecha del Campeonato Anual y la segunda del Clausura. Ser\u00e1 la \u00faltima jornada diurna de la temporada, antes del inicio de las competencias nocturnas en octubre y noviembre.<\/p>\n","protected":false},"author":1,"featured_media":46428,"comment_status":"closed","ping_status":"closed","sticky":false,"template":"","format":"standard","meta":{"footnotes":""},"categories":[2038,2014],"tags":[],"class_list":["post-46427","post","type-post","status-publish","format-standard","has-post-thumbnail","hentry","category-medios","category-santiagueno"],"_links":{"self":[{"href":"https:\/\/e-kart.com.ar\/index.php?rest_route=\/wp\/v2\/posts\/46427","targetHints":{"allow":["GET"]}}],"collection":[{"href":"https:\/\/e-kart.com.ar\/index.php?rest_route=\/wp\/v2\/posts"}],"about":[{"href":"https:\/\/e-kart.com.ar\/index.php?rest_route=\/wp\/v2\/types\/post"}],"author":[{"embeddable":true,"href":"https:\/\/e-kart.com.ar\/index.php?rest_route=\/wp\/v2\/users\/1"}],"replies":[{"embeddable":true,"href":"https:\/\/e-kart.com.ar\/index.php?rest_route=%2Fwp%2Fv2%2Fcomments&post=46427"}],"version-history":[{"count":1,"href":"https:\/\/e-kart.com.ar\/index.php?rest_route=\/wp\/v2\/posts\/46427\/revisions"}],"predecessor-version":[{"id":46429,"href":"https:\/\/e-kart.com.ar\/index.php?rest_route=\/wp\/v2\/posts\/46427\/revisions\/46429"}],"wp:featuredmedia":[{"embeddable":true,"href":"https:\/\/e-kart.com.ar\/index.php?rest_route=\/wp\/v2\/media\/46428"}],"wp:attachment":[{"href":"https:\/\/e-kart.com.ar\/index.php?rest_route=%2Fwp%2Fv2%2Fmedia&parent=46427"}],"wp:term":[{"taxonomy":"category","embeddable":true,"href":"https:\/\/e-kart.com.ar\/index.php?rest_route=%2Fwp%2Fv2%2Fcategories&post=46427"},{"taxonomy":"post_tag","embeddable":true,"href":"https:\/\/e-kart.com.ar\/index.php?rest_route=%2Fwp%2Fv2%2Ftags&post=46427"}],"curies":[{"name":"wp","href":"https:\/\/api.w.org\/{rel}","templated":true}]}}