{"id":46424,"date":"2026-09-03T17:31:13","date_gmt":"2026-09-03T20:31:13","guid":{"rendered":"https:\/\/e-kart.com.ar\/?p=46424"},"modified":"2026-09-03T17:31:13","modified_gmt":"2026-09-03T20:31:13","slug":"kcc-vuelve-a-rincon-de-los-sauces-con-promesa-de-espectaculo","status":"publish","type":"post","link":"https:\/\/e-kart.com.ar\/?p=46424","title":{"rendered":"KCC: Vuelve a Rinc\u00f3n de los Sauces con promesa de espect\u00e1culo"},"content":{"rendered":"\n<p class=\"has-medium-font-size\"><em>Ser\u00e1 la quinta fecha del calendario y varias categor\u00edas est\u00e1n muy parejas. A los habituales protagonistas del certamen, se sumar\u00e1n muchos locales.<\/em><\/p>\n\n\n\n<figure class=\"wp-block-image size-full\"><a href=\"https:\/\/e-kart.com.ar\/wp-content\/uploads\/2026\/09\/foto-5.jpg\"><img loading=\"lazy\" decoding=\"async\" width=\"960\" height=\"524\" src=\"https:\/\/e-kart.com.ar\/wp-content\/uploads\/2026\/09\/foto-5.jpg\" alt=\"\" class=\"wp-image-46425\" srcset=\"https:\/\/e-kart.com.ar\/wp-content\/uploads\/2026\/09\/foto-5.jpg 960w, https:\/\/e-kart.com.ar\/wp-content\/uploads\/2026\/09\/foto-5-300x164.jpg 300w, https:\/\/e-kart.com.ar\/wp-content\/uploads\/2026\/09\/foto-5-768x419.jpg 768w\" sizes=\"auto, (max-width: 960px) 100vw, 960px\" \/><\/a><\/figure>\n\n\n\n<p class=\"has-small-font-size\"><strong>Ph. Prensa KCC<\/strong><\/p>\n\n\n\n<p><br><strong>General Roca, R\u00edo Negro.<\/strong> Luego de un a\u00f1o, el Karting con caja vuelve a correr en el H\u00e9ctor \u00c1lvarez de Rinc\u00f3n de los Sauces. Entre el s\u00e1bado 5 y el domingo 6, se se disputar\u00e1 la quinta fecha del calendario 2026. Se espera una gran presencia de los habituales competidores, a los que se sumar\u00e1n varios exponentes locales.<\/p>\n\n\n\n<p>Tras las exitosas pruebas libres desarrolladas el fin de semana pasado, de las cuales participaron 62 kartings, todo est\u00e1 listo para recibir nuevamente al KCC, en el que es considerado uno de los mejores trazados de tierra del pa\u00eds.<\/p>\n\n\n\n<p class=\"has-medium-font-size\"><br><strong><mark style=\"background-color:rgba(0, 0, 0, 0)\" class=\"has-inline-color has-luminous-vivid-orange-color\">As\u00ed marchan los campeonatos<\/mark><\/strong><\/p>\n\n\n\n<p>La categor\u00eda Senior est\u00e1 que arde, con Bautista Datri y Joaqu\u00edn Vera en lo m\u00e1s alto de las posiciones con 239 unidades. Datri gan\u00f3 las dos primeras fechas y Vera hizo lo propio en las dos \u00faltimas finales. Tom\u00e1s Baeza (no estar\u00e1 este fin de semana) suma 200 puntos y m\u00e1s atr\u00e1s aparece Mat\u00edas Morales con 120.<\/p>\n\n\n\n<p>En Varilleros, el dominador es Lucas L\u00f3pez, con 236 puntos. Javier Bergondi, con 175, es su escolta. Dami\u00e1n Fag\u00e1n est\u00e1 tercero con 115. L\u00f3pez tiene dos triunfos y las otras carreras fueron ganadas por Ivo Magnani y Javier Bergondi.<\/p>\n\n\n\n<p>La Kayak 250 es dominada por Mart\u00edn Petto, con 234 puntos, producto de tres victorias en las primeras cuatro fechas. Su escolta es Mat\u00edas Col\u00e1ngelo (184) y luego aparece Juan Pablo Fagan con 127. Mart\u00edn Scalora se qued\u00f3 con el triunfo restante.<\/p>\n\n\n\n<p>Luego de vencer en la primera y la cuarta fecha, Federico Hormaz\u00e1bal lidera la M\u00e1ster, con 177 unidades. Segundo est\u00e1 Alejandro Carrasco con 165 y tercero se ubica el actual campe\u00f3n, Oscar Rebolledo con 134.<\/p>\n\n\n\n<p>En la Junior 150 se destaca el roquense Laureano Mart\u00ednez, que gan\u00f3 tres de las cuatro carreras del a\u00f1o. La restante qued\u00f3 en manos de Lautaro Peralta, que este fin de semana har\u00e1 de local. Mart\u00ednez tiene 215 puntos, Santino Romani est\u00e1 segundo con 170 y Peralta marcha tercero con 114 unidades.<\/p>\n\n\n\n<p>Dar\u00edo Mu\u00f1oz es el l\u00edder del campeonato de la Internacional, con 131 puntos. Segundo, con 20 puntos menos, est\u00e1 Federico Ferrero. Tercera est\u00e1 Natalia Bello con 92. Cabe destacar que esta divisional no se present\u00f3 durante la segunda fecha y que Bruno Sampirisi, Diego Hern\u00e1ndez y Federico Ferrero se repartieron las victorias.<\/p>\n\n\n\n<p>Por \u00faltimo, entre los m\u00e1s peque\u00f1os, domina Liam Sclora, vencedor de tres fechas de la Pre Junior, con 167 puntos. Detr\u00e1s de el aparece Ciro Romero, con 167. Sim\u00f3n Fern\u00e1ndez es el otro piloto que logr\u00f3 ganar una carrera este a\u00f1o.<\/p>\n\n\n\n<p>Cabe destacar que tambi\u00e9n habr\u00e1 actividad en la categor\u00eda Escuela y que la fecha ser\u00e1 la \u00faltima que se desarrolle bajo el mandato del actual titular de la categor\u00eda, Guillermo Moreno.<\/p>\n\n\n\n<p><br>Fuente: Diario R\u00edo Negro (R\u00edo Negro)<\/p>\n","protected":false},"excerpt":{"rendered":"<p>Ser\u00e1 la quinta fecha del calendario y varias categor\u00edas est\u00e1n muy parejas. A los habituales protagonistas del certamen, se sumar\u00e1n muchos locales.<\/p>\n","protected":false},"author":1,"featured_media":46425,"comment_status":"closed","ping_status":"closed","sticky":false,"template":"","format":"standard","meta":{"footnotes":""},"categories":[2039,1987,2038],"tags":[],"class_list":["post-46424","post","type-post","status-publish","format-standard","has-post-thumbnail","hentry","category-breves","category-kcc","category-medios"],"_links":{"self":[{"href":"https:\/\/e-kart.com.ar\/index.php?rest_route=\/wp\/v2\/posts\/46424","targetHints":{"allow":["GET"]}}],"collection":[{"href":"https:\/\/e-kart.com.ar\/index.php?rest_route=\/wp\/v2\/posts"}],"about":[{"href":"https:\/\/e-kart.com.ar\/index.php?rest_route=\/wp\/v2\/types\/post"}],"author":[{"embeddable":true,"href":"https:\/\/e-kart.com.ar\/index.php?rest_route=\/wp\/v2\/users\/1"}],"replies":[{"embeddable":true,"href":"https:\/\/e-kart.com.ar\/index.php?rest_route=%2Fwp%2Fv2%2Fcomments&post=46424"}],"version-history":[{"count":1,"href":"https:\/\/e-kart.com.ar\/index.php?rest_route=\/wp\/v2\/posts\/46424\/revisions"}],"predecessor-version":[{"id":46426,"href":"https:\/\/e-kart.com.ar\/index.php?rest_route=\/wp\/v2\/posts\/46424\/revisions\/46426"}],"wp:featuredmedia":[{"embeddable":true,"href":"https:\/\/e-kart.com.ar\/index.php?rest_route=\/wp\/v2\/media\/46425"}],"wp:attachment":[{"href":"https:\/\/e-kart.com.ar\/index.php?rest_route=%2Fwp%2Fv2%2Fmedia&parent=46424"}],"wp:term":[{"taxonomy":"category","embeddable":true,"href":"https:\/\/e-kart.com.ar\/index.php?rest_route=%2Fwp%2Fv2%2Fcategories&post=46424"},{"taxonomy":"post_tag","embeddable":true,"href":"https:\/\/e-kart.com.ar\/index.php?rest_route=%2Fwp%2Fv2%2Ftags&post=46424"}],"curies":[{"name":"wp","href":"https:\/\/api.w.org\/{rel}","templated":true}]}}