{"id":46417,"date":"2026-09-02T17:57:32","date_gmt":"2026-09-02T20:57:32","guid":{"rendered":"https:\/\/e-kart.com.ar\/?p=46417"},"modified":"2026-09-02T18:03:52","modified_gmt":"2026-09-02T21:03:52","slug":"noreste-santafesino-avellaneda-recibe-el-septimo-capitulo-de-la-temporada","status":"publish","type":"post","link":"https:\/\/e-kart.com.ar\/?p=46417","title":{"rendered":"NORESTE SANTAFESINO: Avellaneda recibe el s\u00e9ptimo cap\u00edtulo de la temporada"},"content":{"rendered":"\n<p class=\"has-medium-font-size\"><em>La Asociaci\u00f3n Karting Noreste Santafesino afrontar\u00e1 este fin de semana una nueva cita de su calendario 2026. La actividad se desarrollar\u00e1 entre s\u00e1bado y domingo, con siete divisionales en pista.<\/em><\/p>\n\n\n\n<figure class=\"wp-block-image size-full\"><a href=\"https:\/\/e-kart.com.ar\/wp-content\/uploads\/2026\/09\/foto-4.jpg\"><img loading=\"lazy\" decoding=\"async\" width=\"960\" height=\"524\" src=\"https:\/\/e-kart.com.ar\/wp-content\/uploads\/2026\/09\/foto-4.jpg\" alt=\"\" class=\"wp-image-46419\" srcset=\"https:\/\/e-kart.com.ar\/wp-content\/uploads\/2026\/09\/foto-4.jpg 960w, https:\/\/e-kart.com.ar\/wp-content\/uploads\/2026\/09\/foto-4-300x164.jpg 300w, https:\/\/e-kart.com.ar\/wp-content\/uploads\/2026\/09\/foto-4-768x419.jpg 768w\" sizes=\"auto, (max-width: 960px) 100vw, 960px\" \/><\/a><\/figure>\n\n\n\n<p class=\"has-small-font-size\"><strong>Ph. Prensa AKNS<\/strong><\/p>\n\n\n\n<p><br><strong>Avellaneda, Santa Fe.<\/strong> El pr\u00f3ximo s\u00e1bado 5 y domingo 6 de septiembre, la Asociaci\u00f3n Karting Noreste Santafesino cumplir\u00e1 con la s\u00e9ptima fecha de su temporada en el kart\u00f3dromo del Complejo Polideportivo Municipal de Avellaneda.<\/p>\n\n\n\n<p>La programaci\u00f3n comenzar\u00e1 durante la tarde del s\u00e1bado, con una jornada destinada \u00edntegramente a las pruebas libres. La pista quedar\u00e1 habilitada desde las 14:30 y la actividad se extender\u00e1 hasta las 18:00, permitiendo a pilotos y equipos completar la puesta a punto antes de las competencias del domingo.<\/p>\n\n\n\n<p>El orden de salida para esos entrenamientos ser\u00e1 110cc Pre Escuela, 110cc Escuela, 150cc Pre Junior, 150cc S\u00faper M\u00e1ster, 150cc Junior, 150cc Senior y 150cc M\u00e1ster.<\/p>\n\n\n\n<p>El domingo comenzar\u00e1 la parte central del programa. Desde las 9:00 se desarrollar\u00e1n nuevas pruebas libres y, una vez cumplida esa instancia, llegar\u00e1 el turno de las series para cada una de las siete divisionales.<\/p>\n\n\n\n<p>Las bater\u00edas tendr\u00e1n diferentes extensiones de acuerdo con cada clase. La 110cc Pre Escuela disputar\u00e1 6 vueltas y la 110cc Escuela completar\u00e1 7. En las divisionales de 150cc, Pre Junior y S\u00faper M\u00e1ster tendr\u00e1n series de 8 giros, mientras que Junior, Senior y M\u00e1ster recorrer\u00e1n 9 vueltas.<\/p>\n\n\n\n<p>Luego ser\u00e1 el turno de las Finales, que cerrar\u00e1n la s\u00e9ptima presentaci\u00f3n del calendario. Pre Escuela tendr\u00e1 una carrera de 12 vueltas y Escuela, de 14. Por su parte, Pre Junior y S\u00faper M\u00e1ster disputar\u00e1n 16 giros, mientras que Junior, Senior y M\u00e1ster completar\u00e1n 18 vueltas cada una.<\/p>\n\n\n\n<p>De esta manera, el Karting Noreste Santafesino tiene definido el programa para una nueva presentaci\u00f3n en Avellaneda, con actividad repartida en dos jornadas y siete divisionales formando parte de la fecha.<\/p>\n\n\n\n<p><br>Inform\u00f3: E-Kart.com.ar<\/p>\n","protected":false},"excerpt":{"rendered":"<p>La Asociaci\u00f3n Karting Noreste Santafesino afrontar\u00e1 este fin de semana una nueva cita de su calendario 2026. La actividad se desarrollar\u00e1 entre s\u00e1bado y domingo, con siete divisionales en pista.<\/p>\n","protected":false},"author":1,"featured_media":46419,"comment_status":"closed","ping_status":"closed","sticky":false,"template":"","format":"standard","meta":{"footnotes":""},"categories":[2039,1951],"tags":[],"class_list":["post-46417","post","type-post","status-publish","format-standard","has-post-thumbnail","hentry","category-breves","category-noreste-santafesino"],"_links":{"self":[{"href":"https:\/\/e-kart.com.ar\/index.php?rest_route=\/wp\/v2\/posts\/46417","targetHints":{"allow":["GET"]}}],"collection":[{"href":"https:\/\/e-kart.com.ar\/index.php?rest_route=\/wp\/v2\/posts"}],"about":[{"href":"https:\/\/e-kart.com.ar\/index.php?rest_route=\/wp\/v2\/types\/post"}],"author":[{"embeddable":true,"href":"https:\/\/e-kart.com.ar\/index.php?rest_route=\/wp\/v2\/users\/1"}],"replies":[{"embeddable":true,"href":"https:\/\/e-kart.com.ar\/index.php?rest_route=%2Fwp%2Fv2%2Fcomments&post=46417"}],"version-history":[{"count":2,"href":"https:\/\/e-kart.com.ar\/index.php?rest_route=\/wp\/v2\/posts\/46417\/revisions"}],"predecessor-version":[{"id":46420,"href":"https:\/\/e-kart.com.ar\/index.php?rest_route=\/wp\/v2\/posts\/46417\/revisions\/46420"}],"wp:featuredmedia":[{"embeddable":true,"href":"https:\/\/e-kart.com.ar\/index.php?rest_route=\/wp\/v2\/media\/46419"}],"wp:attachment":[{"href":"https:\/\/e-kart.com.ar\/index.php?rest_route=%2Fwp%2Fv2%2Fmedia&parent=46417"}],"wp:term":[{"taxonomy":"category","embeddable":true,"href":"https:\/\/e-kart.com.ar\/index.php?rest_route=%2Fwp%2Fv2%2Fcategories&post=46417"},{"taxonomy":"post_tag","embeddable":true,"href":"https:\/\/e-kart.com.ar\/index.php?rest_route=%2Fwp%2Fv2%2Ftags&post=46417"}],"curies":[{"name":"wp","href":"https:\/\/api.w.org\/{rel}","templated":true}]}}