{"id":46408,"date":"2026-09-02T17:07:18","date_gmt":"2026-09-02T20:07:18","guid":{"rendered":"https:\/\/e-kart.com.ar\/?p=46408"},"modified":"2026-09-02T18:03:34","modified_gmt":"2026-09-02T21:03:34","slug":"iame-seris-argentina-zarate-recibira-el-cierre-de-la-etapa-regular","status":"publish","type":"post","link":"https:\/\/e-kart.com.ar\/?p=46408","title":{"rendered":"IAME SERIS ARGENTINA: Z\u00e1rate recibir\u00e1 el cierre de la Etapa Regular"},"content":{"rendered":"\n<p class=\"has-medium-font-size\"><em>Tras la suspensi\u00f3n de la Final Argentina prevista para este pr\u00f3ximo fin de semana, IAME Series Argentina reprogram\u00f3 la s\u00e9ptima fecha de la Champion Cup. La competencia se adelant\u00f3 una semana y se disputar\u00e1 el 26 y 27 de septiembre en Z\u00e1rate.<\/em><\/p>\n\n\n\n<figure class=\"wp-block-image size-full\"><a href=\"https:\/\/e-kart.com.ar\/wp-content\/uploads\/2026\/09\/foto-3.jpg\"><img loading=\"lazy\" decoding=\"async\" width=\"960\" height=\"524\" src=\"https:\/\/e-kart.com.ar\/wp-content\/uploads\/2026\/09\/foto-3.jpg\" alt=\"\" class=\"wp-image-46414\" srcset=\"https:\/\/e-kart.com.ar\/wp-content\/uploads\/2026\/09\/foto-3.jpg 960w, https:\/\/e-kart.com.ar\/wp-content\/uploads\/2026\/09\/foto-3-300x164.jpg 300w, https:\/\/e-kart.com.ar\/wp-content\/uploads\/2026\/09\/foto-3-768x419.jpg 768w\" sizes=\"auto, (max-width: 960px) 100vw, 960px\" \/><\/a><\/figure>\n\n\n\n<p><br><strong>CABA.<\/strong> La actividad de IAME Series Argentina debi\u00f3 reorganizarse luego de la suspensi\u00f3n de la Final Argentina, prevista originalmente para este pr\u00f3ximo fin de semana. Con ese panorama, la categor\u00eda oficializ\u00f3 c\u00f3mo continuar\u00e1 su calendario deportivo.<\/p>\n\n\n\n<p>Luego de que la CDA-Karting resolviera no autorizar el circuito de Gualeguay para la realizaci\u00f3n de la Final Argentina, IAME Series Argentina confirm\u00f3 que la <strong>Fecha #7 de la Champion Cup 2026 y cierra de la Etapara Regular<\/strong> se disputar\u00e1 los d\u00edas <strong>26 y 27 de septiembre<\/strong> en el <strong>Kart\u00f3dromo \u00abCiudad de Z\u00e1rate<\/strong>\u00ab.<\/p>\n\n\n\n<hr class=\"wp-block-separator has-alpha-channel-opacity\"\/>\n\n\n<div class=\"wp-block-image\">\n<figure class=\"aligncenter size-full\"><a href=\"https:\/\/www.instagram.com\/hotelplazaitalia\/\" target=\"_blank\" rel=\" noreferrer noopener\"><img loading=\"lazy\" decoding=\"async\" width=\"900\" height=\"179\" src=\"https:\/\/e-kart.com.ar\/wp-content\/uploads\/2026\/09\/banner_HPIZ_900x180.jpg\" alt=\"\" class=\"wp-image-46421\" srcset=\"https:\/\/e-kart.com.ar\/wp-content\/uploads\/2026\/09\/banner_HPIZ_900x180.jpg 900w, https:\/\/e-kart.com.ar\/wp-content\/uploads\/2026\/09\/banner_HPIZ_900x180-300x60.jpg 300w, https:\/\/e-kart.com.ar\/wp-content\/uploads\/2026\/09\/banner_HPIZ_900x180-768x153.jpg 768w\" sizes=\"auto, (max-width: 900px) 100vw, 900px\" \/><\/a><\/figure>\n<\/div>\n\n\n<hr class=\"wp-block-separator has-alpha-channel-opacity\"\/>\n\n\n\n<p>La competencia estaba prevista originalmente para el <strong>3 y 4 de octubre<\/strong>, pero la organizaci\u00f3n resolvi\u00f3 <strong>adelantarla una semana<\/strong> para reordenar el calendario. De esta manera, Z\u00e1rate ser\u00e1 escenario del cierre de la Etapa Regular, instancia que definir\u00e1 a los pilotos que acceder\u00e1n al Play Off o Copa de Oro en busca de los t\u00edtulos de la temporada.<\/p>\n\n\n\n<p>Adem\u00e1s de los puntos correspondientes al Campeonato 2026, durante el mismo fin de semana se desarrollar\u00e1 el sistema especial <strong>Road to Viterbo<\/strong>, que definir\u00e1 los cupos para la <strong>IAME World Final<\/strong> o, en su defecto, los premios alternativos previstos para esta competencia.<\/p>\n\n\n\n<p>En paralelo tambi\u00e9n se disputar\u00e1 el <strong>IAME Pass 2027<\/strong>, destinado a pilotos que hayan participado en <strong>no m\u00e1s de dos fechas<\/strong> durante la temporada 2026, como as\u00ed tambi\u00e9n a aquellos que <strong>nunca hayan competido en IAME Series Argentina<\/strong>.<\/p>\n\n\n\n<p>La organizaci\u00f3n adelant\u00f3 que en los pr\u00f3ximos d\u00edas dar\u00e1 a conocer el formato deportivo, el sistema de puntuaci\u00f3n y las condiciones para la adjudicaci\u00f3n de los premios que estar\u00e1n en juego durante este evento especial en Z\u00e1rate.<\/p>\n\n\n\n<figure class=\"wp-block-image size-large is-resized\"><a href=\"https:\/\/e-kart.com.ar\/wp-content\/uploads\/2026\/09\/WhatsApp-Image-2026-09-02-at-16.55.32.jpeg\"><img loading=\"lazy\" decoding=\"async\" width=\"819\" height=\"1024\" src=\"https:\/\/e-kart.com.ar\/wp-content\/uploads\/2026\/09\/WhatsApp-Image-2026-09-02-at-16.55.32-819x1024.jpeg\" alt=\"\" class=\"wp-image-46412\" style=\"width:960px\" srcset=\"https:\/\/e-kart.com.ar\/wp-content\/uploads\/2026\/09\/WhatsApp-Image-2026-09-02-at-16.55.32-819x1024.jpeg 819w, https:\/\/e-kart.com.ar\/wp-content\/uploads\/2026\/09\/WhatsApp-Image-2026-09-02-at-16.55.32-240x300.jpeg 240w, https:\/\/e-kart.com.ar\/wp-content\/uploads\/2026\/09\/WhatsApp-Image-2026-09-02-at-16.55.32-768x960.jpeg 768w, https:\/\/e-kart.com.ar\/wp-content\/uploads\/2026\/09\/WhatsApp-Image-2026-09-02-at-16.55.32.jpeg 1080w\" sizes=\"auto, (max-width: 819px) 100vw, 819px\" \/><\/a><\/figure>\n\n\n\n<p><br>Inform\u00f3: E-Kart.com.ar<br><\/p>\n","protected":false},"excerpt":{"rendered":"<p>Tras la suspensi\u00f3n de la Final Argentina prevista para este fin de semana, IAME Series Argentina reprogram\u00f3 la s\u00e9ptima fecha de la Champion Cup. La competencia se adelant\u00f3 una semana y se disputar\u00e1 el 26 y 27 de septiembre en Z\u00e1rate.<\/p>\n","protected":false},"author":1,"featured_media":46414,"comment_status":"closed","ping_status":"closed","sticky":false,"template":"","format":"standard","meta":{"footnotes":""},"categories":[2039,2083,1983],"tags":[],"class_list":["post-46408","post","type-post","status-publish","format-standard","has-post-thumbnail","hentry","category-breves","category-destacada","category-iame-series-argentina"],"_links":{"self":[{"href":"https:\/\/e-kart.com.ar\/index.php?rest_route=\/wp\/v2\/posts\/46408","targetHints":{"allow":["GET"]}}],"collection":[{"href":"https:\/\/e-kart.com.ar\/index.php?rest_route=\/wp\/v2\/posts"}],"about":[{"href":"https:\/\/e-kart.com.ar\/index.php?rest_route=\/wp\/v2\/types\/post"}],"author":[{"embeddable":true,"href":"https:\/\/e-kart.com.ar\/index.php?rest_route=\/wp\/v2\/users\/1"}],"replies":[{"embeddable":true,"href":"https:\/\/e-kart.com.ar\/index.php?rest_route=%2Fwp%2Fv2%2Fcomments&post=46408"}],"version-history":[{"count":5,"href":"https:\/\/e-kart.com.ar\/index.php?rest_route=\/wp\/v2\/posts\/46408\/revisions"}],"predecessor-version":[{"id":46422,"href":"https:\/\/e-kart.com.ar\/index.php?rest_route=\/wp\/v2\/posts\/46408\/revisions\/46422"}],"wp:featuredmedia":[{"embeddable":true,"href":"https:\/\/e-kart.com.ar\/index.php?rest_route=\/wp\/v2\/media\/46414"}],"wp:attachment":[{"href":"https:\/\/e-kart.com.ar\/index.php?rest_route=%2Fwp%2Fv2%2Fmedia&parent=46408"}],"wp:term":[{"taxonomy":"category","embeddable":true,"href":"https:\/\/e-kart.com.ar\/index.php?rest_route=%2Fwp%2Fv2%2Fcategories&post=46408"},{"taxonomy":"post_tag","embeddable":true,"href":"https:\/\/e-kart.com.ar\/index.php?rest_route=%2Fwp%2Fv2%2Ftags&post=46408"}],"curies":[{"name":"wp","href":"https:\/\/api.w.org\/{rel}","templated":true}]}}