{"id":46387,"date":"2026-09-02T10:53:43","date_gmt":"2026-09-02T13:53:43","guid":{"rendered":"https:\/\/e-kart.com.ar\/?p=46387"},"modified":"2026-09-02T11:02:41","modified_gmt":"2026-09-02T14:02:41","slug":"chaqueno-tierra-charata-recupero-una-cita-con-grandes-carreras","status":"publish","type":"post","link":"https:\/\/e-kart.com.ar\/?p=46387","title":{"rendered":"CHAQUE\u00d1O TIERRA: Charata recuper\u00f3 una cita con grandes carreras"},"content":{"rendered":"\n<p class=\"has-medium-font-size\"><em>El Campeonato Provincial de Karting Chaque\u00f1o en Tierra complet\u00f3 las Fechas 6 y 7 en el circuito del Chaco Karting Club. La doble jornada marc\u00f3 el regreso del certamen a ese escenario despu\u00e9s de m\u00e1s de mil d\u00edas.<\/em><\/p>\n\n\n\n<figure class=\"wp-block-image size-full\"><a href=\"https:\/\/e-kart.com.ar\/wp-content\/uploads\/2026\/09\/foto-1.jpg\"><img loading=\"lazy\" decoding=\"async\" width=\"960\" height=\"524\" src=\"https:\/\/e-kart.com.ar\/wp-content\/uploads\/2026\/09\/foto-1.jpg\" alt=\"\" class=\"wp-image-46389\" srcset=\"https:\/\/e-kart.com.ar\/wp-content\/uploads\/2026\/09\/foto-1.jpg 960w, https:\/\/e-kart.com.ar\/wp-content\/uploads\/2026\/09\/foto-1-300x164.jpg 300w, https:\/\/e-kart.com.ar\/wp-content\/uploads\/2026\/09\/foto-1-768x419.jpg 768w\" sizes=\"auto, (max-width: 960px) 100vw, 960px\" \/><\/a><\/figure>\n\n\n\n<p class=\"has-small-font-size\">Ph. Prensa Chaco Karting Club (<a href=\"https:\/\/www.instagram.com\/chacokarting\/\" target=\"_blank\" rel=\"noreferrer noopener\">@chacokarting<\/a>)<\/p>\n\n\n\n<p><br><strong>Charata, Chaco.<\/strong> El pasado fin de semana, el Campeonato Provincial de Karting Chaque\u00f1o en Tierra volvi\u00f3 a presentarse en el circuito del Chaco Karting Club, en Charata, donde disput\u00f3 las Fechas 6 y 7 de su calendario.<\/p>\n\n\n\n<p>La doble programaci\u00f3n propuso dos jornadas con condiciones muy diferentes. El s\u00e1bado, la llovizna complic\u00f3 el desarrollo de la actividad y oblig\u00f3 a extender el cronograma hasta cerca de las 21, aunque pudo completarse todo lo previsto. El domingo, con el sol como aliado, las competencias avanzaron seg\u00fan lo programado y alrededor de las 16 ya hab\u00eda concluido la actividad.<\/p>\n\n\n\n<p>El escenario respondi\u00f3 en buenas condiciones durante todo el fin de semana y permiti\u00f3 que las distintas divisionales entregaran carreras muy disputadas. La organizaci\u00f3n del Chaco Karting Club acompa\u00f1\u00f3 la exigencia de una programaci\u00f3n doble, que signific\u00f3 adem\u00e1s el retorno del karting chaque\u00f1o a Charata despu\u00e9s de m\u00e1s de mil d\u00edas.<\/p>\n\n\n\n<p>En la Fecha 6, disputada el s\u00e1bado, Javier Nieto se impuso en Kayak 195, seguido por Enrique V\u00e1zquez y Pablito Maurino. Escuela tuvo dos finales y ambas quedaron en poder de Agust\u00edn Saguir, quien en las dos oportunidades fue escoltado por Mart\u00edn Alejandro Mac\u00edas y Thiago H\u00e9ctor Coria.<\/p>\n\n\n\n<p>Lucciano Carlisi fue el vencedor sabatino en Varilleros 190, con Roly L\u00f3pez y Facundo Garc\u00eda completando los tres primeros puestos. En Varilleros 150, Emiliano Belich encabez\u00f3 la clasificaci\u00f3n final por delante de Esteban Rodr\u00edguez y Gian Marco Giraudo, mientras que Brian Monferrer se llev\u00f3 la victoria en Varilleros 175, escoltado por Fausto Vicente y Aaron Nusbaum.<\/p>\n\n\n\n<p>El domingo, la Fecha 7 renov\u00f3 la lucha por los primeros lugares y present\u00f3 nuevos vencedores en todas las divisionales. Enrique V\u00e1zquez se qued\u00f3 con Kayak 195, superando a Javier Nieto y Sebasti\u00e1n Mir\u00f3n, mientras que Mart\u00edn Alejandro Mac\u00edas domin\u00f3 las dos competencias de Escuela. En la primera fue escoltado por Sof\u00eda Gay y Salvador \u00c1lvarez, y en la restante Agust\u00edn Saguir termin\u00f3 segundo y Gay ocup\u00f3 el tercer puesto.<\/p>\n\n\n\n<p>Roly L\u00f3pez consigui\u00f3 el triunfo en Varilleros 190, seguido por Sebasti\u00e1n Rodr\u00edguez y Facundo Garc\u00eda. Teo Iv\u00e1n se llev\u00f3 la Final de Varilleros 150, donde Esteban Rodr\u00edguez y Patricio Storani completaron los tres primeros lugares.<\/p>\n\n\n\n<p>En Varilleros 175, Tiago N\u00fa\u00f1ez Verza cerr\u00f3 la doble jornada con la victoria en la Fecha 7. Ciro Villalba finaliz\u00f3 segundo y Brian Monferrer, ganador el d\u00eda anterior, ocup\u00f3 el tercer puesto.<\/p>\n\n\n\n<p>De esta manera, el Campeonato Provincial de Karting Chaque\u00f1o en Tierra complet\u00f3 su esperado regreso a Charata con dos jornadas de actividad y diez finales disputadas entre s\u00e1bado y domingo. Seg\u00fan se anticip\u00f3 durante el fin de semana, la Fecha 8 se desarrollar\u00e1 en septiembre en el trazado del Club Deportivo Comercio de Santa Sylvina.<\/p>\n\n\n\n<p class=\"has-medium-font-size\"><br><strong><mark style=\"background-color:rgba(0, 0, 0, 0)\" class=\"has-inline-color has-luminous-vivid-orange-color\">TRANSMISION OFICIAL<\/mark><\/strong><\/p>\n\n\n\n<figure class=\"wp-block-embed is-type-video is-provider-youtube wp-block-embed-youtube wp-embed-aspect-16-9 wp-has-aspect-ratio\"><div class=\"wp-block-embed__wrapper\">\n<iframe loading=\"lazy\" title=\"7\u00b0 FECHA CPKT - CHARATA\" width=\"1110\" height=\"624\" src=\"https:\/\/www.youtube.com\/embed\/N3Bd6WV08Aw?feature=oembed\" frameborder=\"0\" allow=\"accelerometer; autoplay; clipboard-write; encrypted-media; gyroscope; picture-in-picture; web-share\" referrerpolicy=\"strict-origin-when-cross-origin\" allowfullscreen><\/iframe>\n<\/div><\/figure>\n\n\n\n<p class=\"has-medium-font-size\"><br><strong><mark style=\"background-color:rgba(0, 0, 0, 0)\" class=\"has-inline-color has-luminous-vivid-orange-color\">RESULTADOS FINALES &#8211; FECHA 6<\/mark><\/strong><\/p>\n\n\n\n<p><strong>KAYAK 195<\/strong><br><strong>Final:<\/strong> 1. Nieto Javier, 2. Vazquez Enrique, 3. Maurino Pablito, 4. Parij Nicol\u00e1s, 5. Mir\u00f3n Sebasti\u00e1n, 6. Lopez Diego, 7. Gua\u00f1abens Sebasti\u00e1n, 8. Meza Matias, 9. Romero Cesar, Nc. Villareal German, Sv. Bea Edgardo, Sv. Albrecht Brian, Sv. Yvanovich Nicol\u00e1s, Sv. Storani Nazareno.<\/p>\n\n\n\n<p><strong>ESCUELA<\/strong><br><strong>Final A:<\/strong> 1. Saguir Agust\u00edn, 2. Mac\u00edas Mart\u00edn Alejandro, 3. Coria Thiago Hector, 4. Ciminari Mateo, 5. Mir\u00f3n Emilio, 6. \u00c1lvarez Salvador, 7. Gay Sofia, 8. Belich Antuan, 9. Elalle Francisco Agust\u00edn, 10. Coddutti Benjam\u00edn.<br><strong>Final B:<\/strong> 1. Saguir Agust\u00edn, 2. Mac\u00edas Mart\u00edn Alejandro, 3. Coria Thiago Hector, 4. \u00c1lvarez Salvador, 5. Mir\u00f3n Emilio, 6. Ciminari Mateo, 7. Coddutti Benjam\u00edn, 8. Gay Sofia, 9. Elalle Francisco Agust\u00edn, 10. Belich Antuan.<\/p>\n\n\n\n<p><strong>VARILLEROS 190<\/strong><br><strong>Final:<\/strong> 1. Carlisi Lucciano, 2. Lopez Roly, 3. Garc\u00eda Facundo, 4. Iturrospe Jos\u00e9, 5. Rodriguez Sebasti\u00e1n, 6. Ocantos Leonardo, 7. Storani Ignacio, 8. Pauluk Eber, 9. Videnoff Victor, 10. Juarez Milton Joel, 11. Mocca Danilo, Nc. Nicolas Sebastian, Nc. Vallejos Martin, Nc. Quiroga Andr\u00e9s, Ex. Strohschein Franco.<\/p>\n\n\n\n<p><strong>VARILLEROS 150<\/strong><br><strong>Final:<\/strong> 1. Belich Emiliano, 2. Rodriguez Esteban, 3. Giraudo Gian Marco, 4. Mir\u00f3n Joaqu\u00edn, 5. Mac\u00edas Mart\u00edn Alejandro, 6. Ocantos Zamora Fernando, 7. Della Savia Miqueas, 8. Ivan Teo, Ex. Mac\u00edas Santiago Roberto, Ex. Storani Patricio.<\/p>\n\n\n\n<p><strong>VARILLEROS 175<\/strong><br><strong>Final:<\/strong> 1. Monferrer Brian, 2. Vicente Fausto, 3. Nusbaum Aaron, 4. Fernandez Nicol\u00e1s, 5. Vallarino Valent\u00edn, 6. Mac\u00edas Tom\u00e1s, 7. Herasimchuk Gonzalo, 8. Garc\u00eda Juan Cruz, 9. Perez Maximiliano, 10. Centofanti Santiago, 11. Froschauer Juan Manuel, 12. Sosa Cordero Leonel, Nc. Nu\u00f1ez Verza Tiago, Nc. Herasimchuk Lucas, Nc. Nieto Ignacio, Sv. Villalba Ciro, Ex. Pogorzelec Lucas.<\/p>\n\n\n\n<p><br><strong><mark style=\"background-color:rgba(0, 0, 0, 0)\" class=\"has-inline-color has-luminous-vivid-orange-color\">Resultados completos &#8211;> <\/mark><\/strong><a href=\"https:\/\/speedhive.mylaps.com\/events\/3683751\" target=\"_blank\" rel=\"noreferrer noopener\">Fecha #6<\/a><\/p>\n\n\n\n<p class=\"has-medium-font-size\"><br><strong><mark style=\"background-color:rgba(0, 0, 0, 0)\" class=\"has-inline-color has-luminous-vivid-orange-color\">RESULTADOS FINALES &#8211; FECHA 7<\/mark><\/strong><\/p>\n\n\n\n<p><strong>KAYAK 195<\/strong><br><strong>Final:<\/strong> 1. Vazquez Enrique, 2. Nieto Javier, 3. Mir\u00f3n Sebasti\u00e1n, 4. Maurino Pablito, 5. Meza Matias, 6. Villareal German, 7. Storani Nazareno, 8. Romero Cesar, 9. Lopez Diego, 10. Bea Edgardo, 11. Albrecht Brian, Nc. Parij Nicol\u00e1s, Sv. Gua\u00f1abens Sebasti\u00e1n.<\/p>\n\n\n\n<p><strong>ESCUELA<\/strong><br><strong>Final A:<\/strong> 1. Mac\u00edas Mart\u00edn Alejandro, 2. Gay Sofia, 3. \u00c1lvarez Salvador, 4. Mir\u00f3n Emilio, 5. Ciminari Mateo, 6. Coddutti Benjam\u00edn, 7. Elalle Francisco Agust\u00edn, 8. Belich Antuan, 9. Coria Thiago Hector, Ex. Saguir Agust\u00edn.<br><strong>Final B:<\/strong> 1. Mac\u00edas Mart\u00edn Alejandro, 2. Saguir Agust\u00edn, 3. Gay Sofia, 4. \u00c1lvarez Salvador, 5. Mir\u00f3n Emilio, 6. Ciminari Mateo, 7. Elalle Francisco Agust\u00edn, 8. Belich Antuan, Sv. Coddutti Benjam\u00edn, Ex. Coria Thiago Hector.<\/p>\n\n\n\n<p><strong>VARILLEROS 190<\/strong><br><strong>Final:<\/strong> 1. Lopez Roly, 2. Rodriguez Sebasti\u00e1n, 3. Garc\u00eda Facundo, 4. Strohschein Franco, 5. Iturrospe Jos\u00e9, 6. Quiroga Andr\u00e9s, 7. Ocantos Leonardo, 8. Storani Ignacio, 9. Vallejos Martin, 10. Mocca Danilo, 11. Juarez Milton Joel, 12. Carlisi Lucciano, Nc. Pauluk Eber, Sv. Nicolas Sebastian, Sv. Videnoff Victor.<\/p>\n\n\n\n<p><strong>VARILLEROS 150<\/strong><br><strong>Final:<\/strong> 1. Ivan Teo, 2. Rodriguez Esteban, 3. Storani Patricio, 4. Mac\u00edas Santiago Roberto, 5. Mir\u00f3n Joaqu\u00edn, 6. Mac\u00edas Mart\u00edn Alejandro, 7. Della Savia Miqueas, 8. Ocantos Zamora Fernando, Nc. Belich Emiliano, Sv. Giraudo Gian Marco.<\/p>\n\n\n\n<p><strong>VARILLEROS 175<\/strong><br><strong>Final:<\/strong> 1. Nu\u00f1ez Verza Tiago, 2. Villalba Ciro, 3. Monferrer Brian, 4. Herasimchuk Gonzalo, 5. Nusbaum Aaron, 6. Herasimchuk Lucas, 7. Perez Maximiliano, 8. Froschauer Juan Manuel, 9. Mac\u00edas Tom\u00e1s, 10. Sosa Cordero Leonel, 11. Centofanti Santiago, 12. Vallarino Valent\u00edn, 13. Pogorzelec Lucas, Sv. Fernandez Nicol\u00e1s, Sv. Nieto Ignacio, Sv. Garc\u00eda Juan Cruz, Ex. Vicente Fausto.<\/p>\n\n\n\n<p><br><strong><mark style=\"background-color:rgba(0, 0, 0, 0)\" class=\"has-inline-color has-luminous-vivid-orange-color\">Resultados completos &#8211;> <\/mark><\/strong><a href=\"https:\/\/speedhive.mylaps.com\/events\/3683910\" target=\"_blank\" rel=\"noreferrer noopener\">Fecha #7<\/a><\/p>\n\n\n\n<p><br>Inform\u00f3: E-Kart.com.ar<\/p>\n","protected":false},"excerpt":{"rendered":"<p>El Campeonato Provincial de Karting Chaque\u00f1o en Tierra complet\u00f3 las Fechas 6 y 7 en el circuito del Chaco Karting Club. La doble jornada marc\u00f3 el regreso del certamen a ese escenario despu\u00e9s de m\u00e1s de mil d\u00edas.<\/p>\n","protected":false},"author":1,"featured_media":46389,"comment_status":"closed","ping_status":"closed","sticky":false,"template":"","format":"standard","meta":{"footnotes":""},"categories":[2039,2016],"tags":[],"class_list":["post-46387","post","type-post","status-publish","format-standard","has-post-thumbnail","hentry","category-breves","category-chaqueno-tierra"],"_links":{"self":[{"href":"https:\/\/e-kart.com.ar\/index.php?rest_route=\/wp\/v2\/posts\/46387","targetHints":{"allow":["GET"]}}],"collection":[{"href":"https:\/\/e-kart.com.ar\/index.php?rest_route=\/wp\/v2\/posts"}],"about":[{"href":"https:\/\/e-kart.com.ar\/index.php?rest_route=\/wp\/v2\/types\/post"}],"author":[{"embeddable":true,"href":"https:\/\/e-kart.com.ar\/index.php?rest_route=\/wp\/v2\/users\/1"}],"replies":[{"embeddable":true,"href":"https:\/\/e-kart.com.ar\/index.php?rest_route=%2Fwp%2Fv2%2Fcomments&post=46387"}],"version-history":[{"count":4,"href":"https:\/\/e-kart.com.ar\/index.php?rest_route=\/wp\/v2\/posts\/46387\/revisions"}],"predecessor-version":[{"id":46392,"href":"https:\/\/e-kart.com.ar\/index.php?rest_route=\/wp\/v2\/posts\/46387\/revisions\/46392"}],"wp:featuredmedia":[{"embeddable":true,"href":"https:\/\/e-kart.com.ar\/index.php?rest_route=\/wp\/v2\/media\/46389"}],"wp:attachment":[{"href":"https:\/\/e-kart.com.ar\/index.php?rest_route=%2Fwp%2Fv2%2Fmedia&parent=46387"}],"wp:term":[{"taxonomy":"category","embeddable":true,"href":"https:\/\/e-kart.com.ar\/index.php?rest_route=%2Fwp%2Fv2%2Fcategories&post=46387"},{"taxonomy":"post_tag","embeddable":true,"href":"https:\/\/e-kart.com.ar\/index.php?rest_route=%2Fwp%2Fv2%2Ftags&post=46387"}],"curies":[{"name":"wp","href":"https:\/\/api.w.org\/{rel}","templated":true}]}}