{"id":46376,"date":"2026-09-02T09:36:01","date_gmt":"2026-09-02T12:36:01","guid":{"rendered":"https:\/\/e-kart.com.ar\/?p=46376"},"modified":"2026-09-02T09:36:01","modified_gmt":"2026-09-02T12:36:01","slug":"trelewense-doble-fecha-a-pleno-en-el-valle","status":"publish","type":"post","link":"https:\/\/e-kart.com.ar\/?p=46376","title":{"rendered":"TRELEWENSE: Doble fecha a pleno en el Valle"},"content":{"rendered":"\n<p class=\"has-medium-font-size\"><em>El Karting Trelewense disput\u00f3 la quinta y sexta fecha de la temporada 2026 en el Kart\u00f3dromo \u201cIngeniero Juan Albertella\u201d. La programaci\u00f3n doble permiti\u00f3 avanzar hasta la mitad del calendario con cinco divisionales en pista.<\/em><\/p>\n\n\n\n<figure class=\"wp-block-image size-full\"><a href=\"https:\/\/e-kart.com.ar\/wp-content\/uploads\/2026\/09\/foto.jpg\"><img loading=\"lazy\" decoding=\"async\" width=\"960\" height=\"524\" src=\"https:\/\/e-kart.com.ar\/wp-content\/uploads\/2026\/09\/foto.jpg\" alt=\"\" class=\"wp-image-46378\" srcset=\"https:\/\/e-kart.com.ar\/wp-content\/uploads\/2026\/09\/foto.jpg 960w, https:\/\/e-kart.com.ar\/wp-content\/uploads\/2026\/09\/foto-300x164.jpg 300w, https:\/\/e-kart.com.ar\/wp-content\/uploads\/2026\/09\/foto-768x419.jpg 768w\" sizes=\"auto, (max-width: 960px) 100vw, 960px\" \/><\/a><\/figure>\n\n\n\n<p class=\"has-small-font-size\">Ph. Aguila Prensa (<a href=\"https:\/\/www.instagram.com\/aguilaprensa\/\" target=\"_blank\" rel=\"noreferrer noopener\">@aguilaprensa<\/a>)<\/p>\n\n\n\n<p><br><strong>Trelew, Chubut.<\/strong> El pasado fin de semana, el Karting Trelewense volvi\u00f3 a pista en el Kart\u00f3dromo \u201cIngeniero Juan Albertella\u201d, donde se desarrollaron la quinta y sexta fecha del campeonato 2026 bajo la fiscalizaci\u00f3n de la Federaci\u00f3n Chubutense de Automovilismo.<\/p>\n\n\n\n<p>La presentaci\u00f3n tuvo un formato especial, con dos cap\u00edtulos puntuables concentrados durante el mismo fin de semana. La actividad reuni\u00f3 a las divisionales 110 4T, Kayak 150, Mini, Varillero 150 Senior y Varillero 150 Master, en una cita que adem\u00e1s marc\u00f3 el regreso a pista de los pilotos m\u00e1s peque\u00f1os luego del receso invernal.<\/p>\n\n\n\n<p>Con esta doble programaci\u00f3n, el certamen alcanz\u00f3 la mitad del calendario previsto para 2026. Cada fecha cont\u00f3 con su respectiva clasificaci\u00f3n y Final, dejando diferentes protagonistas a lo largo de las dos jornadas.<\/p>\n\n\n\n<p>En 110 4T, Tiziano Gonz\u00e1lez comenz\u00f3 al frente en la Fecha 5. Marc\u00f3 la pole position con 1:00.067 y luego se qued\u00f3 con la Final, escoltado por Santiago Taurelli y Kevin Albarrac\u00edn. Para la Fecha 6 cambi\u00f3 el nombre de referencia: Santino Taurelli fue el m\u00e1s r\u00e1pido en clasificaci\u00f3n, con 43.326, y posteriormente consigui\u00f3 el triunfo. Nazareno Salem termin\u00f3 segundo y Albarrac\u00edn volvi\u00f3 a ocupar el tercer puesto.<\/p>\n\n\n\n<p>Mateo Godoy Giavedoni tuvo un papel destacado en Kayak 150. En la primera de las dos fechas consigui\u00f3 la pole con 55.810 y se impuso en la Final por delante de Emanuel Garcette y Mart\u00edn Luthard. En la Fecha 6 volvi\u00f3 a comandar la clasificaci\u00f3n, esta vez con 40.672, mientras que Luthard se llev\u00f3 la victoria en la Final. Fabi\u00e1n Mor\u00f3n fue segundo y Godoy Giavedoni complet\u00f3 los tres primeros.<\/p>\n\n\n\n<p>La divisional Mini tuvo a Juan Mart\u00edn Fern\u00e1ndez como principal referencia del fin de semana. El piloto encabez\u00f3 la clasificaci\u00f3n de la Fecha 5 con 1:00.781 y posteriormente gan\u00f3 la Final, seguido por Tiziano Cabrera y Benjam\u00edn Ortega. En la Fecha 6 volvi\u00f3 a quedarse con la pole, con un registro de 43.723, y repiti\u00f3 la victoria. Thiago Guill\u00e9n ocup\u00f3 el segundo lugar y Cabrera termin\u00f3 tercero.<\/p>\n\n\n\n<p>Leandro Del Villar domin\u00f3 las dos jornadas de Varillero 150 Senior. En la Fecha 5 fue el m\u00e1s r\u00e1pido en clasificaci\u00f3n con 56.435 y gan\u00f3 la Final, acompa\u00f1ado por Tiziano Sanhueza y Joaqu\u00edn Ins\u00faa. La Fecha 6 volvi\u00f3 a encontrarlo al frente desde la clasificaci\u00f3n, donde registr\u00f3 40.776, para luego sumar su segundo triunfo del fin de semana. Juan Bereilh finaliz\u00f3 segundo y Santiago Bilbao fue tercero.<\/p>\n\n\n\n<p>En Varillero 150 Master, Pablo Natale abri\u00f3 la programaci\u00f3n como poleman de la Fecha 5 con 57.994 y posteriormente se adjudic\u00f3 la Final. Facundo Jofre termin\u00f3 segundo y Gabriel Olivera complet\u00f3 los tres primeros. Natale volvi\u00f3 a dominar la clasificaci\u00f3n de la Fecha 6 con 41.600, aunque esta vez la victoria qued\u00f3 en manos de Jofre. Santiago Larrandart termin\u00f3 segundo y H\u00e9ctor Criado ocup\u00f3 el tercer lugar.<\/p>\n\n\n\n<p>La doble fecha dej\u00f3 as\u00ed completados dos nuevos cap\u00edtulos del Karting Trelewense y llev\u00f3 al campeonato hasta la mitad de su programaci\u00f3n 2026, luego de un fin de semana que concentr\u00f3 dos oportunidades puntuables para cada una de sus divisionales.<\/p>\n\n\n\n<p class=\"has-medium-font-size\"><br><strong><mark style=\"background-color:rgba(0, 0, 0, 0)\" class=\"has-inline-color has-luminous-vivid-orange-color\">RESULTADOS FINALES<\/mark><\/strong><\/p>\n\n\n\n<p><strong>110 4T<\/strong><br><strong>Final Fecha 5:<\/strong> 1. Tiziano Gonzalez, 2. Santino Taurelli, 3. Kevin Albarracin, 4. Ciro Spina, 5. Henry Jones, 6. Nazareno Salem, 7. Olivia Menendez.<br><strong>Final Fecha 6:<\/strong> 1. Santino Taurelli, 2. Nazareno Salem, 3. Kevin Albarracin, 4. Ciro Spina, 5. Tiziano Gonzalez, 6. Henry Jones, 7. Olivia Menendez.<\/p>\n\n\n\n<p><strong>KAYAK 150<\/strong><br><strong>Final Fecha 5:<\/strong> 1. Mateo Godoy Giavedoni, 2. Emanuel Garcette, 3. Martin Luthard, 4. Renzo Sastre, 5. Brian Hope Jones, 6. Emiliano Diaz, Nc. Fabian Moron.<br><strong>Final Fecha 6:<\/strong> 1. Martin Luthard, 2. Fabian Moron, 3. Mateo Godoy Giavedoni, Nc. Brian Hope Jones, Nc. Renzo Sastre, Nc. Emiliano Diaz, Ex. Emanuel Garcette.<\/p>\n\n\n\n<p><strong>MINI<\/strong><br><strong>Final Fecha 5:<\/strong> 1. Juan Martin Fernandez, 2. Tiziano Cabrera, 3. Benjamin Ortega, 4. Enzo Bereilh, 5. Benjamin Mu\u00f1oz, 6. Thiago Guillen, 7. Guiliano Nievas, 8. Mia Leon, 9. Bruno Chefi.<br><strong>Final Fecha 6:<\/strong> 1. Juan Martin Fernandez, 2. Thiago Guillen, 3. Tiziano Cabrera, 4. Benjamin Ortega, 5. Benjamin Mu\u00f1oz, 6. Bruno Chefi, 7. Mia Leon, Nc. Enzo Bereilh, Ex. Guiliano Nievas.<\/p>\n\n\n\n<p><strong>VARILLERO 150 SENIOR<\/strong><br><strong>Final Fecha 5:<\/strong> 1. Leandro Del Villar, 2. Tiziano Sanhueza, 3. Joaquin Insua, 4. Lucas Garcia, 5. Santiago Bilbao, 6. Federico Leon, 7. Franco Adamoli, 8. Lucas Oses, 9. Lumila Vera, 10. Sebastian Perez Ercoreca, 11. Dylan Roberts, 12. Kevin Albarracin, 13. Joaquin Suquia, 14. Juan Bereilh, 15. Agustin Bowen, Nc. Juan Cruz Olariaga, Nc. Steven Bustos, Nc. Ezequiel Alvarez.<br><strong>Final Fecha 6:<\/strong> 1. Leandro Del Villar, 2. Juan Bereilh, 3. Santiago Bilbao, 4. Tiziano Sanhueza, 5. Federico Leon, 6. Ezequiel Alvarez, 7. Lumila Vera, 8. Joaquin Suquia, 9. Dylan Roberts, 10. Kevin Albarracin, 11. Lucas Oses, 12. Joaquin Insua, 13. Agustin Bowen, 14. Lucas Garcia, Nc. Juan Cruz Olariaga, Nc. Franco Adamoli, Nc. Steven Bustos, Nc. Sebastian Perez Ercoreca.<\/p>\n\n\n\n<p><strong>VARILLERO 150 MASTER<\/strong><br><strong>Final Fecha 5:<\/strong> 1. Pablo Natale, 2. Facundo Jofre, 3. Gabriel Olivera, 4. Silvio Bastidas, 5. Jose Luis Bustamante, 6. Ruben Barroso, 7. Matias Villavicencio, 8. Juan Gando, Nc. Santiago Larrandart, Ex. Gerardo Lechelt.<br><strong>Final Fecha 6:<\/strong> 1. Facundo Jofre, 2. Santiago Larrandart, 3. Hector Criado, 4. Jose Luis Bustamante, 5. Silvio Bastidas, 6. Gabriel Olivera, 7. Ruben Barroso, 8. Juan Gando, 9. Matias Villavicencio, 10. Pablo Natale, Ex. Gerardo Lechelt.<\/p>\n\n\n\n<p><br>Fuente: FChA<br>Inform\u00f3: E-Kart.com.ar<\/p>\n","protected":false},"excerpt":{"rendered":"<p>El Karting Trelewense disput\u00f3 la quinta y sexta fecha de la temporada 2026 en el Kart\u00f3dromo \u201cIngeniero Juan Albertella\u201d. La programaci\u00f3n doble permiti\u00f3 avanzar hasta la mitad del calendario con cinco divisionales en pista.<\/p>\n","protected":false},"author":1,"featured_media":46378,"comment_status":"closed","ping_status":"closed","sticky":false,"template":"","format":"standard","meta":{"footnotes":""},"categories":[2039,2026],"tags":[],"class_list":["post-46376","post","type-post","status-publish","format-standard","has-post-thumbnail","hentry","category-breves","category-trelewense"],"_links":{"self":[{"href":"https:\/\/e-kart.com.ar\/index.php?rest_route=\/wp\/v2\/posts\/46376","targetHints":{"allow":["GET"]}}],"collection":[{"href":"https:\/\/e-kart.com.ar\/index.php?rest_route=\/wp\/v2\/posts"}],"about":[{"href":"https:\/\/e-kart.com.ar\/index.php?rest_route=\/wp\/v2\/types\/post"}],"author":[{"embeddable":true,"href":"https:\/\/e-kart.com.ar\/index.php?rest_route=\/wp\/v2\/users\/1"}],"replies":[{"embeddable":true,"href":"https:\/\/e-kart.com.ar\/index.php?rest_route=%2Fwp%2Fv2%2Fcomments&post=46376"}],"version-history":[{"count":2,"href":"https:\/\/e-kart.com.ar\/index.php?rest_route=\/wp\/v2\/posts\/46376\/revisions"}],"predecessor-version":[{"id":46379,"href":"https:\/\/e-kart.com.ar\/index.php?rest_route=\/wp\/v2\/posts\/46376\/revisions\/46379"}],"wp:featuredmedia":[{"embeddable":true,"href":"https:\/\/e-kart.com.ar\/index.php?rest_route=\/wp\/v2\/media\/46378"}],"wp:attachment":[{"href":"https:\/\/e-kart.com.ar\/index.php?rest_route=%2Fwp%2Fv2%2Fmedia&parent=46376"}],"wp:term":[{"taxonomy":"category","embeddable":true,"href":"https:\/\/e-kart.com.ar\/index.php?rest_route=%2Fwp%2Fv2%2Fcategories&post=46376"},{"taxonomy":"post_tag","embeddable":true,"href":"https:\/\/e-kart.com.ar\/index.php?rest_route=%2Fwp%2Fv2%2Ftags&post=46376"}],"curies":[{"name":"wp","href":"https:\/\/api.w.org\/{rel}","templated":true}]}}