{"id":46348,"date":"2026-09-01T12:11:20","date_gmt":"2026-09-01T15:11:20","guid":{"rendered":"https:\/\/e-kart.com.ar\/?p=46348"},"modified":"2026-09-01T12:11:20","modified_gmt":"2026-09-01T15:11:20","slug":"v-diamante-marco-el-rumbo-desde-la-clasificacion","status":"publish","type":"post","link":"https:\/\/e-kart.com.ar\/?p=46348","title":{"rendered":"V.DIAMANTE: Marc\u00f3 el rumbo desde la clasificaci\u00f3n"},"content":{"rendered":"<p class=\"has-medium-font-size\"><em>Con la pole position, un triunfo en las mangas y rendimiento para aspirar al podio, Valentino Diamante se instal\u00f3 entre los referentes de Junior Max. En el Evento #3 del \u2018Invierno\u2019, el piloto de Pilar construy\u00f3 un s\u00e1bado de alto nivel en Z\u00e1rate, pero un toque en la Final le impidi\u00f3 redondear el resultado.<\/em><\/p>\n<p><img decoding=\"async\" src=\"https:\/\/www.e-kartvirtualpress.com.ar\/vdiamante\/vdiamante_260830ro.jpg\"><\/p>\n<p><strong><br \/>Z\u00e1rate, Buenos Aires.<\/strong> El pasado fin de semana, Valentino Diamante se present\u00f3 en el Kart\u00f3dromo bonaerense \u2018Ciudad de Z\u00e1rate\u2019 para disputar el Evento #3 del Trofeo de Invierno de RMC Buenos Aires. El piloto de Pilar integr\u00f3 la divisional Junior Max en una presentaci\u00f3n que marc\u00f3 el \u00faltimo compromiso computable para la conformaci\u00f3n del H\u00e1ndicap con vistas a la RMC Final Argentina.<\/p>\n<p>Diamante comenz\u00f3 a marcar el rumbo desde la clasificaci\u00f3n del s\u00e1bado. Con el mejor registro de la sesi\u00f3n, se adue\u00f1\u00f3 de la pole position y asegur\u00f3 el lugar de privilegio para iniciar las mangas.<\/p>\n<p>El buen comienzo tuvo continuidad en la primera bater\u00eda, donde luch\u00f3 en el lote de punta y logr\u00f3 imponerse al completar el total de giros pactados para quedarse con la victoria. En la Manga 2, en cambio, debi\u00f3 conformarse con el P5, mientras que la \u00faltima salida de la jornada sabatina volvi\u00f3 a encontrarlo peleando en los puestos de vanguardia. Pese a verse perjudicado por una situaci\u00f3n en el inicio de la competencia, consigui\u00f3 recuperarse y avanzar hasta el P2.<\/p>\n<p>La cosecha obtenida durante la etapa clasificatoria le permiti\u00f3 asegurarse un lugar entre las primeras posiciones para la grilla de la Final del domingo. Sin embargo, la carrera decisiva tom\u00f3 un rumbo adverso apenas comenzada. Los roces producidos en los primeros tramos terminaron involucr\u00e1ndolo y, luego de un toque, debi\u00f3 abandonar con solamente dos vueltas cumplidas.<\/p>\n<p><img decoding=\"async\" src=\"https:\/\/www.e-kartvirtualpress.com.ar\/vdiamante\/vdiamante_3_260830ro.jpg\"><\/p>\n<p>De esta manera, el resultado de la Final no alcanz\u00f3 a reflejar el nivel que Diamante hab\u00eda exhibido durante buena parte del fin de semana, especialmente en un s\u00e1bado en el que consigui\u00f3 la pole position, una victoria y otro arribo en el P2.<\/p>\n<p>Al cerrar su presentaci\u00f3n, Valentino dedic\u00f3 su reconocimiento a quienes acompa\u00f1an su campa\u00f1a: <strong><em>\u201cQuiero agradecer a mi pap\u00e1, a mi mam\u00e1, a mi hermana, a mi abuelo, a todos mis familiares, a todo el equipo RG Racing, a Bubu, a mi mec\u00e1nico, a AGM por el motor, a mi nutricionista, a mi preparador f\u00edsico Charly Mellado, a OMP y a mi psic\u00f3logo deportivo. Por supuesto, mi agradecimiento a mis auspiciantes: Geron Seguros, Transporte Valdez Aguilar y Cobra Seguridad\u201d<\/em><\/strong>.<\/p>\n<p>Con los puntos reunidos en Z\u00e1rate, Valentino Diamante asciende al P4 del Trofeo de Invierno de RMC Buenos Aires con 131 unidades. Su pr\u00f3xima presentaci\u00f3n ser\u00e1 la RMC Final Argentina, del 18 al 20 de septiembre en el Kart\u00f3dromo \u2018Sudamericano\u2019, en Sunchales, Santa Fe, evento que definir\u00e1 los cupos para la IRMC Grand Finals.<\/p>\n<p><img decoding=\"async\" src=\"https:\/\/www.e-kartvirtualpress.com.ar\/vdiamante\/vdiamante_2_260830ro.jpg\"><\/p>\n<p>Ph. Prensa E-Kart<br \/>Inform\u00f3: E-Kart Virtual Press<\/p>\n","protected":false},"excerpt":{"rendered":"<p>Con la pole position, un triunfo en las mangas y rendimiento para aspirar al podio, Valentino Diamante se instal\u00f3 entre los referentes de Junior Max. En el Evento #3 del \u2018Invierno\u2019, el piloto de Pilar construy\u00f3 un s\u00e1bado de alto nivel en Z\u00e1rate, pero un toque en la Final le impidi\u00f3 redondear el resultado.<\/p>\n","protected":false},"author":1,"featured_media":46349,"comment_status":"closed","ping_status":"closed","sticky":false,"template":"","format":"standard","meta":{"footnotes":""},"categories":[1948,1955,1976],"tags":[],"class_list":["post-46348","post","type-post","status-publish","format-standard","has-post-thumbnail","hentry","category-pilotos-ekvp","category-rmc-buenos-aires","category-rmc-grand-nationals"],"_links":{"self":[{"href":"https:\/\/e-kart.com.ar\/index.php?rest_route=\/wp\/v2\/posts\/46348","targetHints":{"allow":["GET"]}}],"collection":[{"href":"https:\/\/e-kart.com.ar\/index.php?rest_route=\/wp\/v2\/posts"}],"about":[{"href":"https:\/\/e-kart.com.ar\/index.php?rest_route=\/wp\/v2\/types\/post"}],"author":[{"embeddable":true,"href":"https:\/\/e-kart.com.ar\/index.php?rest_route=\/wp\/v2\/users\/1"}],"replies":[{"embeddable":true,"href":"https:\/\/e-kart.com.ar\/index.php?rest_route=%2Fwp%2Fv2%2Fcomments&post=46348"}],"version-history":[{"count":1,"href":"https:\/\/e-kart.com.ar\/index.php?rest_route=\/wp\/v2\/posts\/46348\/revisions"}],"predecessor-version":[{"id":46350,"href":"https:\/\/e-kart.com.ar\/index.php?rest_route=\/wp\/v2\/posts\/46348\/revisions\/46350"}],"wp:featuredmedia":[{"embeddable":true,"href":"https:\/\/e-kart.com.ar\/index.php?rest_route=\/wp\/v2\/media\/46349"}],"wp:attachment":[{"href":"https:\/\/e-kart.com.ar\/index.php?rest_route=%2Fwp%2Fv2%2Fmedia&parent=46348"}],"wp:term":[{"taxonomy":"category","embeddable":true,"href":"https:\/\/e-kart.com.ar\/index.php?rest_route=%2Fwp%2Fv2%2Fcategories&post=46348"},{"taxonomy":"post_tag","embeddable":true,"href":"https:\/\/e-kart.com.ar\/index.php?rest_route=%2Fwp%2Fv2%2Ftags&post=46348"}],"curies":[{"name":"wp","href":"https:\/\/api.w.org\/{rel}","templated":true}]}}