{"id":46344,"date":"2026-09-01T11:49:00","date_gmt":"2026-09-01T14:49:00","guid":{"rendered":"https:\/\/e-kart.com.ar\/?p=46344"},"modified":"2026-09-01T11:49:39","modified_gmt":"2026-09-01T14:49:39","slug":"wk-lusqtoff-racing-kart-otro-fin-de-semana-de-intensa-actividad","status":"publish","type":"post","link":"https:\/\/e-kart.com.ar\/?p=46344","title":{"rendered":"WK L\u00dcSQTOFF Racing Kart: Otro fin de semana de intensa actividad"},"content":{"rendered":"<p class=\"has-medium-font-size\"><em>Con presencia en cinco divisionales, WK L\u00fcqstoff Racing Kart marc\u00f3 su paso en el Evento #3 del \u2018Invierno\u2019. Bruno Viglietti sobresali\u00f3 en su retorno a la DD2. La estructura dirigida por Eduardo Viglietti tambi\u00e9n tuvo un destacado desempe\u00f1o con los kartings el\u00e9ctricos, que volvieron a dejar muy buenas referencias en Z\u00e1rate.<\/em><\/p>\n<p><img decoding=\"async\" src=\"https:\/\/www.e-kartvirtualpress.com.ar\/eviglietti\/eviglietti_260830ro.jpg\" \/><\/p>\n<p><strong><br \/>\nZ\u00e1rate, Buenos Aires.<\/strong> El pasado fin de semana, WK L\u00fcqstoff Racing Kart afront\u00f3 el Evento #3 del Trofeo de Invierno de RMC Buenos Aires en el Kart\u00f3dromo \u2018Ciudad de Z\u00e1rate\u2019, en la provincia de Buenos Aires. El equipo dirigido por Eduardo Viglietti estuvo representado por Manuel Ca\u00f1izares en Micro Max; Bernardo Gubert, quien concret\u00f3 su debut en RMC Buenos Aires participando en Mini Max y E10 Mini; Renata Ramos y Augusto Gaona en Junior Max; y Bruno Viglietti en DD2, quien regres\u00f3 al certamen luego de algunas fechas de ausencia y realiz\u00f3 su primera presentaci\u00f3n en el Trofeo de Invierno.<\/p>\n<p>En Micro Max, <strong>Manuel Ca\u00f1izares<\/strong> mostr\u00f3 una marcada evoluci\u00f3n a lo largo de las pruebas. Despu\u00e9s del P19 en Clasificaci\u00f3n, avanz\u00f3 al P16 en la Manga 1, al P14 en la segunda y alcanz\u00f3 el P10 en la Manga 3. En la Final, un recargo por el procedimiento de largada lo releg\u00f3 al P19. Con 70 puntos, qued\u00f3 ubicado en el P15 del campeonato. <strong><em>\u201cEl fin de semana fue bueno. Estuvimos probando varias cosas en el auto y pudimos encontrar una buena puesta a punto. Me voy contento, aunque creo que todav\u00eda podemos mejorar un poco m\u00e1s. Ahora habr\u00e1 que seguir trabajando para la pr\u00f3xima\u201d<\/em><\/strong>, se\u00f1al\u00f3.<\/p>\n<p><img decoding=\"async\" src=\"https:\/\/www.e-kartvirtualpress.com.ar\/eviglietti\/eviglietti_2_260830ro.jpg\" \/><\/p>\n<p>El piloto de Brasil, <strong>Bernardo Gubert<\/strong>, concret\u00f3 su debut en RMC Buenos Aires con participaci\u00f3n en dos divisionales. En Mini Max comenz\u00f3 con el P19 en Clasificaci\u00f3n y, tras ocupar el P20 en la Manga 1, fue progresando hasta el P16 en la segunda y el P12 en la tercera. Cerr\u00f3 la Final en el P16. <strong><em>\u201cEl fin de semana no sali\u00f3 como esper\u00e1bamos. El motor no estaba funcionando bien y eso nos complic\u00f3. La expectativa era poder terminar, por lo menos, en el top 10, pero con el rendimiento del motor lo hizo muy dif\u00edcil\u201d<\/em><\/strong>, explic\u00f3 sobre su actuaci\u00f3n en la clase.<\/p>\n<p><img decoding=\"async\" src=\"https:\/\/www.e-kartvirtualpress.com.ar\/eviglietti\/eviglietti_3_260830ro.jpg\" \/><\/p>\n<p>El panorama fue diferente para Gubert en E10 Mini. Una sanci\u00f3n lo dej\u00f3 sin tiempos en Clasificaci\u00f3n, pero posteriormente consigui\u00f3 el P7 en la Serie y avanz\u00f3 hasta el P5 en la Final. Con esta actuaci\u00f3n qued\u00f3 P7 en el campeonato, con 43 puntos. <strong><em>\u201cCon los kartings el\u00e9ctricos fue distinto. Estuvimos muy bien. No hab\u00eda diferencias de motor ni de karting. Pudimos hacer buenas carreras\u201d<\/em><\/strong>, destac\u00f3.<\/p>\n<p><img decoding=\"async\" src=\"https:\/\/www.e-kartvirtualpress.com.ar\/eviglietti\/eviglietti_31_260830ro.jpg\" \/><\/p>\n<p>En Junior Max, <strong>Renata Ramos<\/strong> tuvo un fin de semana condicionado por distintas dificultades. Luego del P23 en Clasificaci\u00f3n, ocup\u00f3 esa misma posici\u00f3n en la Manga 1 y avanz\u00f3 al P22 en la segunda, mientras que no pudo completar vueltas en la tercera bater\u00eda. Su participaci\u00f3n termin\u00f3 anticipadamente en la Final despu\u00e9s de diez giros y qued\u00f3 P24 en el campeonato con 8 puntos. A pesar del resultado, rescat\u00f3 los avances conseguidos en su manejo: <strong><em>\u201cFue un fin de semana muy negativo. M\u00e1s all\u00e1 del resultado, me quedo con lo bueno y rescato todo lo que pude mejorar gracias al trabajo que hicimos con la telemetr\u00eda junto a Tommy V\u00e1zquez. Mejoramos mucho nuestros radios\u201d<\/em><\/strong>.<\/p>\n<p><img decoding=\"async\" src=\"https:\/\/www.e-kartvirtualpress.com.ar\/eviglietti\/eviglietti_4_260830ro.jpg\" \/><\/p>\n<p>Tambi\u00e9n en Junior Max, <strong>Augusto Gaona<\/strong> comenz\u00f3 con el P19 en Clasificaci\u00f3n y sostuvo esa posici\u00f3n durante las dos primeras mangas. Su mejor actuaci\u00f3n lleg\u00f3 en la tercera bater\u00eda, donde protagoniz\u00f3 un importante avance hasta cruzar la meta en el P13, aunque posteriormente un recargo por trompa lo ubic\u00f3 en el P16. En la Final, un toque provoc\u00f3 su abandono despu\u00e9s de tres vueltas. Gaona cerr\u00f3 el evento P23 en el campeonato, con 14 puntos. <strong><em>\u201cEl balance del fin de semana fue regular. En las dos primeras mangas pude mantener la posici\u00f3n y en la tercera logr\u00e9 avanzar. El problema fue que, para la Final, termin\u00e9 largando m\u00e1s atr\u00e1s de donde hab\u00eda clasificado y eso nos complic\u00f3 bastante. Despu\u00e9s tuve un toque que me dej\u00f3 afuera y no pude terminar la carrera\u201d<\/em><\/strong>, coment\u00f3.<\/p>\n<p><img decoding=\"async\" src=\"https:\/\/www.e-kartvirtualpress.com.ar\/eviglietti\/eviglietti_5_260830ro.jpg\" \/><\/p>\n<p>En DD2, <strong>Bruno Viglietti<\/strong> concret\u00f3 su regreso a RMC Buenos Aires mostrando inmediatamente ritmo para pelear en las posiciones de vanguardia. En su primera participaci\u00f3n dentro del Trofeo de Invierno consigui\u00f3 el P2 en Clasificaci\u00f3n y repiti\u00f3 esa posici\u00f3n en la Manga 1. Un inconveniente le impidi\u00f3 largar la segunda bater\u00eda, pero volvi\u00f3 al P2 en la tercera. En la Final logr\u00f3 recuperarse de distintos incidentes y cruz\u00f3 la meta en el P6, aunque un recargo por trompa determin\u00f3 su P7 definitivo.<\/p>\n<p>Con 54 puntos, qued\u00f3 P11 en el campeonato. <strong><em>\u201cFue un fin de semana complicado. Ten\u00edamos un muy buen ritmo y est\u00e1bamos para pelear bien adelante. En la segunda manga tuvimos un problema que no nos dej\u00f3 largar. En la Final tambi\u00e9n ven\u00edamos para pelear la punta, pero varios toques nos complicaron la carrera. Me tiraron afuera, pude seguir y recuperar, pero despu\u00e9s me volvieron a tocar y ah\u00ed ya se hizo muy dif\u00edcil. Iremos a Sunchales y tambi\u00e9n tenemos expectativas para el Sudamericano\u201d<\/em><\/strong>, resumi\u00f3.<\/p>\n<p><img decoding=\"async\" src=\"https:\/\/www.e-kartvirtualpress.com.ar\/eviglietti\/eviglietti_6_260830ro.jpg\" \/><\/p>\n<p>Al analizar el desempe\u00f1o de la estructura, <strong>Eduardo Viglietti<\/strong> valor\u00f3 especialmente los aspectos positivos que dejaron las distintas divisionales: <strong><em>\u201cEl balance general del fin de semana es bueno. En la categor\u00eda de kartings el\u00e9ctricos nos fue muy bien. En las clases Max de Rotax tambi\u00e9n hubo cosas muy positivas. Manu Ca\u00f1izares tuvo un muy buen funcionamiento y Bruno Viglietti ven\u00eda haciendo un gran trabajo, pero distintos toques en carrera terminaron complicando su resultado. Renata y Augusto tambi\u00e9n tuvieron algunos incidentes que no les permitieron cerrar el fin de semana como esperaban. M\u00e1s all\u00e1 de eso, estoy content\u00edsimo por el balance de la categor\u00eda de el\u00e9ctricos y me voy conforme con el trabajo de todo el equipo. Ahora queda seguir trabajando para llegar de la mejor manera a la pr\u00f3xima fecha\u201d<\/em><\/strong>.<\/p>\n<p>Antes de despedirse de Z\u00e1rate, el responsable de <strong>WK L\u00fcqstoff Racing Kart<\/strong> agreg\u00f3: <strong><em>\u201cQuiero agradecer a L\u00fcqstoff, a Siloc, a G2M, a LenzoKart, al Hotel Howard Johnson Undici y, muy especialmente, a todos los miembros del equipo\u201d<\/em><\/strong>.<\/p>\n<p>Con una clara evoluci\u00f3n en varias de sus divisionales, buenas referencias de rendimiento y un balance especialmente positivo en la propuesta de kartings el\u00e9ctricos impulsada por Eduardo Viglietti, WK L\u00fcqstoff Racing Kart cerr\u00f3 su participaci\u00f3n en Z\u00e1rate y ya enfoca su trabajo en la RMC Final Argentina. La cita se disputar\u00e1 del 18 al 20 de septiembre en el Kart\u00f3dromo \u2018Sudamericano\u2019, en Sunchales, Santa Fe, donde estar\u00e1n en juego los cupos para la IRMC Grand Finals.<\/p>\n<p>Ph. Prensa E-Kart<br \/>\nInform\u00f3: E-Kart Virtual Press<\/p>\n","protected":false},"excerpt":{"rendered":"<p>Con presencia en cinco divisionales, WK L\u00fcqstoff Racing Kart marc\u00f3 su paso en el Evento #3 del \u2018Invierno\u2019. Bruno Viglietti sobresali\u00f3 en su retorno a la DD2. La estructura dirigida por Eduardo Viglietti tambi\u00e9n tuvo un destacado desempe\u00f1o con los kartings el\u00e9ctricos, que volvieron a dejar muy buenas referencias en Z\u00e1rate.<\/p>\n","protected":false},"author":1,"featured_media":46345,"comment_status":"closed","ping_status":"closed","sticky":false,"template":"","format":"standard","meta":{"footnotes":""},"categories":[1948,1955,1976],"tags":[],"class_list":["post-46344","post","type-post","status-publish","format-standard","has-post-thumbnail","hentry","category-pilotos-ekvp","category-rmc-buenos-aires","category-rmc-grand-nationals"],"_links":{"self":[{"href":"https:\/\/e-kart.com.ar\/index.php?rest_route=\/wp\/v2\/posts\/46344","targetHints":{"allow":["GET"]}}],"collection":[{"href":"https:\/\/e-kart.com.ar\/index.php?rest_route=\/wp\/v2\/posts"}],"about":[{"href":"https:\/\/e-kart.com.ar\/index.php?rest_route=\/wp\/v2\/types\/post"}],"author":[{"embeddable":true,"href":"https:\/\/e-kart.com.ar\/index.php?rest_route=\/wp\/v2\/users\/1"}],"replies":[{"embeddable":true,"href":"https:\/\/e-kart.com.ar\/index.php?rest_route=%2Fwp%2Fv2%2Fcomments&post=46344"}],"version-history":[{"count":2,"href":"https:\/\/e-kart.com.ar\/index.php?rest_route=\/wp\/v2\/posts\/46344\/revisions"}],"predecessor-version":[{"id":46347,"href":"https:\/\/e-kart.com.ar\/index.php?rest_route=\/wp\/v2\/posts\/46344\/revisions\/46347"}],"wp:featuredmedia":[{"embeddable":true,"href":"https:\/\/e-kart.com.ar\/index.php?rest_route=\/wp\/v2\/media\/46345"}],"wp:attachment":[{"href":"https:\/\/e-kart.com.ar\/index.php?rest_route=%2Fwp%2Fv2%2Fmedia&parent=46344"}],"wp:term":[{"taxonomy":"category","embeddable":true,"href":"https:\/\/e-kart.com.ar\/index.php?rest_route=%2Fwp%2Fv2%2Fcategories&post=46344"},{"taxonomy":"post_tag","embeddable":true,"href":"https:\/\/e-kart.com.ar\/index.php?rest_route=%2Fwp%2Fv2%2Ftags&post=46344"}],"curies":[{"name":"wp","href":"https:\/\/api.w.org\/{rel}","templated":true}]}}