{"id":46341,"date":"2026-09-01T11:07:38","date_gmt":"2026-09-01T14:07:38","guid":{"rendered":"https:\/\/e-kart.com.ar\/?p=46341"},"modified":"2026-09-01T11:07:38","modified_gmt":"2026-09-01T14:07:38","slug":"lguimard-racing-rendimiento-parejo-en-todos-los-frentes","status":"publish","type":"post","link":"https:\/\/e-kart.com.ar\/?p=46341","title":{"rendered":"LGUIMARD Racing: Rendimiento parejo en todos los frentes"},"content":{"rendered":"<p class=\"has-medium-font-size\"><em>LGuimard Racing dej\u00f3 su marca en la presentaci\u00f3n conjunta de Rotax en Z\u00e1rate, con resultados destacados. El equipo dirigido por Leandro Guimard sum\u00f3 fuerte y se mantuvo en la pelea por los puestos de vanguardia de RMC Grand Nationals y RMC Buenos Aires.<\/em><\/p>\n<p><img decoding=\"async\" src=\"https:\/\/www.e-kartvirtualpress.com.ar\/lguimard\/lguimard_260830ro.jpg\" \/><\/p>\n<p><strong><br \/>\nZ\u00e1rate, Buenos Aires.<\/strong> El pasado fin de semana, <strong>LGuimard Racing<\/strong> se present\u00f3 en el Kart\u00f3dromo \u2018Ciudad de Z\u00e1rate\u2019, en la provincia de Buenos Aires, para afrontar una nueva cita conjunta de RMC Buenos Aires y RMC Grand Nationals. La estructura comandada por Leandro Guimard estuvo representada por Santino Ferrero en Micro Max, Conrado Bono en Mini Max y Pedro Alessio en Senior Max. Los tres pilotos sumaron por Grand Nationals, mientras que Alessio tambi\u00e9n continu\u00f3 con su participaci\u00f3n habitual en el certamen de Buenos Aires.<\/p>\n<p>En Micro Max, <strong>Santino Ferrero<\/strong>, debutando en el equipo, transit\u00f3 su primera experiencia en el trazado zarate\u00f1o y fue progresando a medida que avanz\u00f3 el fin de semana. Dentro de RMC Grand Nationals se ubic\u00f3 P3 en Clasificaci\u00f3n y en las dos primeras mangas, para luego alcanzar el P2 en la tercera bater\u00eda. El domingo complet\u00f3 la Final en el P3, resultado con el que cerr\u00f3 el Evento #7 ocupando tambi\u00e9n el P3 del campeonato, con 325 puntos.<\/p>\n<p><strong><em>\u201cEl fin de semana fue bueno. Al principio nos cost\u00f3 un poco y sab\u00edamos que ten\u00edamos que mejorar, pero de a poco fuimos encontrando el ritmo. Me voy muy contento con el resultado, hice un gran esfuerzo durante todo el fin de semana. Ahora ya pensamos en Sunchales, es un circuito que conozco bien y vamos a ir con todo\u201d<\/em><\/strong>, expres\u00f3.<\/p>\n<p><img decoding=\"async\" src=\"https:\/\/www.e-kartvirtualpress.com.ar\/lguimard\/lguimard_2_260830ro.jpg\" \/><\/p>\n<p><strong><br \/>\nConrado<\/strong> Bono tuvo una actuaci\u00f3n en franco crecimiento dentro de Mini Max. Despu\u00e9s del P3 entre los representantes de Grand Nationals tanto en Clasificaci\u00f3n como en la Manga 1, encontr\u00f3 su mejor resultado en la Manga 2, donde se qued\u00f3 con el P1 tras una importante recuperaci\u00f3n en la general. Luego sum\u00f3 un P2 en la tercera bater\u00eda y volvi\u00f3 a ocupar esa posici\u00f3n en la Final. De esta manera, qued\u00f3 P3 en el campeonato con 363,5 puntos.<\/p>\n<p><strong><em>\u201cMe voy muy contento con el fin de semana. En la segunda manga pude remontar muchas posiciones y despu\u00e9s seguimos siendo competitivos. Creo que ten\u00eda para un poco m\u00e1s, pero igualmente me voy muy conforme con el trabajo que hicimos. Ahora ya pensamos en Sunchales. Como es un circuito que me queda cerca y conozco, creo que podemos pelear para estar entre los quince primeros\u201d<\/em><\/strong>, resumi\u00f3 Bono.<\/p>\n<p><img decoding=\"async\" src=\"https:\/\/www.e-kartvirtualpress.com.ar\/lguimard\/lguimard_3_260830ro.jpg\" \/><\/p>\n<p>En Senior Max, <strong>Pedro Alessio<\/strong> comenz\u00f3 el fin de semana con una actuaci\u00f3n destacada en la Clasificaci\u00f3n. En una divisional numerosa y altamente competitiva, consigui\u00f3 el P5 de la general de RMC Buenos Aires, resultado que adem\u00e1s lo ubic\u00f3 en la pole entre los pilotos de RMC Grand Nationals y le permiti\u00f3 sumar los puntos correspondientes para ese torneo. Luego, un abandono despu\u00e9s de seis vueltas condicion\u00f3 su primera manga, aunque luego se recuper\u00f3 con el P2 en la Manga 2 y el P1 en la tercera dentro de Grand Nationals. En la Final volvi\u00f3 a ocupar el P2 por ese certamen, mientras que en la general de RMC Buenos Aires complet\u00f3 la prueba en el P17. Cerr\u00f3 el Evento #7 de Grand Nationals en el P5 del campeonato, con 264 puntos, mientras que por RMC Buenos Aires qued\u00f3 P20 con 31 unidades.<\/p>\n<p><strong><em>\u201cFue un fin de semana con una mezcla de emociones. Pudimos hacer una buena clasificaci\u00f3n y quedar P5, pero despu\u00e9s nos falt\u00f3 un poco de ritmo y no lograba ser parejo. Me voy conforme porque vinimos a Z\u00e1rate sin haber probado antes y pudimos ser muy r\u00e1pidos. Hicimos todo lo que pudimos y ya tenemos que empezar a trabajar para Sunchales\u201d<\/em><\/strong>, analiz\u00f3.<\/p>\n<p><img decoding=\"async\" src=\"https:\/\/www.e-kartvirtualpress.com.ar\/lguimard\/lguimard_4_260830ro.jpg\" \/><\/p>\n<p>Al momento de evaluar la presentaci\u00f3n de sus pilotos, <strong>Leandro Guimard<\/strong> destac\u00f3 el crecimiento mostrado durante el evento: <strong><em>\u201cTerminamos un fin de semana muy bueno. Tuvimos con cada uno de los pilotos una mejora sostenida. Santino, que estaba en su cuarta carrera y era la primera vez que corr\u00eda en este circuito, estuvo por encima de lo que esper\u00e1bamos. Conrado hizo un gran trabajo en Mini, teniendo en cuenta que est\u00e1 corriendo con 12 kilos de m\u00e1s. Pedro tuvo un muy buen potencial, hizo una gran clasificaci\u00f3n y, por ah\u00ed por la presi\u00f3n de largar adelante, no pudo redondear todo lo bueno que hab\u00eda mostrado durante el fin de semana. Me voy muy contento con el trabajo de todo el equipo\u201d<\/em><\/strong>.<\/p>\n<p>Con actuaciones que volvieron a ubicar a sus tres pilotos entre los protagonistas de RMC Grand Nationals, <strong>LGuimard Racing<\/strong> complet\u00f3 con saldo positivo su paso por Z\u00e1rate y ya concentra sus esfuerzos en el compromiso m\u00e1s importante del calendario. La estructura volver\u00e1 a pista del 18 al 20 de septiembre en Sunchales para disputar la RMC Final Argentina, una cita especial para el equipo, que llegar\u00e1 a un escenario donde, como anticip\u00f3 Guimard, ser\u00e1n <strong><em>\u201ccasi locales\u201d<\/em><\/strong>.<\/p>\n<p>Ph. Prensa E-Kart<br \/>\nInform\u00f3: E-Kart Virtual Press<\/p>\n","protected":false},"excerpt":{"rendered":"<p>LGuimard Racing dej\u00f3 su marca en la presentaci\u00f3n conjunta de Rotax en Z\u00e1rate, con resultados destacados. El equipo dirigido por Leandro Guimard sum\u00f3 fuerte y se mantuvo en la pelea por los puestos de vanguardia de RMC Grand Nationals y RMC Buenos Aires.<\/p>\n","protected":false},"author":1,"featured_media":46342,"comment_status":"closed","ping_status":"closed","sticky":false,"template":"","format":"standard","meta":{"footnotes":""},"categories":[1948,1955,1976],"tags":[],"class_list":["post-46341","post","type-post","status-publish","format-standard","has-post-thumbnail","hentry","category-pilotos-ekvp","category-rmc-buenos-aires","category-rmc-grand-nationals"],"_links":{"self":[{"href":"https:\/\/e-kart.com.ar\/index.php?rest_route=\/wp\/v2\/posts\/46341","targetHints":{"allow":["GET"]}}],"collection":[{"href":"https:\/\/e-kart.com.ar\/index.php?rest_route=\/wp\/v2\/posts"}],"about":[{"href":"https:\/\/e-kart.com.ar\/index.php?rest_route=\/wp\/v2\/types\/post"}],"author":[{"embeddable":true,"href":"https:\/\/e-kart.com.ar\/index.php?rest_route=\/wp\/v2\/users\/1"}],"replies":[{"embeddable":true,"href":"https:\/\/e-kart.com.ar\/index.php?rest_route=%2Fwp%2Fv2%2Fcomments&post=46341"}],"version-history":[{"count":1,"href":"https:\/\/e-kart.com.ar\/index.php?rest_route=\/wp\/v2\/posts\/46341\/revisions"}],"predecessor-version":[{"id":46343,"href":"https:\/\/e-kart.com.ar\/index.php?rest_route=\/wp\/v2\/posts\/46341\/revisions\/46343"}],"wp:featuredmedia":[{"embeddable":true,"href":"https:\/\/e-kart.com.ar\/index.php?rest_route=\/wp\/v2\/media\/46342"}],"wp:attachment":[{"href":"https:\/\/e-kart.com.ar\/index.php?rest_route=%2Fwp%2Fv2%2Fmedia&parent=46341"}],"wp:term":[{"taxonomy":"category","embeddable":true,"href":"https:\/\/e-kart.com.ar\/index.php?rest_route=%2Fwp%2Fv2%2Fcategories&post=46341"},{"taxonomy":"post_tag","embeddable":true,"href":"https:\/\/e-kart.com.ar\/index.php?rest_route=%2Fwp%2Fv2%2Ftags&post=46341"}],"curies":[{"name":"wp","href":"https:\/\/api.w.org\/{rel}","templated":true}]}}