{"id":46332,"date":"2026-08-31T22:45:24","date_gmt":"2026-09-01T01:45:24","guid":{"rendered":"https:\/\/e-kart.com.ar\/?p=46332"},"modified":"2026-08-31T22:45:45","modified_gmt":"2026-09-01T01:45:45","slug":"iame-series-argentina-la-final-argentina-iame-fue-suspendida","status":"publish","type":"post","link":"https:\/\/e-kart.com.ar\/?p=46332","title":{"rendered":"IAME SERIES ARGENTINA: La Final Argentina IAME fue suspendida"},"content":{"rendered":"\n<p class=\"has-medium-font-size\"><em>La Final Argentina de IAME no podr\u00e1 disputarse este pr\u00f3ximo fin de semana luego de que la CDA-Karting desaprobara el circuito de Gualeguay. La organizaci\u00f3n inform\u00f3 que ya trabaja en la reprogramaci\u00f3n del evento.<\/em><\/p>\n\n\n\n<figure class=\"wp-block-image size-large\"><a href=\"https:\/\/e-kart.com.ar\/wp-content\/uploads\/2026\/08\/foto-40-scaled.jpg\"><img loading=\"lazy\" decoding=\"async\" width=\"1024\" height=\"684\" src=\"https:\/\/e-kart.com.ar\/wp-content\/uploads\/2026\/08\/foto-40-1024x684.jpg\" alt=\"\" class=\"wp-image-46336\" srcset=\"https:\/\/e-kart.com.ar\/wp-content\/uploads\/2026\/08\/foto-40-1024x684.jpg 1024w, https:\/\/e-kart.com.ar\/wp-content\/uploads\/2026\/08\/foto-40-300x200.jpg 300w, https:\/\/e-kart.com.ar\/wp-content\/uploads\/2026\/08\/foto-40-768x513.jpg 768w, https:\/\/e-kart.com.ar\/wp-content\/uploads\/2026\/08\/foto-40-1536x1026.jpg 1536w, https:\/\/e-kart.com.ar\/wp-content\/uploads\/2026\/08\/foto-40-2048x1368.jpg 2048w\" sizes=\"auto, (max-width: 1024px) 100vw, 1024px\" \/><\/a><\/figure>\n\n\n\n<p class=\"has-small-font-size\"><br><\/p>\n\n\n\n<p><strong>CABA.<\/strong> La Final Argentina de IAME ten\u00eda previsto disputarse este pr\u00f3ximo fin de semana y representaba una de las citas m\u00e1s importantes de la temporada. Sin embargo, la competencia qued\u00f3 suspendida tras la decisi\u00f3n adoptada por la CDA Karting y comunicada a la organizaci\u00f3n en las \u00faltimas horas.<\/p>\n\n\n\n<p>En el comunicado oficial emitido por la categor\u00eda, se explic\u00f3 que la medida fue consecuencia de una notificaci\u00f3n recibida por parte de la CDA, en la que se inform\u00f3 que <em><strong>\u00abel circuito no se encuentra habilitado para la realizaci\u00f3n de la competencia, debido a observaciones vinculadas a las medidas de seguridad requeridas\u00bb<\/strong>.<\/em><\/p>\n\n\n\n<p>La organizaci\u00f3n lament\u00f3 especialmente el momento en que se produjo la decisi\u00f3n, ya que lleg\u00f3 <strong><em>\u00abencontr\u00e1ndonos ya en semana de carrera\u00bb<\/em><\/strong>, cuando <strong><em>\u00abpilotos, equipos y familias y nosotros mismos ten\u00edamos ya organizada\u00bb<\/em><\/strong> toda la log\u00edstica del evento. Asimismo, aclar\u00f3 que <em><strong>\u00abse trata de una situaci\u00f3n que nos fue comunicada recientemente y que excede la decisi\u00f3n de la organizaci\u00f3n\u00bb<\/strong>.<\/em><\/p>\n\n\n\n<p>Por su parte, la CDA Karting fundament\u00f3 la desaprobaci\u00f3n del escenario indicando que, tras la inspecci\u00f3n realizada, se detectaron <strong><em>\u00abtrabajos pendientes sobre el trazado, los cuales resultan indispensables para garantizar la seguridad de la prueba\u00bb<\/em><\/strong>, agregando adem\u00e1s que <strong><em>\u00abno se dispone del tiempo suficiente para su ejecuci\u00f3n, as\u00ed como tampoco existen las garant\u00edas necesarias sobre la provisi\u00f3n de los materiales requeridos para completarlos en t\u00e9rmino\u00bb<\/em><\/strong>.<\/p>\n\n\n\n<p>Finalmente, IAME inform\u00f3 que <strong><em>\u00abya nos encontramos trabajando y evaluando las distintas alternativas posibles para reprogramar la competencia, tanto en relaci\u00f3n con una nueva fecha como con la modalidad y el circuito en el que pueda realizarse\u00bb<\/em><\/strong>, al tiempo que confirm\u00f3 que <em><strong>\u00abapenas tengamos una definici\u00f3n concreta, ser\u00e1 comunicada oficialmente por los canales habituales\u00bb<\/strong>.<\/em><\/p>\n\n\n\n<p class=\"has-medium-font-size\"><br><strong><mark style=\"background-color:rgba(0, 0, 0, 0)\" class=\"has-inline-color has-luminous-vivid-orange-color\">COMUNICADO OFICIAL CDA-KARTING<\/mark><\/strong><\/p>\n\n\n\n<figure class=\"wp-block-image size-large\"><a href=\"https:\/\/e-kart.com.ar\/wp-content\/uploads\/2026\/08\/Carta-IAME-6.9.2026.jpg\"><img loading=\"lazy\" decoding=\"async\" width=\"724\" height=\"1024\" src=\"https:\/\/e-kart.com.ar\/wp-content\/uploads\/2026\/08\/Carta-IAME-6.9.2026-724x1024.jpg\" alt=\"\" class=\"wp-image-46333\" srcset=\"https:\/\/e-kart.com.ar\/wp-content\/uploads\/2026\/08\/Carta-IAME-6.9.2026-724x1024.jpg 724w, https:\/\/e-kart.com.ar\/wp-content\/uploads\/2026\/08\/Carta-IAME-6.9.2026-212x300.jpg 212w, https:\/\/e-kart.com.ar\/wp-content\/uploads\/2026\/08\/Carta-IAME-6.9.2026-768x1086.jpg 768w, https:\/\/e-kart.com.ar\/wp-content\/uploads\/2026\/08\/Carta-IAME-6.9.2026.jpg 960w\" sizes=\"auto, (max-width: 724px) 100vw, 724px\" \/><\/a><\/figure>\n\n\n\n<p><br>Inform\u00f3: E-Kart.com.ar<\/p>\n","protected":false},"excerpt":{"rendered":"<p>La Final Argentina de IAME no podr\u00e1 disputarse este fin de semana luego de que la CDA Karting desaprobara el circuito de Gualeguay. La organizaci\u00f3n inform\u00f3 que ya trabaja en la reprogramaci\u00f3n del evento.<\/p>\n","protected":false},"author":1,"featured_media":46336,"comment_status":"closed","ping_status":"closed","sticky":false,"template":"","format":"standard","meta":{"footnotes":""},"categories":[2039,2083,1983,2101],"tags":[],"class_list":["post-46332","post","type-post","status-publish","format-standard","has-post-thumbnail","hentry","category-breves","category-destacada","category-iame-series-argentina","category-urgente"],"_links":{"self":[{"href":"https:\/\/e-kart.com.ar\/index.php?rest_route=\/wp\/v2\/posts\/46332","targetHints":{"allow":["GET"]}}],"collection":[{"href":"https:\/\/e-kart.com.ar\/index.php?rest_route=\/wp\/v2\/posts"}],"about":[{"href":"https:\/\/e-kart.com.ar\/index.php?rest_route=\/wp\/v2\/types\/post"}],"author":[{"embeddable":true,"href":"https:\/\/e-kart.com.ar\/index.php?rest_route=\/wp\/v2\/users\/1"}],"replies":[{"embeddable":true,"href":"https:\/\/e-kart.com.ar\/index.php?rest_route=%2Fwp%2Fv2%2Fcomments&post=46332"}],"version-history":[{"count":3,"href":"https:\/\/e-kart.com.ar\/index.php?rest_route=\/wp\/v2\/posts\/46332\/revisions"}],"predecessor-version":[{"id":46337,"href":"https:\/\/e-kart.com.ar\/index.php?rest_route=\/wp\/v2\/posts\/46332\/revisions\/46337"}],"wp:featuredmedia":[{"embeddable":true,"href":"https:\/\/e-kart.com.ar\/index.php?rest_route=\/wp\/v2\/media\/46336"}],"wp:attachment":[{"href":"https:\/\/e-kart.com.ar\/index.php?rest_route=%2Fwp%2Fv2%2Fmedia&parent=46332"}],"wp:term":[{"taxonomy":"category","embeddable":true,"href":"https:\/\/e-kart.com.ar\/index.php?rest_route=%2Fwp%2Fv2%2Fcategories&post=46332"},{"taxonomy":"post_tag","embeddable":true,"href":"https:\/\/e-kart.com.ar\/index.php?rest_route=%2Fwp%2Fv2%2Ftags&post=46332"}],"curies":[{"name":"wp","href":"https:\/\/api.w.org\/{rel}","templated":true}]}}