{"id":46326,"date":"2026-08-31T21:59:15","date_gmt":"2026-09-01T00:59:15","guid":{"rendered":"https:\/\/e-kart.com.ar\/?p=46326"},"modified":"2026-08-31T21:59:15","modified_gmt":"2026-09-01T00:59:15","slug":"f-berardo-recompuso-un-fin-de-semana-cuesta-arriba","status":"publish","type":"post","link":"https:\/\/e-kart.com.ar\/?p=46326","title":{"rendered":"F.BERARDO: Recompuso un fin de semana cuesta arriba"},"content":{"rendered":"<p class=\"has-medium-font-size\"><em>Condicionado desde la clasificaci\u00f3n, Francisco Berardo debi\u00f3 recomponerse en su paso por Z\u00e1rate. Pese a las dificultades, el cordob\u00e9s logr\u00f3 avanzar para cerrar la Final en el P2 de RMC Grand Nationals y sumar un resultado positivo en el Evento #7, que se disput\u00f3 en forma conjunta con RMC Buenos Aires.<\/em><\/p>\n<p><img decoding=\"async\" src=\"https:\/\/www.e-kartvirtualpress.com.ar\/fberardo\/fberardo_260830ro.jpg\"><\/p>\n<p><strong><br \/>Z\u00e1rate, Buenos Aires.<\/strong> El pasado fin de semana, Francisco Berardo se present\u00f3 en el Kart\u00f3dromo \u2018Ciudad de Z\u00e1rate\u2019, en la provincia de Buenos Aires, para formar parte del compromiso conjunto de RMC Buenos Aires y RMC Grand Nationals. El piloto de Villa del Dique integr\u00f3 Junior Max por el Evento #3 del Trofeo de Invierno y el Evento #7 del campeonato anual de Grand Nationals, en la \u00faltima cita considerada para la conformaci\u00f3n del H\u00e1ndicap con vistas a la RMC Final Argentina.<\/p>\n<p>El s\u00e1bado comenz\u00f3 con una complicaci\u00f3n que tendr\u00eda incidencia directa sobre el desarrollo de la jornada. Berardo hab\u00eda iniciado favorablemente los trabajos previos, pero un inconveniente mec\u00e1nico durante la clasificaci\u00f3n lo alej\u00f3 de los registros que hab\u00eda insinuado en las pr\u00e1cticas. En esas condiciones qued\u00f3 ubicado en el P17 de la general de Junior Max y P2 entre los pilotos de Grand Nationals.<\/p>\n<p>La situaci\u00f3n lo oblig\u00f3 a reemplazar la planta impulsora para el resto del compromiso y, con el cambio, debi\u00f3 partir desde el fondo en las tres mangas. En la primera consigui\u00f3 avanzar hasta el P15 de la general y conserv\u00f3 el P2 en Grand Nationals. La segunda bater\u00eda volvi\u00f3 a presentarle dificultades: un toque con otro karting condicion\u00f3 su recuperaci\u00f3n y lo dej\u00f3 P20 en la general y P3 en Grand Nationals. En la Manga 3 pudo recomponerse para escalar nuevamente hasta el P15, manteni\u00e9ndose P3 entre los representantes de Grand Nationals.<\/p>\n<p>Al evaluar lo sucedido durante el s\u00e1bado, Francisco explic\u00f3: <strong><em>\u201cArrancamos bien el fin de semana, pero en la clasificaci\u00f3n se nos agarr\u00f3 el motor y tuvimos que cambiarlo. Eso hizo que en las tres mangas nos tocara largar desde el \u00faltimo lugar. A pesar de eso, fuimos haciendo lo que pudimos para avanzar. En la segunda manga, adem\u00e1s, nos chocamos con otro karting y eso volvi\u00f3 a complicarnos un poco. Ahora habr\u00e1 que ver desde qu\u00e9 puesto nos toca largar el domingo. Ojal\u00e1 podamos salir un poco m\u00e1s adelante para tratar de remontar\u201d<\/em><\/strong>.<\/p>\n<p><img decoding=\"async\" src=\"https:\/\/www.e-kartvirtualpress.com.ar\/fberardo\/fberardo_3_260830ro.jpg\"><\/p>\n<p>El domingo encontr\u00f3 una mejor recompensa al trabajo realizado durante el fin de semana. Berardo volvi\u00f3 a avanzar en la Final y, aunque un trompo interrumpi\u00f3 moment\u00e1neamente su progreso, consigui\u00f3 recuperarse para recibir la bandera a cuadros en el P12 de la clasificaci\u00f3n general y quedarse con el P2 correspondiente a RMC Grand Nationals.<\/p>\n<p><strong><em>\u201cTerminamos bien el fin de semana. En la Final hicimos un trompo, pero pudimos recuperar algunas posiciones y terminar de buena manera. Nos vamos contentos y con ganas de prepararnos para Sunchales, creo que vamos a ser competitivos. Vamos a dar todo en la pr\u00f3xima fecha\u201d<\/em><\/strong>, se\u00f1al\u00f3 tras completar la competencia.<\/p>\n<p>Al momento de reconocer a quienes hicieron posible su presentaci\u00f3n, Berardo expres\u00f3: <strong><em>\u201cQuiero agradecer a mi pap\u00e1, a mi mam\u00e1, a Mirta, Lautaro, In\u00e9s, Julia y Tom\u00e1s, a todo el equipo SMS Racing Kart, a Valentino Scattolini, a Walter mi mec\u00e1nico, a St\u00e9fano Cagnolo y a Cucu Difino por la telemetr\u00eda, y por supuesto a mi sponsor \u2018Poseid\u00f3n\u2019 &#8211; Astillero, hidropedales, kayac, botes\u201d<\/em><\/strong>.<\/p>\n<p>Con el P2 conseguido en la Final, Francisco Berardo cerr\u00f3 su paso por Z\u00e1rate sumando puntos importantes para mantenerse entre los protagonistas de Junior Max en RMC Grand Nationals. El representante de Villa del Dique ocupa el P3 del campeonato anual con 349 unidades. Su pr\u00f3xima presentaci\u00f3n ser\u00e1 la RMC Final Argentina, evento independiente que se disputar\u00e1 del 18 al 20 de septiembre en el Kart\u00f3dromo \u2018Sudamericano\u2019, en Sunchales, Santa Fe, donde se definir\u00e1n los cupos para la IRMC Grand Finals.<\/p>\n<p><img decoding=\"async\" src=\"https:\/\/www.e-kartvirtualpress.com.ar\/fberardo\/fberardo_2_260830ro.jpg\"><\/p>\n<p>Ph. Prensa E-Kart<br \/>Inform\u00f3: E-Kart Virtual Press<\/p>\n","protected":false},"excerpt":{"rendered":"<p>Condicionado desde la clasificaci\u00f3n, Francisco Berardo debi\u00f3 recomponerse en su paso por Z\u00e1rate. Pese a las dificultades, el cordob\u00e9s logr\u00f3 avanzar para cerrar la Final en el P2 de RMC Grand Nationals y sumar un resultado positivo en el Evento #7, que se disput\u00f3 en forma conjunta con RMC Buenos Aires.<\/p>\n","protected":false},"author":1,"featured_media":46327,"comment_status":"closed","ping_status":"closed","sticky":false,"template":"","format":"standard","meta":{"footnotes":""},"categories":[1948,1955,1976],"tags":[],"class_list":["post-46326","post","type-post","status-publish","format-standard","has-post-thumbnail","hentry","category-pilotos-ekvp","category-rmc-buenos-aires","category-rmc-grand-nationals"],"_links":{"self":[{"href":"https:\/\/e-kart.com.ar\/index.php?rest_route=\/wp\/v2\/posts\/46326","targetHints":{"allow":["GET"]}}],"collection":[{"href":"https:\/\/e-kart.com.ar\/index.php?rest_route=\/wp\/v2\/posts"}],"about":[{"href":"https:\/\/e-kart.com.ar\/index.php?rest_route=\/wp\/v2\/types\/post"}],"author":[{"embeddable":true,"href":"https:\/\/e-kart.com.ar\/index.php?rest_route=\/wp\/v2\/users\/1"}],"replies":[{"embeddable":true,"href":"https:\/\/e-kart.com.ar\/index.php?rest_route=%2Fwp%2Fv2%2Fcomments&post=46326"}],"version-history":[{"count":1,"href":"https:\/\/e-kart.com.ar\/index.php?rest_route=\/wp\/v2\/posts\/46326\/revisions"}],"predecessor-version":[{"id":46328,"href":"https:\/\/e-kart.com.ar\/index.php?rest_route=\/wp\/v2\/posts\/46326\/revisions\/46328"}],"wp:featuredmedia":[{"embeddable":true,"href":"https:\/\/e-kart.com.ar\/index.php?rest_route=\/wp\/v2\/media\/46327"}],"wp:attachment":[{"href":"https:\/\/e-kart.com.ar\/index.php?rest_route=%2Fwp%2Fv2%2Fmedia&parent=46326"}],"wp:term":[{"taxonomy":"category","embeddable":true,"href":"https:\/\/e-kart.com.ar\/index.php?rest_route=%2Fwp%2Fv2%2Fcategories&post=46326"},{"taxonomy":"post_tag","embeddable":true,"href":"https:\/\/e-kart.com.ar\/index.php?rest_route=%2Fwp%2Fv2%2Ftags&post=46326"}],"curies":[{"name":"wp","href":"https:\/\/api.w.org\/{rel}","templated":true}]}}