{"id":46320,"date":"2026-08-31T21:36:01","date_gmt":"2026-09-01T00:36:01","guid":{"rendered":"https:\/\/e-kart.com.ar\/?p=46320"},"modified":"2026-08-31T21:36:01","modified_gmt":"2026-09-01T00:36:01","slug":"e-bustos-abandono-en-plena-recuperacion","status":"publish","type":"post","link":"https:\/\/e-kart.com.ar\/?p=46320","title":{"rendered":"E.BUSTOS: Abandon\u00f3 en plena recuperaci\u00f3n"},"content":{"rendered":"<p class=\"has-medium-font-size\"><em>Despu\u00e9s de una clasificaci\u00f3n adversa, El\u00edas Bustos encontr\u00f3 el rendimiento para su recuperaci\u00f3n en Z\u00e1rate. El piloto de Chivilcoy lleg\u00f3 a la Final de Junior Max con posibilidades de redondear su avance, pero un inconveniente mec\u00e1nico interrumpi\u00f3 su cierre del Evento #3 del Trofeo de Invierno.<\/em><\/p>\n<p><img decoding=\"async\" src=\"https:\/\/www.e-kartvirtualpress.com.ar\/ebustos\/ebustos_260830ro.jpg\"><\/p>\n<p><strong><br \/>Z\u00e1rate, Buenos Aires.<\/strong> El\u00edas Bustos afront\u00f3 el pasado fin de semana una nueva presentaci\u00f3n en RMC Buenos Aires, que llev\u00f3 adelante el Evento #3 del Trofeo de Invierno en el Kart\u00f3dromo \u2018Ciudad de Z\u00e1rate\u2019, en la provincia de Buenos Aires. El joven de Chivilcoy particip\u00f3 en Junior Max en una cita que cerr\u00f3 la etapa computable para la conformaci\u00f3n del H\u00e1ndicap con vistas a la RMC Final Argentina.<\/p>\n<p>Luego del buen funcionamiento conseguido durante los entrenamientos del jueves y viernes, Bustos inici\u00f3 las pruebas puntuables con expectativas favorables. Sin embargo, durante la clasificaci\u00f3n, no pudo completar la cantidad de vueltas que buscaba y debi\u00f3 conformarse con el P15.<\/p>\n<p>La primera manga tampoco le permiti\u00f3 capitalizar el rendimiento previo. Mientras se manten\u00eda en el grupo de adelante, un toque lo retras\u00f3 considerablemente y termin\u00f3 clasificado en el P22. El panorama comenz\u00f3 a revertirse en las siguientes bater\u00edas. Junto a su equipo realiz\u00f3 cambios en el karting que mejoraron su funcionamiento y pudo avanzar hasta el P9 en la Manga 2, mientras que en la tercera cerr\u00f3 el s\u00e1bado con un P10.<\/p>\n<p>Al finalizar la jornada, El\u00edas explic\u00f3: <strong><em>\u201cLa verdad es que hab\u00edamos arrancado muy bien el fin de semana. Hicimos muy buenas pruebas el jueves y el viernes, pero en la clasificaci\u00f3n comet\u00ed un error que no nos permiti\u00f3 completar la cantidad de vueltas que necesit\u00e1bamos y eso nos dej\u00f3 complicados para pelear m\u00e1s adelante. La primera manga fue bastante accidentada. Ven\u00edamos en el grupo de adelante, pero un toque nos hizo perder muchas posiciones y no pudimos cerrar la carrera como quer\u00edamos. En la segunda y la tercera manga mejoramos mucho. Pudimos hacer algunos cambios en el auto, encontramos un mejor funcionamiento y terminamos un poco m\u00e1s adelante, acomod\u00e1ndonos mejor para la Final. Intentaremos avanzar todo lo que se pueda para terminar entre los diez primeros\u201d<\/em><\/strong>.<\/p>\n<p><img decoding=\"async\" src=\"https:\/\/www.e-kartvirtualpress.com.ar\/ebustos\/ebustos_3_260830ro.jpg\"><\/p>\n<p>El domingo, Bustos transform\u00f3 r\u00e1pidamente ese objetivo en una fuerte remontada. Parti\u00f3 desde el P12 y, con un buen ritmo, fue ganando posiciones hasta alcanzar el P6. Su avance qued\u00f3 interrumpido cuando llevaba siete vueltas cumplidas: un inconveniente en su unidad lo oblig\u00f3 a abandonar y dej\u00f3 sin recompensa una Final en la que se hab\u00eda instalado entre los puestos de vanguardia.<\/p>\n<p>El problema mec\u00e1nico dej\u00f3 un resultado que no reflej\u00f3 el desarrollo de la competencia. Tras bajarse del karting, Bustos coment\u00f3: <strong><em>\u201cTerminamos con un sabor medio amargo. Ven\u00edamos haciendo una muy buena final. Hab\u00edamos largado en el P12 y ya est\u00e1bamos P6, pero una rotura en el escape nos dej\u00f3 afuera cuando est\u00e1bamos remontando. Ahora ya hay que pensar en la pr\u00f3xima fecha. Vamos a seguir trabajando, corregir algunos detalles y entrenar lo m\u00e1ximo posible para llegar de la mejor manera a Sunchales\u201d<\/em><\/strong>.<\/p>\n<p>Antes de despedirse del evento, el piloto de Chivilcoy reconoci\u00f3 a quienes lo acompa\u00f1an en su campa\u00f1a: <strong><em>\u201cQuiero agradecer a toda mi familia, a mi pap\u00e1, a mi mam\u00e1, a Santi, a mis abuelos, a mis t\u00edos y primos, al Profe Mart\u00edn, a Leandro Ag\u00fcero, a todo el equipo AL Kart Competici\u00f3n, a Axion por el motor, a VYDAM SRL y a TGB Nuts por el apoyo\u00bb<\/em><\/strong>.<\/p>\n<p>Aunque el inconveniente le impidi\u00f3 concretar la remontada que ven\u00eda construyendo en la Final, El\u00edas Bustos dej\u00f3 Z\u00e1rate con una buena referencia de rendimiento de cara a su pr\u00f3ximo compromiso. Tras el Evento #3, ocupa el P17 del Trofeo de Invierno de RMC Buenos Aires con 59 puntos. Su pr\u00f3xima presentaci\u00f3n ser\u00e1 la RMC Final Argentina, programada del 18 al 20 de septiembre en el Kart\u00f3dromo \u2018Sudamericano\u2019, en Sunchales, Santa Fe, donde se definir\u00e1n los cupos para la IRMC Grand Finals.<\/p>\n<p><img decoding=\"async\" src=\"https:\/\/www.e-kartvirtualpress.com.ar\/ebustos\/ebustos_2_260830ro.jpg\"><\/p>\n<p>Ph. Prensa E-Kart<br \/>Inform\u00f3: E-Kart Virtual Press<\/p>\n","protected":false},"excerpt":{"rendered":"<p>Despu\u00e9s de una clasificaci\u00f3n adversa, El\u00edas Bustos encontr\u00f3 el rendimiento para su recuperaci\u00f3n en Z\u00e1rate. El piloto de Chivilcoy lleg\u00f3 a la Final de Junior Max con posibilidades de redondear su avance, pero un inconveniente mec\u00e1nico interrumpi\u00f3 su cierre del Evento #3 del Trofeo de Invierno.<\/p>\n","protected":false},"author":1,"featured_media":46321,"comment_status":"closed","ping_status":"closed","sticky":false,"template":"","format":"standard","meta":{"footnotes":""},"categories":[1948,1955,1976],"tags":[],"class_list":["post-46320","post","type-post","status-publish","format-standard","has-post-thumbnail","hentry","category-pilotos-ekvp","category-rmc-buenos-aires","category-rmc-grand-nationals"],"_links":{"self":[{"href":"https:\/\/e-kart.com.ar\/index.php?rest_route=\/wp\/v2\/posts\/46320","targetHints":{"allow":["GET"]}}],"collection":[{"href":"https:\/\/e-kart.com.ar\/index.php?rest_route=\/wp\/v2\/posts"}],"about":[{"href":"https:\/\/e-kart.com.ar\/index.php?rest_route=\/wp\/v2\/types\/post"}],"author":[{"embeddable":true,"href":"https:\/\/e-kart.com.ar\/index.php?rest_route=\/wp\/v2\/users\/1"}],"replies":[{"embeddable":true,"href":"https:\/\/e-kart.com.ar\/index.php?rest_route=%2Fwp%2Fv2%2Fcomments&post=46320"}],"version-history":[{"count":1,"href":"https:\/\/e-kart.com.ar\/index.php?rest_route=\/wp\/v2\/posts\/46320\/revisions"}],"predecessor-version":[{"id":46322,"href":"https:\/\/e-kart.com.ar\/index.php?rest_route=\/wp\/v2\/posts\/46320\/revisions\/46322"}],"wp:featuredmedia":[{"embeddable":true,"href":"https:\/\/e-kart.com.ar\/index.php?rest_route=\/wp\/v2\/media\/46321"}],"wp:attachment":[{"href":"https:\/\/e-kart.com.ar\/index.php?rest_route=%2Fwp%2Fv2%2Fmedia&parent=46320"}],"wp:term":[{"taxonomy":"category","embeddable":true,"href":"https:\/\/e-kart.com.ar\/index.php?rest_route=%2Fwp%2Fv2%2Fcategories&post=46320"},{"taxonomy":"post_tag","embeddable":true,"href":"https:\/\/e-kart.com.ar\/index.php?rest_route=%2Fwp%2Fv2%2Ftags&post=46320"}],"curies":[{"name":"wp","href":"https:\/\/api.w.org\/{rel}","templated":true}]}}