{"id":46314,"date":"2026-08-31T20:49:50","date_gmt":"2026-08-31T23:49:50","guid":{"rendered":"https:\/\/e-kart.com.ar\/?p=46314"},"modified":"2026-08-31T20:49:50","modified_gmt":"2026-08-31T23:49:50","slug":"f-am-tenia-para-mas-en-zarate","status":"publish","type":"post","link":"https:\/\/e-kart.com.ar\/?p=46314","title":{"rendered":"F.AM: Ten\u00eda para m\u00e1s en Z\u00e1rate"},"content":{"rendered":"<p class=\"has-medium-font-size\"><em>En Z\u00e1rate, Farid Am se meti\u00f3 en la pelea por los puestos de vanguardia durante la etapa clasificatoria de Junior Max. En el Evento #3 del Trofeo de Invierno de RMC Buenos Aires, distintas incidencias terminaron condicionando el resultado del piloto salte\u00f1o.<\/em><\/p>\n<p><img decoding=\"async\" src=\"https:\/\/www.e-kartvirtualpress.com.ar\/fam\/fam_260830ro.jpg\"><\/p>\n<p><strong><br \/>Z\u00e1rate, Buenos Aires.<\/strong> El pasado fin de semana, Farid Am se present\u00f3 en el Kart\u00f3dromo \u2018Ciudad de Z\u00e1rate\u2019, en la provincia de Buenos Aires, para participar del Evento #3 del Trofeo de Invierno de RMC Buenos Aires. El representante de la capital salte\u00f1a integr\u00f3 la clase Junior Max en el \u00faltimo compromiso computable para la conformaci\u00f3n del H\u00e1ndicap con vistas a la RMC Final Argentina.<\/p>\n<p>La actividad puntuable comenz\u00f3 el s\u00e1bado con la clasificaci\u00f3n, donde Am consigui\u00f3 el P8. En la Manga 1 logr\u00f3 avanzar y qued\u00f3 clasificado en el P7, mientras que en la segunda bater\u00eda volvi\u00f3 a progresar en pista, llegando hasta el P6. Sin embargo, un recargo por trompa modific\u00f3 su resultado y lo releg\u00f3 al P13.<\/p>\n<p>La Manga 3 volvi\u00f3 a mostrarlo en plena recuperaci\u00f3n. Farid realiz\u00f3 una buena largada y lleg\u00f3 a acomodarse en la pelea por el P5 en ese formidable arranque, pero un inconveniente en el motor apareci\u00f3 prematuramente y lo oblig\u00f3 a abandonar sin completar una vuelta.<\/p>\n<p>Al concluir el s\u00e1bado, Am repas\u00f3 una jornada en la que el rendimiento hab\u00eda sido alentador pese a los contratiempos: <strong><em>\u201cArrancamos bien el fin de semana. En la clasificaci\u00f3n pudimos quedar P8. Despu\u00e9s, en la primera manga terminamos P8 en pista, pero quedamos clasificados en P7. En la segunda pudimos avanzar hasta el P6, pero tuvimos trompa y quedamos m\u00e1s atr\u00e1s. En la tercera manga hicimos una buena largada, nos hab\u00edamos acomodado, peleando en el P5, pero se nos qued\u00f3 el motor y no pudimos seguir. Para el domingo nos tocar\u00e1 largar no tan adelante como esper\u00e1bamos, as\u00ed que vamos a tratar de remontar todo lo posible y sumar la mayor cantidad de puntos. El objetivo es meternos entre los diez primeros y seguir peleando para llegar a ese podio que todav\u00eda no se nos est\u00e1 dando, pero sabemos que ya va a llegar\u201d<\/em><\/strong>.<\/p>\n<p><img decoding=\"async\" src=\"https:\/\/www.e-kartvirtualpress.com.ar\/fam\/fam_3_260830ro.jpg\"><\/p>\n<p>El domingo, Farid encar\u00f3 la Final con la intenci\u00f3n de retomar su protagonismo recuperar puntos que se hab\u00edan escapado en las mangas. Sin embargo, un toque lo retras\u00f3 hasta el fondo del pelot\u00f3n. A esa situaci\u00f3n se sumaron problemas de rendimiento en su unidad, hasta que finalmente, debi\u00f3 abandonar la competencia luego de cumplir 12 vueltas.<\/p>\n<p>Una vez finalizada su participaci\u00f3n, el salte\u00f1o explic\u00f3: <strong><em>\u201cLa Final termin\u00f3 muy mal. Ven\u00edamos haciendo una buena carrera, pero un toque nos perjudic\u00f3 y nos dej\u00f3 en el fondo del pelot\u00f3n. Adem\u00e1s, el auto se ven\u00eda quedando. Se cortaba antes del final de la Recta y eso nos complic\u00f3 toda la carrera. Tendremos que esperar a Sunchales\u201d<\/em><\/strong>.<\/p>\n<p>Antes de dejar el circuito, Am expres\u00f3 su reconocimiento a quienes acompa\u00f1an su campa\u00f1a: <strong><em>\u201cQuiero agradecer a los que me acompa\u00f1aron, a toda mi familia, a la gente de Salta que me sigue, al equipo Cronos Racing, a AGM por el motor y a Sushi Go por el apoyo que me brinda\u201d<\/em><\/strong>.<\/p>\n<p>Aunque las incidencias impidieron trasladar al resultado final el rendimiento mostrado en distintos pasajes del fin de semana, Farid Am cerr\u00f3 el Evento #3 en el P7 del Trofeo de Invierno de RMC Buenos Aires, con 107 puntos. Su pr\u00f3xima presentaci\u00f3n ser\u00e1 la RMC Final Argentina, que se disputar\u00e1 del 18 al 20 de septiembre en el Kart\u00f3dromo \u2018Sudamericano\u2019, en Sunchales, Santa Fe, donde se definir\u00e1n los cupos para la IRMC Grand Finals.<\/p>\n<p><img decoding=\"async\" src=\"https:\/\/www.e-kartvirtualpress.com.ar\/fam\/fam_2_260830ro.jpg\"><\/p>\n<p>Ph. Prensa E-Kart<br \/>Inform\u00f3: E-Kart Virtual Press<\/p>\n","protected":false},"excerpt":{"rendered":"<p>En Z\u00e1rate, Farid Am se meti\u00f3 en la pelea por los puestos de vanguardia durante la etapa clasificatoria de Junior Max. En el Evento #3 del Trofeo de Invierno de RMC Buenos Aires, distintas incidencias terminaron condicionando el resultado del piloto salte\u00f1o.<\/p>\n","protected":false},"author":1,"featured_media":46315,"comment_status":"closed","ping_status":"closed","sticky":false,"template":"","format":"standard","meta":{"footnotes":""},"categories":[1948,1955,1976],"tags":[],"class_list":["post-46314","post","type-post","status-publish","format-standard","has-post-thumbnail","hentry","category-pilotos-ekvp","category-rmc-buenos-aires","category-rmc-grand-nationals"],"_links":{"self":[{"href":"https:\/\/e-kart.com.ar\/index.php?rest_route=\/wp\/v2\/posts\/46314","targetHints":{"allow":["GET"]}}],"collection":[{"href":"https:\/\/e-kart.com.ar\/index.php?rest_route=\/wp\/v2\/posts"}],"about":[{"href":"https:\/\/e-kart.com.ar\/index.php?rest_route=\/wp\/v2\/types\/post"}],"author":[{"embeddable":true,"href":"https:\/\/e-kart.com.ar\/index.php?rest_route=\/wp\/v2\/users\/1"}],"replies":[{"embeddable":true,"href":"https:\/\/e-kart.com.ar\/index.php?rest_route=%2Fwp%2Fv2%2Fcomments&post=46314"}],"version-history":[{"count":1,"href":"https:\/\/e-kart.com.ar\/index.php?rest_route=\/wp\/v2\/posts\/46314\/revisions"}],"predecessor-version":[{"id":46316,"href":"https:\/\/e-kart.com.ar\/index.php?rest_route=\/wp\/v2\/posts\/46314\/revisions\/46316"}],"wp:featuredmedia":[{"embeddable":true,"href":"https:\/\/e-kart.com.ar\/index.php?rest_route=\/wp\/v2\/media\/46315"}],"wp:attachment":[{"href":"https:\/\/e-kart.com.ar\/index.php?rest_route=%2Fwp%2Fv2%2Fmedia&parent=46314"}],"wp:term":[{"taxonomy":"category","embeddable":true,"href":"https:\/\/e-kart.com.ar\/index.php?rest_route=%2Fwp%2Fv2%2Fcategories&post=46314"},{"taxonomy":"post_tag","embeddable":true,"href":"https:\/\/e-kart.com.ar\/index.php?rest_route=%2Fwp%2Fv2%2Ftags&post=46314"}],"curies":[{"name":"wp","href":"https:\/\/api.w.org\/{rel}","templated":true}]}}