{"id":46311,"date":"2026-08-31T20:22:49","date_gmt":"2026-08-31T23:22:49","guid":{"rendered":"https:\/\/e-kart.com.ar\/?p=46311"},"modified":"2026-08-31T20:22:49","modified_gmt":"2026-08-31T23:22:49","slug":"l-garcia-encontro-su-lugar-entre-los-diez","status":"publish","type":"post","link":"https:\/\/e-kart.com.ar\/?p=46311","title":{"rendered":"L.GARC\u00cdA: Encontr\u00f3 su lugar entre los diez"},"content":{"rendered":"<p class=\"has-medium-font-size\"><em>En Z\u00e1rate, Lautaro Garc\u00eda logr\u00f3 revertir un comienzo adverso y avanz\u00f3 sostenidamente durante el Evento #3 del Trofeo de Invierno de RMC Buenos Aires. El piloto de San Miguel cerr\u00f3 su participaci\u00f3n en Junior Max con un trabajado P7 en la Final.<\/em><\/p>\n<p><img decoding=\"async\" src=\"https:\/\/www.e-kartvirtualpress.com.ar\/lgarcia\/lgarcia_260830ro.jpg\"><\/p>\n<p><strong><br \/>Z\u00e1rate, Buenos Aires.<\/strong> El pasado fin de semana, Lautaro Garc\u00eda form\u00f3 parte del Evento #3 del Trofeo de Invierno de RMC Buenos Aires, desarrollado en el Kart\u00f3dromo \u2018Ciudad de Z\u00e1rate\u2019, en la provincia de Buenos Aires. El representante de San Miguel compiti\u00f3 en Junior Max en la \u00faltima presentaci\u00f3n computable para la conformaci\u00f3n del H\u00e1ndicap con vistas a la RMC Final Argentina.<\/p>\n<p>El buen funcionamiento mostrado durante las jornadas previas le permiti\u00f3 transitar jueves y viernes entre los puestos de referencia. Sin embargo, el panorama se complic\u00f3 al momento de iniciar las pruebas puntuables del s\u00e1bado. En la prueba contra reloj se vio relegado al P14, oblig\u00e1ndolo a encarar las mangas desde una posici\u00f3n alejada de lo que hab\u00eda insinuado en los entrenamientos.<\/p>\n<p>A partir de all\u00ed, Garc\u00eda comenz\u00f3 a recuperar terreno. Avanz\u00f3 hasta el P10 en la Manga 1, repiti\u00f3 esa posici\u00f3n en la segunda bater\u00eda y complet\u00f3 su mejor trabajo del s\u00e1bado en la Manga 3, donde progres\u00f3 hasta el P7.<\/p>\n<p>Tras completar la jornada, Lautaro analiz\u00f3 lo sucedido: <strong><em>\u201cArrancamos muy bien el fin de semana. Durante el jueves y el viernes estuvimos siempre entre los tres primeros, mostrando un muy buen ritmo. El s\u00e1bado, por mala suerte, nos toc\u00f3 una goma que no nos cay\u00f3 bien y eso nos complic\u00f3 la clasificaci\u00f3n. Pero en las mangas pudimos demostrar el ritmo que realmente ten\u00edamos y remontar varias posiciones. Ahora habr\u00e1 que ver desde qu\u00e9 puesto nos toca largar el domingo, pero sabemos que tenemos el ritmo y el auto para ir para adelante\u201d<\/em><\/strong>.<\/p>\n<p><img decoding=\"async\" src=\"https:\/\/www.e-kartvirtualpress.com.ar\/lgarcia\/lgarcia_3_260830ro.jpg\"><\/p>\n<p>La recuperaci\u00f3n del s\u00e1bado le permiti\u00f3 afrontar la Final desde el P8. Garc\u00eda volvi\u00f3 a mostrarse competitivo y busc\u00f3 avanzar durante la carrera, pero un toque en los tramos iniciales cuando intentaba concretar una superaci\u00f3n lo llev\u00f3 al despiste. Pudo regresar a la competencia, aunque la incidencia le hizo perder algunas posiciones y condicion\u00f3 sus posibilidades para el resto de la prueba. Finalmente recibi\u00f3 la bandera a cuadros en el P7.<\/p>\n<p>Al explicar lo ocurrido en la competencia decisiva, se\u00f1al\u00f3: <strong><em>\u201cLa Final no termin\u00f3 como esperaba. Hab\u00edamos largado desde el P8 y ven\u00edamos con un muy buen ritmo, tratando de avanzar. Cuando intent\u00e9 pasar a un karting nos tocamos, me fui al pasto y, aunque pude volver a la pista, perd\u00ed mucho ritmo y ya no pude recuperar\u201d<\/em><\/strong>.<\/p>\n<p>En el cierre de su presentaci\u00f3n, Garc\u00eda reserv\u00f3 sus agradecimientos para quienes lo acompa\u00f1an en su campa\u00f1a deportiva: <strong><em>\u00abQuiero agradecer a mis padres y hermanas que siempre me acompa\u00f1an, a mi equipo Indiana Veloz, a mi mec\u00e1nico Charly, a AGM por la motorizaci\u00f3n, a mis amigos y compa\u00f1eros del colegio, a Glasgow College, a Gustavo Larribe, a Pancho Tobares, a Mauro y Gonzalo Dibona, Ricardo y Nico Impiombato, al Toro \u00c1lvaro Oroza y a todos los sponsors: ROM, GLD Cascos, MD Suspensi\u00f3n, Impiombato Motor y Lared Net\u00bb<\/em><\/strong>.<\/p>\n<p>Con el avance conseguido a lo largo del fin de semana y el P7 alcanzado en la Final, Lautaro Garc\u00eda cerr\u00f3 el Evento #3 ubicado en el P8 del Trofeo de Invierno de RMC Buenos Aires, con 105 puntos. Su pr\u00f3ximo compromiso ser\u00e1 la RMC Final Argentina, que se disputar\u00e1 del 18 al 20 de septiembre en el Kart\u00f3dromo \u2018Sudamericano\u2019, en Sunchales, Santa Fe, donde se definir\u00e1n los cupos para la IRMC Grand Finals.<\/p>\n<p><img decoding=\"async\" src=\"https:\/\/www.e-kartvirtualpress.com.ar\/lgarcia\/lgarcia_2_260830ro.jpg\"><\/p>\n<p>Ph. Prensa E-Kart<br \/>Inform\u00f3: E-Kart Virtual Press<\/p>\n","protected":false},"excerpt":{"rendered":"<p>En Z\u00e1rate, Lautaro Garc\u00eda logr\u00f3 revertir un comienzo adverso y avanz\u00f3 sostenidamente durante el Evento #3 del Trofeo de Invierno de RMC Buenos Aires. El piloto de San Miguel cerr\u00f3 su participaci\u00f3n en Junior Max con un trabajado P7 en la Final.<\/p>\n","protected":false},"author":1,"featured_media":46312,"comment_status":"closed","ping_status":"closed","sticky":false,"template":"","format":"standard","meta":{"footnotes":""},"categories":[1948,1955,1976],"tags":[],"class_list":["post-46311","post","type-post","status-publish","format-standard","has-post-thumbnail","hentry","category-pilotos-ekvp","category-rmc-buenos-aires","category-rmc-grand-nationals"],"_links":{"self":[{"href":"https:\/\/e-kart.com.ar\/index.php?rest_route=\/wp\/v2\/posts\/46311","targetHints":{"allow":["GET"]}}],"collection":[{"href":"https:\/\/e-kart.com.ar\/index.php?rest_route=\/wp\/v2\/posts"}],"about":[{"href":"https:\/\/e-kart.com.ar\/index.php?rest_route=\/wp\/v2\/types\/post"}],"author":[{"embeddable":true,"href":"https:\/\/e-kart.com.ar\/index.php?rest_route=\/wp\/v2\/users\/1"}],"replies":[{"embeddable":true,"href":"https:\/\/e-kart.com.ar\/index.php?rest_route=%2Fwp%2Fv2%2Fcomments&post=46311"}],"version-history":[{"count":1,"href":"https:\/\/e-kart.com.ar\/index.php?rest_route=\/wp\/v2\/posts\/46311\/revisions"}],"predecessor-version":[{"id":46313,"href":"https:\/\/e-kart.com.ar\/index.php?rest_route=\/wp\/v2\/posts\/46311\/revisions\/46313"}],"wp:featuredmedia":[{"embeddable":true,"href":"https:\/\/e-kart.com.ar\/index.php?rest_route=\/wp\/v2\/media\/46312"}],"wp:attachment":[{"href":"https:\/\/e-kart.com.ar\/index.php?rest_route=%2Fwp%2Fv2%2Fmedia&parent=46311"}],"wp:term":[{"taxonomy":"category","embeddable":true,"href":"https:\/\/e-kart.com.ar\/index.php?rest_route=%2Fwp%2Fv2%2Fcategories&post=46311"},{"taxonomy":"post_tag","embeddable":true,"href":"https:\/\/e-kart.com.ar\/index.php?rest_route=%2Fwp%2Fv2%2Ftags&post=46311"}],"curies":[{"name":"wp","href":"https:\/\/api.w.org\/{rel}","templated":true}]}}