{"id":46308,"date":"2026-08-31T19:47:37","date_gmt":"2026-08-31T22:47:37","guid":{"rendered":"https:\/\/e-kart.com.ar\/?p=46308"},"modified":"2026-08-31T19:47:37","modified_gmt":"2026-08-31T22:47:37","slug":"s-echarri-una-fecha-que-rindio-al-maximo","status":"publish","type":"post","link":"https:\/\/e-kart.com.ar\/?p=46308","title":{"rendered":"S.ECHARRI: Una fecha que rindi\u00f3 al m\u00e1ximo"},"content":{"rendered":"<p class=\"has-medium-font-size\"><em>Salvador Echarri capitaliz\u00f3 su paso por Z\u00e1rate con una gran actuaci\u00f3n en RMC Grand Nationals. Logr\u00f3 imponerse en dos mangas y en la Final de Senior Max, sumando fuerte a lo largo del fin de semana. El cordob\u00e9s acompa\u00f1\u00f3 su labor con un importante avance tambi\u00e9n en RMC Buenos Aires.<\/em><\/p>\n<p><img decoding=\"async\" src=\"https:\/\/www.e-kartvirtualpress.com.ar\/secharri\/secharri_260830ro.jpg\"><\/p>\n<p><strong><br \/>Z\u00e1rate, Buenos Aires.<\/strong> El pasado fin de semana, Salvador \u2018Coco\u2019 Echarri se present\u00f3 en el Kart\u00f3dromo \u2018Ciudad de Z\u00e1rate\u2019, en la provincia de Buenos Aires, para disputar el Evento #3 del Trofeo de Invierno de RMC Buenos Aires y el Evento #7 del Campeonato Anual de RMC Grand Nationals. El piloto de Villa Carlos Paz integr\u00f3 la divisional Senior Max en una presentaci\u00f3n conjunta de ambos cert\u00e1menes, que marc\u00f3 adem\u00e1s el \u00faltimo compromiso computable para la conformaci\u00f3n del H\u00e1ndicap con vistas a la RMC Final Argentina.<\/p>\n<p>La clasificaci\u00f3n del s\u00e1bado dej\u00f3 a Echarri en el P13 de la general, resultado que lo ubic\u00f3 tercero entre los protagonistas de Grand Nationals. Desde all\u00ed comenz\u00f3 a construir una jornada que tendr\u00eda un balance muy favorable.<\/p>\n<p>En la primera manga avanz\u00f3 hasta el P8 de la clasificaci\u00f3n general y se qued\u00f3 con el P1 de Grand Nationals. Volvi\u00f3 a imponerse entre los pilotos de ese torneo en la segunda bater\u00eda, y ocup\u00f3 el P9 de la general, coincidente con RMC Buenos Aires. La \u00faltima manga present\u00f3 mayores complicaciones y lo encontr\u00f3 en el P14 absoluto. A\u00fan as\u00ed consigui\u00f3 el P2 dentro de Grand Nationals.<\/p>\n<p><strong><em>\u201cNo pudimos hacer una buena clasificaci\u00f3n y eso nos complic\u00f3 el resto de la jornada. Quedamos P13, con una diferencia mayor de la que esper\u00e1bamos. Despu\u00e9s, en las mangas, pudimos recuperar algunas posiciones y terminamos P8 y P9\u201d<\/em><\/strong>, explic\u00f3 \u2018Coco\u2019 Echarri.<\/p>\n<p><img decoding=\"async\" src=\"https:\/\/www.e-kartvirtualpress.com.ar\/secharri\/secharri_3_260830ro.jpg\"><\/p>\n<p>Sobre el cierre del s\u00e1bado, agreg\u00f3: <strong><em>\u201cLa tercera manga fue bastante complicada. La largada se ensuci\u00f3 mucho, hubo varios toques y no pudimos hacer la carrera que quer\u00edamos. Espero que podamos largar un poco m\u00e1s adelante el domingo para poder remontar el fin de semana\u201d<\/em><\/strong>.<\/p>\n<p>La Final del domingo termin\u00f3 por darle forma a una presentaci\u00f3n muy productiva. Echarri trabaj\u00f3 para avanzar en una competencia limpia y progres\u00f3 hasta recibir la bandera de cuadros en el P7 de la clasificaci\u00f3n general. Ese resultado signific\u00f3, adem\u00e1s, la victoria dentro de RMC Grand Nationals y le permiti\u00f3 completar el fin de semana con una gran colecta de puntos en ese certamen.<\/p>\n<p><strong><em>\u201cPudimos cerrar un buen fin de semana. Sumamos todos los puntos posibles en Grand Nationals y tambi\u00e9n una buena cantidad de puntos en RMC Buenos Aires\u201d<\/em><\/strong>, destac\u00f3.<\/p>\n<p>En su an\u00e1lisis de la Final, se\u00f1al\u00f3: <strong><em>\u201cFue una carrera limpia, sin chocarnos, y aprovechamos todo lo que ten\u00edamos para sumar. Los de adelante ven\u00edan muy r\u00e1pidos y con muy buenos elementos. Nosotros tuvimos que trabajar bastante para poder avanzar en la Final y logramos terminar en el P7. Me voy muy contento, tenemos que seguir trabajando para estar un poco m\u00e1s adelante en las pr\u00f3ximas carreras\u201d<\/em><\/strong>.<\/p>\n<p>Antes de despedirse de Z\u00e1rate, Salvador reconoci\u00f3 especialmente a quienes hacen posible su participaci\u00f3n y lo acompa\u00f1an en cada presentaci\u00f3n: <strong><em>\u201cQuiero agradecer a todo el equipo Cronos Racing, a mi viejo, a toda mi familia, a \u00c1ngel Garc\u00eda por el motor y a todos los sponsors: Multifer de Toruno SA, Tecnomyl y Sigma\u201d<\/em><\/strong>.<\/p>\n<p>Con estos resultados, Echarri protagoniz\u00f3 tambi\u00e9n un importante avance en el campeonato de RMC Buenos Aires, al pasar del P16 al P9 de Senior Max, donde re\u00fane 75 puntos. En RMC Grand Nationals se mantiene en el P2 del certamen anual, con 577,5 puntos totales sin considerar descartes. Su pr\u00f3xima presentaci\u00f3n ser\u00e1 en la RMC Final Argentina, que se disputar\u00e1 los d\u00edas 18, 19 y 20 de septiembre en el Kart\u00f3dromo \u2018Sudamericano\u2019, en Sunchales, Santa Fe, donde estar\u00e1n en juego los cupos para la IRMC Grand Finals.<\/p>\n<p><img decoding=\"async\" src=\"https:\/\/www.e-kartvirtualpress.com.ar\/secharri\/secharri_2_260830ro.jpg\"><\/p>\n<p>Ph. Prensa E-Kart<br \/>Inform\u00f3: E-Kart Virtual Press<\/p>\n","protected":false},"excerpt":{"rendered":"<p>Salvador Echarri capitaliz\u00f3 su paso por Z\u00e1rate con una gran actuaci\u00f3n en RMC Grand Nationals. Logr\u00f3 imponerse en dos mangas y en la Final de Senior Max, sumando fuerte a lo largo del fin de semana. El cordob\u00e9s acompa\u00f1\u00f3 su labor con un importante avance tambi\u00e9n en RMC Buenos Aires.<\/p>\n","protected":false},"author":1,"featured_media":46309,"comment_status":"closed","ping_status":"closed","sticky":false,"template":"","format":"standard","meta":{"footnotes":""},"categories":[1948,1955,1976],"tags":[],"class_list":["post-46308","post","type-post","status-publish","format-standard","has-post-thumbnail","hentry","category-pilotos-ekvp","category-rmc-buenos-aires","category-rmc-grand-nationals"],"_links":{"self":[{"href":"https:\/\/e-kart.com.ar\/index.php?rest_route=\/wp\/v2\/posts\/46308","targetHints":{"allow":["GET"]}}],"collection":[{"href":"https:\/\/e-kart.com.ar\/index.php?rest_route=\/wp\/v2\/posts"}],"about":[{"href":"https:\/\/e-kart.com.ar\/index.php?rest_route=\/wp\/v2\/types\/post"}],"author":[{"embeddable":true,"href":"https:\/\/e-kart.com.ar\/index.php?rest_route=\/wp\/v2\/users\/1"}],"replies":[{"embeddable":true,"href":"https:\/\/e-kart.com.ar\/index.php?rest_route=%2Fwp%2Fv2%2Fcomments&post=46308"}],"version-history":[{"count":1,"href":"https:\/\/e-kart.com.ar\/index.php?rest_route=\/wp\/v2\/posts\/46308\/revisions"}],"predecessor-version":[{"id":46310,"href":"https:\/\/e-kart.com.ar\/index.php?rest_route=\/wp\/v2\/posts\/46308\/revisions\/46310"}],"wp:featuredmedia":[{"embeddable":true,"href":"https:\/\/e-kart.com.ar\/index.php?rest_route=\/wp\/v2\/media\/46309"}],"wp:attachment":[{"href":"https:\/\/e-kart.com.ar\/index.php?rest_route=%2Fwp%2Fv2%2Fmedia&parent=46308"}],"wp:term":[{"taxonomy":"category","embeddable":true,"href":"https:\/\/e-kart.com.ar\/index.php?rest_route=%2Fwp%2Fv2%2Fcategories&post=46308"},{"taxonomy":"post_tag","embeddable":true,"href":"https:\/\/e-kart.com.ar\/index.php?rest_route=%2Fwp%2Fv2%2Ftags&post=46308"}],"curies":[{"name":"wp","href":"https:\/\/api.w.org\/{rel}","templated":true}]}}