{"id":46305,"date":"2026-08-31T19:22:42","date_gmt":"2026-08-31T22:22:42","guid":{"rendered":"https:\/\/e-kart.com.ar\/?p=46305"},"modified":"2026-08-31T19:22:42","modified_gmt":"2026-08-31T22:22:42","slug":"i-diaz-quaglia-se-afirmo-dentro-del-top-10","status":"publish","type":"post","link":"https:\/\/e-kart.com.ar\/?p=46305","title":{"rendered":"I.D\u00cdAZ QUAGLIA: Se afirm\u00f3 dentro del Top 10"},"content":{"rendered":"<p class=\"has-medium-font-size\"><em>En la antesala de la RMC Final Argentina, Ignacio D\u00edaz Quaglia mostr\u00f3 un ritmo competitivo durante todo el fin de semana en Z\u00e1rate. El piloto cordob\u00e9s se mantuvo entre los diez mejores de Senior Max, lleg\u00f3 a luchar por los puestos de punta en las mangas y cerr\u00f3 la Final en el P9.<\/em><\/p>\n<p><img decoding=\"async\" src=\"https:\/\/www.e-kartvirtualpress.com.ar\/idiaz2\/idiaz2_260830ro.jpg\"><\/p>\n<p><strong><br \/>Z\u00e1rate, Buenos Aires.<\/strong> El pasado fin de semana, Ignacio D\u00edaz Quaglia se present\u00f3 en el Kart\u00f3dromo \u2018Ciudad de Z\u00e1rate\u2019, en la provincia de Buenos Aires, para disputar el Evento #3 del Trofeo de Invierno de RMC Buenos Aires. El piloto de Monte Buey integr\u00f3 la divisional Senior Max en una cita que marc\u00f3 el \u00faltimo compromiso computable para la conformaci\u00f3n del H\u00e1ndicap con vistas a la RMC Final Argentina.<\/p>\n<p>Luego de mostrar un buen funcionamiento durante los entrenamientos, D\u00edaz Quaglia afront\u00f3 el s\u00e1bado la clasificaci\u00f3n, en una sesi\u00f3n sumamente ajustada. Con una sola vuelta r\u00e1pida, consigui\u00f3 el P9 y qued\u00f3 en condiciones de buscar el avance durante las mangas.<\/p>\n<p>En la primera bater\u00eda sostuvo una carrera pareja dentro de un nutrido pelot\u00f3n y progres\u00f3 hasta el P7. Su mejor pasaje lleg\u00f3 en la segunda manga: tras una muy buena largada, alcanz\u00f3 el P2 y se mantuvo durante buena parte de la prueba en la pelea entre los tres primeros. Sobre los giros finales cedi\u00f3 algunas posiciones y recibi\u00f3 la bandera a cuadros en el P5.<\/p>\n<p>La tercera manga present\u00f3 un panorama diferente. Luego de perder terreno en la largada, Ignacio comenz\u00f3 a avanzar, pero un incidente entre competidores que marchaban por delante no pudo ser evitado y determin\u00f3 su abandono con tres vueltas cumplidas.<\/p>\n<p><img decoding=\"async\" src=\"https:\/\/www.e-kartvirtualpress.com.ar\/idiaz2\/idiaz2_3_260830ro.jpg\"><\/p>\n<p><strong><em>\u201cLa verdad es que arrancamos muy bien el fin de semana. En los entrenamientos estuvimos funcionando bien, aunque todav\u00eda nos quedaban algunas cosas por mejorar, tanto de mi parte como en la puesta a punto del auto. La clasificaci\u00f3n fue muy apretada y pudimos quedar P9 tirando solo una vuelta r\u00e1pida\u201d<\/em><\/strong>, explic\u00f3.<\/p>\n<p>Sobre las mangas, agreg\u00f3: <strong><em>\u201cEn la primera hicimos una buena carrera y terminamos P7, peleando siempre en un pelot\u00f3n muy parejo. En la segunda hicimos una muy buena largada, llegamos a estar P2 y peleamos gran parte de la carrera entre los tres primeros. Tenemos un auto que funciona muy bien\u201d<\/em><\/strong>.<\/p>\n<p>El domingo, D\u00edaz Quaglia inici\u00f3 la Final desde el P10, por el sector externo. Un incidente delante suyo durante la largada lo oblig\u00f3 a modificar su trayectoria y perdi\u00f3 varias posiciones. Una vez recuperado de esa situaci\u00f3n, comenz\u00f3 a avanzar vuelta tras vuelta hasta completar la competencia en el P9.<\/p>\n<p><strong><em>\u201cDentro de todo, terminamos bien. Largamos en el P10 por afuera, que en este circuito es muy dif\u00edcil. En la largada se cruz\u00f3 un piloto adelante, cuando lo esquivamos pisamos lo sucio y ah\u00ed perdimos varias posiciones. Cuando limpiamos la goma, empezamos a remontar. Vuelta tras vuelta fuimos recuperando y pudimos avanzar\u201d<\/em><\/strong>, relat\u00f3.<\/p>\n<p>Conforme con el rendimiento mostrado a lo largo de la presentaci\u00f3n, complet\u00f3: <strong><em>\u201cMe voy contento porque durante todo el fin de semana fuimos muy r\u00e1pidos. Nos quedamos siempre en el top 10 y pudimos demostrar el ritmo que ten\u00edamos, tanto en las mangas como en la Final. Ahora queda seguir trabajando para lo que viene en Sunchales\u201d<\/em><\/strong>.<\/p>\n<p>Antes de cerrar su participaci\u00f3n en Z\u00e1rate, Ignacio destac\u00f3 el acompa\u00f1amiento de quienes respaldan su campa\u00f1a deportiva: <strong><em>\u201cQuiero agradecer a todo el equipo RCK Kosmic, a mi mec\u00e1nico, a Axion por el motor, a Kinesis, a Viviana Sabga, a toda mi familia, especialmente a mis padres y a mis sponsors: Roggiro Aceros, AAXOD Servicios A\u00e9reos, La Columbia Servicios Agropecuarios y Colmenas Don Pablo por su apoyo constante\u201d<\/em><\/strong>.<\/p>\n<p>Con estos resultados, D\u00edaz Quaglia se ubica en el P7 del campeonato de RMC Buenos Aires con 91 puntos. Su pr\u00f3xima presentaci\u00f3n ser\u00e1 en la RMC Final Argentina, que se disputar\u00e1 los d\u00edas 18, 19 y 20 de septiembre en el Kart\u00f3dromo \u2018Sudamericano\u2019, en Sunchales, Santa Fe, donde estar\u00e1n en juego los cupos para la IRMC Grand Finals.<\/p>\n<p><img decoding=\"async\" src=\"https:\/\/www.e-kartvirtualpress.com.ar\/idiaz2\/idiaz2_2_260830ro.jpg\"><\/p>\n<p>Ph. Prensa E-Kart<br \/>Inform\u00f3: E-Kart Virtual Press<\/p>\n","protected":false},"excerpt":{"rendered":"<p>En la antesala de la RMC Final Argentina, Ignacio D\u00edaz Quaglia mostr\u00f3 un ritmo competitivo durante todo el fin de semana en Z\u00e1rate. El piloto cordob\u00e9s se mantuvo entre los diez mejores de Senior Max, lleg\u00f3 a luchar por los puestos de punta en las mangas y cerr\u00f3 la Final en el P9.<\/p>\n","protected":false},"author":1,"featured_media":46306,"comment_status":"closed","ping_status":"closed","sticky":false,"template":"","format":"standard","meta":{"footnotes":""},"categories":[1948,1955,1976],"tags":[],"class_list":["post-46305","post","type-post","status-publish","format-standard","has-post-thumbnail","hentry","category-pilotos-ekvp","category-rmc-buenos-aires","category-rmc-grand-nationals"],"_links":{"self":[{"href":"https:\/\/e-kart.com.ar\/index.php?rest_route=\/wp\/v2\/posts\/46305","targetHints":{"allow":["GET"]}}],"collection":[{"href":"https:\/\/e-kart.com.ar\/index.php?rest_route=\/wp\/v2\/posts"}],"about":[{"href":"https:\/\/e-kart.com.ar\/index.php?rest_route=\/wp\/v2\/types\/post"}],"author":[{"embeddable":true,"href":"https:\/\/e-kart.com.ar\/index.php?rest_route=\/wp\/v2\/users\/1"}],"replies":[{"embeddable":true,"href":"https:\/\/e-kart.com.ar\/index.php?rest_route=%2Fwp%2Fv2%2Fcomments&post=46305"}],"version-history":[{"count":1,"href":"https:\/\/e-kart.com.ar\/index.php?rest_route=\/wp\/v2\/posts\/46305\/revisions"}],"predecessor-version":[{"id":46307,"href":"https:\/\/e-kart.com.ar\/index.php?rest_route=\/wp\/v2\/posts\/46305\/revisions\/46307"}],"wp:featuredmedia":[{"embeddable":true,"href":"https:\/\/e-kart.com.ar\/index.php?rest_route=\/wp\/v2\/media\/46306"}],"wp:attachment":[{"href":"https:\/\/e-kart.com.ar\/index.php?rest_route=%2Fwp%2Fv2%2Fmedia&parent=46305"}],"wp:term":[{"taxonomy":"category","embeddable":true,"href":"https:\/\/e-kart.com.ar\/index.php?rest_route=%2Fwp%2Fv2%2Fcategories&post=46305"},{"taxonomy":"post_tag","embeddable":true,"href":"https:\/\/e-kart.com.ar\/index.php?rest_route=%2Fwp%2Fv2%2Ftags&post=46305"}],"curies":[{"name":"wp","href":"https:\/\/api.w.org\/{rel}","templated":true}]}}