{"id":46301,"date":"2026-08-31T19:03:13","date_gmt":"2026-08-31T22:03:13","guid":{"rendered":"https:\/\/e-kart.com.ar\/?p=46301"},"modified":"2026-08-31T19:03:13","modified_gmt":"2026-08-31T22:03:13","slug":"a-ibanez-supo-capitalizar-un-domingo-favorable","status":"publish","type":"post","link":"https:\/\/e-kart.com.ar\/?p=46301","title":{"rendered":"A.IB\u00c1\u00d1EZ: Supo capitalizar un domingo favorable"},"content":{"rendered":"<p class=\"has-medium-font-size\"><em>Con un positivo paso por Z\u00e1rate, Adolfo Ib\u00e1\u00f1ez complet\u00f3 una buena cosecha de puntos para escalar en el certamen de Master Max. El piloto tucumano fue encontrando buenos resultados a lo largo del Evento #3 del \u2018Invierno\u2019 y cerr\u00f3 la Final en el P6.<\/em><\/p>\n<p><img decoding=\"async\" src=\"https:\/\/www.e-kartvirtualpress.com.ar\/aibanez\/aibanez_260830ro.jpg\"><\/p>\n<p><strong><br \/>Z\u00e1rate, Buenos Aires.<\/strong> El pasado fin de semana, Adolfo Ib\u00e1\u00f1ez se present\u00f3 en el Kart\u00f3dromo bonaerense \u2018Ciudad de Z\u00e1rate\u2019, para disputar el Evento #3 del Trofeo de Invierno de RMC Buenos Aires. El piloto de San Miguel de Tucum\u00e1n integr\u00f3 la divisional Master Max en una cita que marc\u00f3 el \u00faltimo compromiso computable para la conformaci\u00f3n del H\u00e1ndicap con vistas a la RMC Final Argentina.<\/p>\n<p>La actividad clasificatoria del s\u00e1bado dej\u00f3 a Iba\u00f1ez en el P13, desde donde debi\u00f3 afrontar las tres mangas. En la primera logr\u00f3 avanzar hasta el P9, posici\u00f3n que le correspondi\u00f3 luego de recibir un recargo por trompa.<\/p>\n<p>La segunda bater\u00eda mostr\u00f3 una nueva recuperaci\u00f3n. Adolfo cruz\u00f3 la l\u00ednea de llegada en el P8 y, tras la aplicaci\u00f3n de penalizaciones a otros competidores, qued\u00f3 ubicado en el P4 del clasificador definitivo. La tercera manga, en cambio, termin\u00f3 prematuramente: un toque cuando apenas se hab\u00eda completado una vuelta lo oblig\u00f3 a abandonar.<\/p>\n<p><strong><em>\u201cArrancamos el fin de semana con buenas expectativas, pero nos cost\u00f3 encontrar la puesta a punto con la que me sintiera realmente conforme. Durante toda la jornada hemos estado muy parejos. Ven\u00edamos haciendo buenos tiempos y, por momentos, pr\u00e1cticamente los tiempos de punta. El problema fue que, largando desde atr\u00e1s, se hace muy dif\u00edcil poder avanzar\u201d<\/em><\/strong>, explic\u00f3.<\/p>\n<p><img decoding=\"async\" src=\"https:\/\/www.e-kartvirtualpress.com.ar\/aibanez\/aibanez_3_260830ro.jpg\"><\/p>\n<p>Sobre el incidente que cerr\u00f3 anticipadamente su s\u00e1bado, agreg\u00f3: <strong><em>\u201cEn la tercera manga me han chocado y eso termin\u00f3 de complicarnos. Ahora habr\u00e1 que reparar el auto para el domingo. De todas maneras, seguimos siendo optimistas. Vamos a hacer todo lo posible para cerrar un buen fin de semana\u201d<\/em><\/strong>.<\/p>\n<p>El domingo encontr\u00f3 a Ib\u00e1\u00f1ez nuevamente obligado a recuperar terreno. Partiendo desde el P13, sostuvo un ritmo que le permiti\u00f3 avanzar durante la Final y cruzar la bandera a cuadros en el P7. Posteriormente, el clasificador oficial lo promovi\u00f3 al P6, completando as\u00ed su mejor resultado de la jornada y sumando puntos importantes para el certamen.<\/p>\n<p><strong><em>\u201cTerminamos un poco mejor el fin de semana. Largando desde el P13, pudimos avanzar unas cuantas posiciones y eso nos deja conformes. Ten\u00edamos un buen ritmo, aunque no para pelear adelante. De todas maneras, hemos hecho todo lo que se pod\u00eda\u201d<\/em><\/strong>, se\u00f1al\u00f3.<\/p>\n<p>Con la mirada puesta ya en el pr\u00f3ximo desaf\u00edo, complet\u00f3: <strong><em>\u201cNo nos acompa\u00f1aron algunas partes mec\u00e1nicas y ah\u00ed est\u00e1 la diferencia de velocidad que nos est\u00e1 faltando. Aun as\u00ed, dimos todo lo que ten\u00edamos durante todo el fin de semana. Ahora ya estamos enfocados en preparar todo para la Final Argentina, que es el gran objetivo que tenemos por delante\u201d<\/em><\/strong>.<\/p>\n<p>Antes de despedirse de Z\u00e1rate, Adolfo dedic\u00f3 su reconocimiento a quienes acompa\u00f1an su campa\u00f1a deportiva: <strong><em>\u201cQuiero agradecer a Axion, al equipo CRG Oficial, a Alan, a Shallor Cryss, y por supuesto a mi familia, a mi pap\u00e1, a mi mam\u00e1 y a mis amigos que siempre est\u00e1n\u201d<\/em><\/strong>.<\/p>\n<p>Con estos resultados, Ib\u00e1\u00f1ez protagoniz\u00f3 un importante avance en el campeonato de RMC Buenos Aires, al pasar del P14 al P9 de la Master Max, donde re\u00fane 81 puntos. Su pr\u00f3xima presentaci\u00f3n ser\u00e1 en la RMC Final Argentina, que se disputar\u00e1 los d\u00edas 18, 19 y 20 de septiembre en el Kart\u00f3dromo \u2018Sudamericano\u2019, en Sunchales, Santa Fe, donde estar\u00e1n en juego los cupos para la IRMC Grand Finals.<\/p>\n<p><img decoding=\"async\" src=\"https:\/\/www.e-kartvirtualpress.com.ar\/aibanez\/aibanez_2_260830ro.jpg\"><\/p>\n<p>Ph. Prensa E-Kart<br \/>Inform\u00f3: E-Kart Virtual Press<\/p>\n","protected":false},"excerpt":{"rendered":"<p>Con un positivo paso por Z\u00e1rate, Adolfo Ib\u00e1\u00f1ez complet\u00f3 una buena cosecha de puntos para escalar en el certamen de Master Max. El piloto tucumano fue encontrando buenos resultados a lo largo del Evento #3 del \u2018Invierno\u2019 y cerr\u00f3 la Final en el P6.<\/p>\n","protected":false},"author":1,"featured_media":46302,"comment_status":"closed","ping_status":"closed","sticky":false,"template":"","format":"standard","meta":{"footnotes":""},"categories":[1948,1955,1976],"tags":[],"class_list":["post-46301","post","type-post","status-publish","format-standard","has-post-thumbnail","hentry","category-pilotos-ekvp","category-rmc-buenos-aires","category-rmc-grand-nationals"],"_links":{"self":[{"href":"https:\/\/e-kart.com.ar\/index.php?rest_route=\/wp\/v2\/posts\/46301","targetHints":{"allow":["GET"]}}],"collection":[{"href":"https:\/\/e-kart.com.ar\/index.php?rest_route=\/wp\/v2\/posts"}],"about":[{"href":"https:\/\/e-kart.com.ar\/index.php?rest_route=\/wp\/v2\/types\/post"}],"author":[{"embeddable":true,"href":"https:\/\/e-kart.com.ar\/index.php?rest_route=\/wp\/v2\/users\/1"}],"replies":[{"embeddable":true,"href":"https:\/\/e-kart.com.ar\/index.php?rest_route=%2Fwp%2Fv2%2Fcomments&post=46301"}],"version-history":[{"count":1,"href":"https:\/\/e-kart.com.ar\/index.php?rest_route=\/wp\/v2\/posts\/46301\/revisions"}],"predecessor-version":[{"id":46303,"href":"https:\/\/e-kart.com.ar\/index.php?rest_route=\/wp\/v2\/posts\/46301\/revisions\/46303"}],"wp:featuredmedia":[{"embeddable":true,"href":"https:\/\/e-kart.com.ar\/index.php?rest_route=\/wp\/v2\/media\/46302"}],"wp:attachment":[{"href":"https:\/\/e-kart.com.ar\/index.php?rest_route=%2Fwp%2Fv2%2Fmedia&parent=46301"}],"wp:term":[{"taxonomy":"category","embeddable":true,"href":"https:\/\/e-kart.com.ar\/index.php?rest_route=%2Fwp%2Fv2%2Fcategories&post=46301"},{"taxonomy":"post_tag","embeddable":true,"href":"https:\/\/e-kart.com.ar\/index.php?rest_route=%2Fwp%2Fv2%2Ftags&post=46301"}],"curies":[{"name":"wp","href":"https:\/\/api.w.org\/{rel}","templated":true}]}}