{"id":46295,"date":"2026-08-31T18:29:59","date_gmt":"2026-08-31T21:29:59","guid":{"rendered":"https:\/\/e-kart.com.ar\/?p=46295"},"modified":"2026-08-31T18:29:59","modified_gmt":"2026-08-31T21:29:59","slug":"jp-sauco-peleo-desde-atras-en-zarate","status":"publish","type":"post","link":"https:\/\/e-kart.com.ar\/?p=46295","title":{"rendered":"JP.SAUCO: Pele\u00f3 desde atr\u00e1s en Z\u00e1rate"},"content":{"rendered":"<p class=\"has-medium-font-size\"><em>Con una buena capacidad de recuperaci\u00f3n en un domingo adverso, Juan Pablo Sauco consigui\u00f3 abrirse camino hasta la Final del Evento #3 del \u2018Invierno\u2019. El piloto de Bernal super\u00f3 el repechaje y volvi\u00f3 a avanzar desde el fondo en la decisiva, hasta que un incidente interrumpi\u00f3 su remontada en Senior Nacional.<\/em><\/p>\n<p><img decoding=\"async\" src=\"https:\/\/www.e-kartvirtualpress.com.ar\/jpsauco\/jpsauco_260830ro.jpg\"><\/p>\n<p><strong><br \/>Z\u00e1rate, Buenos Aires.<\/strong> Juan Pablo Sauco fue parte el pasado fin de semana del Evento #3 del Trofeo de Invierno de RMC Buenos Aires, desarrollado en el Kart\u00f3dromo \u2018Ciudad de Z\u00e1rate\u2019. El piloto de Bernal compiti\u00f3 dentro de la divisional Senior Nacional en la \u00faltima presentaci\u00f3n computable para la conformaci\u00f3n del H\u00e1ndicap con vistas a la RMC Final Argentina.<\/p>\n<p>Luego de los entrenamientos del s\u00e1bado, el domingo concentr\u00f3 toda la actividad puntuable del compromiso. Sauco inici\u00f3 la jornada con una clasificaci\u00f3n complicada, en la que qued\u00f3 ubicado en el P28, sin conseguir el rendimiento esperado sobre un trazado que, seg\u00fan explic\u00f3 posteriormente, le present\u00f3 dificultades desde la renovaci\u00f3n de su asfalto.<\/p>\n<p>El panorama se hizo todav\u00eda m\u00e1s complejo en la Serie 2. Un toque con otro competidor provoc\u00f3 su abandono cuando hab\u00eda completado siete vueltas y lo dej\u00f3 entre los pilotos no clasificados, oblig\u00e1ndolo a disputar el repechaje para buscar un lugar en la Final. All\u00ed logr\u00f3 revertir la situaci\u00f3n: alcanz\u00f3 el P5 y consigui\u00f3 el pase a la competencia decisiva.<\/p>\n<p>Partiendo desde las \u00faltimas posiciones, Sauco volvi\u00f3 a mostrar capacidad de recuperaci\u00f3n en la Final. Con un buen avance durante las primeras vueltas, fue superando rivales y recuperando terreno hasta que un nuevo incidente termin\u00f3 anticipadamente con su carrera, luego de ocho giros.<\/p>\n<p><img decoding=\"async\" src=\"https:\/\/www.e-kartvirtualpress.com.ar\/jpsauco\/jpsauco_3_260830ro.jpg\"><\/p>\n<p>Al repasar lo sucedido, el piloto de Bernal se\u00f1al\u00f3: <strong><em>\u201cFue un domingo bastante dif\u00edcil. Este circuito nos cuesta mucho desde que se corre con el nuevo asfalto y nunca terminamos de encontrarle la vuelta. En la clasificaci\u00f3n quedamos bastante atr\u00e1s. Despu\u00e9s, en nuestra serie tuvimos que abandonar por un toque con otro piloto y eso nos complic\u00f3 todo el fin de semana. En la Final ven\u00eda remontando, pasando autos a lo loco, hasta que un piloto se tir\u00f3 a pasar a otro y termin\u00f3 choc\u00e1ndome a m\u00ed. Ah\u00ed se termin\u00f3 nuestra carrera\u201d<\/em><\/strong>.<\/p>\n<p><strong><em>\u201cAhora habr\u00e1 que ver si podemos estar en Sunchales dentro de Senior Max, dependiendo del presupuesto. Si no, vamos a salir a pelear por el cupo en la Senior Nacional. La verdad es que me veo muy bien y con buenas expectativas para la pr\u00f3xima\u201d<\/em><\/strong>.<\/p>\n<p>Antes de cerrar su paso por Z\u00e1rate, Sauco expres\u00f3: <strong><em>\u201cQuiero agradecer al equipo RC Pro Racing de Ra\u00fal Colombo, a todos los mec\u00e1nicos, a Alan, a la Escuela de Pilotos APAD de Ciudad Evita, a los profesores Gerardo, Dami\u00e1n y Gast\u00f3n, a Odino del Car, a Enzo Torres por su trabajo en la telemetr\u00eda, a toda la gente que integra el equipo y a todos mis amigos y compa\u00f1eros\u201d<\/em><\/strong>.<\/p>\n<p>Luego de esta presentaci\u00f3n, Sauco qued\u00f3 ubicado en el P15 del campeonato de RMC Buenos Aires con 35 puntos. Su pr\u00f3ximo objetivo ser\u00e1 la RMC Final Argentina, prevista para el 18, 19 y 20 de septiembre en el Kart\u00f3dromo \u2018Sudamericano\u2019, en Sunchales, Santa Fe, donde evaluar\u00e1 su participaci\u00f3n en Senior Max o buscar\u00e1 el cupo mundialista desde Senior Nacional.<\/p>\n<p><img decoding=\"async\" src=\"https:\/\/www.e-kartvirtualpress.com.ar\/jpsauco\/jpsauco_2_260830ro.jpg\"><\/p>\n<p>Ph. Prensa E-Kart<br \/>Inform\u00f3: E-Kart Virtual Press<\/p>\n","protected":false},"excerpt":{"rendered":"<p>Con una buena capacidad de recuperaci\u00f3n en un domingo adverso, Juan Pablo Sauco consigui\u00f3 abrirse camino hasta la Final del Evento #3 del \u2018Invierno\u2019. El piloto de Bernal super\u00f3 el repechaje y volvi\u00f3 a avanzar desde el fondo en la decisiva, hasta que un incidente interrumpi\u00f3 su remontada en Senior Nacional.<\/p>\n","protected":false},"author":1,"featured_media":46296,"comment_status":"closed","ping_status":"closed","sticky":false,"template":"","format":"standard","meta":{"footnotes":""},"categories":[1948,1955,1976],"tags":[],"class_list":["post-46295","post","type-post","status-publish","format-standard","has-post-thumbnail","hentry","category-pilotos-ekvp","category-rmc-buenos-aires","category-rmc-grand-nationals"],"_links":{"self":[{"href":"https:\/\/e-kart.com.ar\/index.php?rest_route=\/wp\/v2\/posts\/46295","targetHints":{"allow":["GET"]}}],"collection":[{"href":"https:\/\/e-kart.com.ar\/index.php?rest_route=\/wp\/v2\/posts"}],"about":[{"href":"https:\/\/e-kart.com.ar\/index.php?rest_route=\/wp\/v2\/types\/post"}],"author":[{"embeddable":true,"href":"https:\/\/e-kart.com.ar\/index.php?rest_route=\/wp\/v2\/users\/1"}],"replies":[{"embeddable":true,"href":"https:\/\/e-kart.com.ar\/index.php?rest_route=%2Fwp%2Fv2%2Fcomments&post=46295"}],"version-history":[{"count":1,"href":"https:\/\/e-kart.com.ar\/index.php?rest_route=\/wp\/v2\/posts\/46295\/revisions"}],"predecessor-version":[{"id":46297,"href":"https:\/\/e-kart.com.ar\/index.php?rest_route=\/wp\/v2\/posts\/46295\/revisions\/46297"}],"wp:featuredmedia":[{"embeddable":true,"href":"https:\/\/e-kart.com.ar\/index.php?rest_route=\/wp\/v2\/media\/46296"}],"wp:attachment":[{"href":"https:\/\/e-kart.com.ar\/index.php?rest_route=%2Fwp%2Fv2%2Fmedia&parent=46295"}],"wp:term":[{"taxonomy":"category","embeddable":true,"href":"https:\/\/e-kart.com.ar\/index.php?rest_route=%2Fwp%2Fv2%2Fcategories&post=46295"},{"taxonomy":"post_tag","embeddable":true,"href":"https:\/\/e-kart.com.ar\/index.php?rest_route=%2Fwp%2Fv2%2Ftags&post=46295"}],"curies":[{"name":"wp","href":"https:\/\/api.w.org\/{rel}","templated":true}]}}