{"id":46286,"date":"2026-08-31T17:48:51","date_gmt":"2026-08-31T20:48:51","guid":{"rendered":"https:\/\/e-kart.com.ar\/?p=46286"},"modified":"2026-08-31T17:48:51","modified_gmt":"2026-08-31T20:48:51","slug":"c-carmona-clasifico-adelante-pero-no-pudo-redondear","status":"publish","type":"post","link":"https:\/\/e-kart.com.ar\/?p=46286","title":{"rendered":"C.CARMONA: Clasific\u00f3 adelante, pero no pudo redondear"},"content":{"rendered":"<p class=\"has-medium-font-size\"><em>Con argumentos para aspirar a m\u00e1s en el Evento #3 del \u2018Invierno\u2019, Ciro Carmona marc\u00f3 su paso por Z\u00e1rate. El piloto de Pilar tuvo muy buenos pasajes en Senior Nacional a lo largo del fin de semana y ya enfoca sus expectativas en la RMC Final Argentina.<\/em><\/p>\n<p><img decoding=\"async\" src=\"https:\/\/www.e-kartvirtualpress.com.ar\/ccarmona\/ccarmona_260830ro.jpg\"><\/p>\n<p><strong><br \/>Z\u00e1rate, Buenos Aires.<\/strong> El pasado fin de semana, Ciro Carmona se present\u00f3 en el Kart\u00f3dromo bonaerense \u2018Ciudad de Z\u00e1rate\u2019, para disputar la \u00faltima competencia computable para la conformaci\u00f3n del H\u00e1ndicap con vistas a la RMC Final Argentina. El representante de Pilar lleg\u00f3 a esta cita para afrontar una nueva presentaci\u00f3n dentro de la divisional Senior Nacional.<\/p>\n<p>Luego de los entrenamientos del s\u00e1bado, la actividad oficial se concentr\u00f3 durante la jornada dominical. Carmona comenz\u00f3 con una buena clasificaci\u00f3n, en la que consigui\u00f3 el P6. M\u00e1s tarde le correspondi\u00f3 disputar la Serie 2, donde se vio impedido de sostener sus aspiraciones y complet\u00f3 la prueba en el P9.<\/p>\n<p>En la Final, el piloto del RG Racing Kart realiz\u00f3 una buena largada y busc\u00f3 avanzar, pero distintos incidentes con otros competidores fueron condicionando su carrera. Finalmente recibi\u00f3 un recargo por trompa que lo releg\u00f3 al P18 en el clasificador definitivo.<\/p>\n<p>Al concluir el fin de semana, Carmona analiz\u00f3 su actuaci\u00f3n: <strong><em>\u201cLa verdad es que no fue el fin de semana que esper\u00e1bamos. Sab\u00edamos que ten\u00edamos para m\u00e1s. En la clasificaci\u00f3n estuvimos bien, pero en nuestra serie, por un error m\u00edo, no pudimos terminar m\u00e1s adelante. En la Final dimos todo, pero no alcanz\u00f3. Hicimos una buena largada, pero despu\u00e9s hubo varios incidentes con otros pilotos y eso nos complic\u00f3 la carrera. Ahora ya estamos pensando en Sunchales. Vamos a ir con las mejores expectativas y a dar todo, como hacemos siempre\u201d<\/em><\/strong>.<\/p>\n<p><img decoding=\"async\" src=\"https:\/\/www.e-kartvirtualpress.com.ar\/ccarmona\/ccarmona_3_260830ro.jpg\"><\/p>\n<p>Antes de dejar Z\u00e1rate, el piloto de Pilar expres\u00f3: <strong><em>\u201cQuiero agradecer a todo el RG Racing Kart por el trabajo de todo el fin de semana, especialmente a Rub\u00e9n Guerra, a Mart\u00edn Ferreyra, a Axion por el motor y a Mariano Giozzi por el acompa\u00f1amiento\u201d<\/em><\/strong>.<\/p>\n<p>Con estos resultados, Carmona qued\u00f3 ubicado en el P8 del campeonato de RMC Buenos Aires con 61 puntos. Su pr\u00f3xima presentaci\u00f3n ser\u00e1 en la RMC Final Argentina, que se disputar\u00e1 los d\u00edas 18, 19 y 20 de septiembre en el Kart\u00f3dromo \u2018Sudamericano\u2019, en Sunchales, Santa Fe, donde estar\u00e1n en juego los cupos para la IRMC Grand Finals.<\/p>\n<p><img decoding=\"async\" src=\"https:\/\/www.e-kartvirtualpress.com.ar\/ccarmona\/ccarmona_2_260830ro.jpg\"><\/p>\n<p>Ph. Prensa E-Kart<br \/>Inform\u00f3: E-Kart Virtual Press<\/p>\n","protected":false},"excerpt":{"rendered":"<p>Con argumentos para aspirar a m\u00e1s en el Evento #3 del \u2018Invierno\u2019, Ciro Carmona marc\u00f3 su paso por Z\u00e1rate. El piloto de Pilar tuvo muy buenos pasajes en Senior Nacional a lo largo del fin de semana y ya enfoca sus expectativas en la RMC Final Argentina.<\/p>\n","protected":false},"author":1,"featured_media":46287,"comment_status":"closed","ping_status":"closed","sticky":false,"template":"","format":"standard","meta":{"footnotes":""},"categories":[1948,1955,1976],"tags":[],"class_list":["post-46286","post","type-post","status-publish","format-standard","has-post-thumbnail","hentry","category-pilotos-ekvp","category-rmc-buenos-aires","category-rmc-grand-nationals"],"_links":{"self":[{"href":"https:\/\/e-kart.com.ar\/index.php?rest_route=\/wp\/v2\/posts\/46286","targetHints":{"allow":["GET"]}}],"collection":[{"href":"https:\/\/e-kart.com.ar\/index.php?rest_route=\/wp\/v2\/posts"}],"about":[{"href":"https:\/\/e-kart.com.ar\/index.php?rest_route=\/wp\/v2\/types\/post"}],"author":[{"embeddable":true,"href":"https:\/\/e-kart.com.ar\/index.php?rest_route=\/wp\/v2\/users\/1"}],"replies":[{"embeddable":true,"href":"https:\/\/e-kart.com.ar\/index.php?rest_route=%2Fwp%2Fv2%2Fcomments&post=46286"}],"version-history":[{"count":1,"href":"https:\/\/e-kart.com.ar\/index.php?rest_route=\/wp\/v2\/posts\/46286\/revisions"}],"predecessor-version":[{"id":46290,"href":"https:\/\/e-kart.com.ar\/index.php?rest_route=\/wp\/v2\/posts\/46286\/revisions\/46290"}],"wp:featuredmedia":[{"embeddable":true,"href":"https:\/\/e-kart.com.ar\/index.php?rest_route=\/wp\/v2\/media\/46287"}],"wp:attachment":[{"href":"https:\/\/e-kart.com.ar\/index.php?rest_route=%2Fwp%2Fv2%2Fmedia&parent=46286"}],"wp:term":[{"taxonomy":"category","embeddable":true,"href":"https:\/\/e-kart.com.ar\/index.php?rest_route=%2Fwp%2Fv2%2Fcategories&post=46286"},{"taxonomy":"post_tag","embeddable":true,"href":"https:\/\/e-kart.com.ar\/index.php?rest_route=%2Fwp%2Fv2%2Ftags&post=46286"}],"curies":[{"name":"wp","href":"https:\/\/api.w.org\/{rel}","templated":true}]}}