{"id":46270,"date":"2026-08-31T16:30:17","date_gmt":"2026-08-31T19:30:17","guid":{"rendered":"https:\/\/e-kart.com.ar\/?p=46270"},"modified":"2026-08-31T16:30:17","modified_gmt":"2026-08-31T19:30:17","slug":"b-gartner-debuto-en-zarate-y-con-electricos","status":"publish","type":"post","link":"https:\/\/e-kart.com.ar\/?p=46270","title":{"rendered":"B.GARTNER: Debut\u00f3 en Z\u00e1rate y con el\u00e9ctricos"},"content":{"rendered":"<p class=\"has-medium-font-size\"><em>Benjam\u00edn Gartner concret\u00f3 su debut en RMC Buenos Aires durante el Evento #3 del Trofeo de Invierno, disputado en Z\u00e1rate. El joven piloto de Leandro N. Alem tuvo su primera experiencia en E10 Mini y complet\u00f3 un fin de semana de aprendizaje en la divisional de kartings el\u00e9ctricos.<\/em><\/p>\n<p><img decoding=\"async\" src=\"https:\/\/www.e-kartvirtualpress.com.ar\/bgartner\/bgartner_260830ro.jpg\"><\/p>\n<p><strong><br \/>Z\u00e1rate, Buenos Aires.<\/strong> El pasado fin de semana, Benjam\u00edn Gartner se present\u00f3 por primera vez en RMC Buenos Aires durante el Evento #3 del Trofeo de Invierno, disputado en el Kart\u00f3dromo \u2018Ciudad de Z\u00e1rate\u2019, en la provincia de Buenos Aires. El joven volante de Leandro N. Alem, Misiones, afront\u00f3 una experiencia completamente nueva, con participaci\u00f3n en Mini Max y su posterior debut en E10 Mini, la divisional de kartings el\u00e9ctricos incorporada recientemente al certamen.<\/p>\n<p>Con el objetivo principal puesto en las competencias de E10 Mini del domingo, Gartner aprovech\u00f3 la jornada sabatina de Mini Max para comenzar a conocer el trazado y sumar kil\u00f3metros de adaptaci\u00f3n. La experiencia tambi\u00e9n signific\u00f3 su primer contacto en competencia con los motores Rotax, por lo que las distintas salidas a pista le permitieron acumular referencias y familiarizarse progresivamente con un escenario que hasta entonces desconoc\u00eda.<\/p>\n<p>Tras completar esa primera jornada, Benjam\u00edn reconoci\u00f3 las dificultades propias de afrontar tantas novedades al mismo tiempo: <strong><em>\u201cLa verdad es que este fin de semana se presenta complicado. El circuito es nuevo para m\u00ed y tambi\u00e9n es la primera vez que corro con estos motores, as\u00ed que me cost\u00f3 adaptarme. Para el domingo vamos a tratar de mejorar y seguir aprendiendo. El objetivo siempre es ir para adelante\u201d<\/em><\/strong>.<\/p>\n<p>El domingo lleg\u00f3 el momento de concentrarse exclusivamente en E10 Mini y afrontar una nueva adaptaci\u00f3n, esta vez al manejo de los kartings el\u00e9ctricos. Gartner comenz\u00f3 la actividad con el P12 en la clasificaci\u00f3n y posteriormente ocup\u00f3 el P14 en la Serie. En la Final logr\u00f3 progresar una posici\u00f3n para recibir la bandera de cuadros en el P13, completando as\u00ed su primera experiencia competitiva en la divisional.<\/p>\n<p><img decoding=\"async\" src=\"https:\/\/www.e-kartvirtualpress.com.ar\/bgartner\/bgartner_3_260830ro.jpg\"><\/p>\n<p>Luego de su debut, el piloto misionero valor\u00f3 positivamente el contacto con una modalidad completamente diferente a la que conoc\u00eda: <strong><em>\u201cLa experiencia con los kartings el\u00e9ctricos fue muy linda. Me gust\u00f3 mucho porque era algo que nunca hab\u00eda manejado. Es muy distinto a los kartings a los que estoy acostumbrado. Esperaba un resultado un poco mejor, pero vamos a seguir trabajando para lograrlo en la pr\u00f3xima\u201d<\/em><\/strong>.<\/p>\n<p>Antes de despedirse de Z\u00e1rate, Gartner expres\u00f3: <strong><em>\u00abQuiero agradecer a mi pap\u00e1, a mi mam\u00e1, a mis hermanas, a mis t\u00edos, t\u00edas y primos, a mis abuelas, a mis amigos, al equipo Cronos Racing, a Federico Sanz, y en especial a mi sponsor Bolsaplast SRL\u00bb<\/em><\/strong>.<\/p>\n<p>En un fin de semana destinado principalmente a sumar experiencia y conocer nuevas herramientas, Gartner complet\u00f3 su debut en E10 Mini con 10 puntos, que lo ubican en el P19 del campeonato de RMC Buenos Aires. Su pr\u00f3xima competencia ser\u00e1 la RMC Final Argentina, prevista para los d\u00edas 18, 19 y 20 de septiembre en el Kart\u00f3dromo \u2018Sudamericano\u2019, en Sunchales, Santa Fe, donde se definir\u00e1n los cupos para la IRMC Grand Finals.<\/p>\n<p><img decoding=\"async\" src=\"https:\/\/www.e-kartvirtualpress.com.ar\/bgartner\/bgartner_2_260830ro.jpg\"><\/p>\n<p>Ph. Prensa E-Kart<br \/>Inform\u00f3: E-Kart Virtual Press<\/p>\n","protected":false},"excerpt":{"rendered":"<p>Benjam\u00edn Gartner concret\u00f3 su debut en RMC Buenos Aires durante el Evento #3 del Trofeo de Invierno, disputado en Z\u00e1rate. El joven piloto de Leandro N. Alem tuvo su primera experiencia en E10 Mini y complet\u00f3 un fin de semana de aprendizaje en la divisional de kartings el\u00e9ctricos.<\/p>\n","protected":false},"author":1,"featured_media":46271,"comment_status":"closed","ping_status":"closed","sticky":false,"template":"","format":"standard","meta":{"footnotes":""},"categories":[1948,1955,1976],"tags":[],"class_list":["post-46270","post","type-post","status-publish","format-standard","has-post-thumbnail","hentry","category-pilotos-ekvp","category-rmc-buenos-aires","category-rmc-grand-nationals"],"_links":{"self":[{"href":"https:\/\/e-kart.com.ar\/index.php?rest_route=\/wp\/v2\/posts\/46270","targetHints":{"allow":["GET"]}}],"collection":[{"href":"https:\/\/e-kart.com.ar\/index.php?rest_route=\/wp\/v2\/posts"}],"about":[{"href":"https:\/\/e-kart.com.ar\/index.php?rest_route=\/wp\/v2\/types\/post"}],"author":[{"embeddable":true,"href":"https:\/\/e-kart.com.ar\/index.php?rest_route=\/wp\/v2\/users\/1"}],"replies":[{"embeddable":true,"href":"https:\/\/e-kart.com.ar\/index.php?rest_route=%2Fwp%2Fv2%2Fcomments&post=46270"}],"version-history":[{"count":1,"href":"https:\/\/e-kart.com.ar\/index.php?rest_route=\/wp\/v2\/posts\/46270\/revisions"}],"predecessor-version":[{"id":46285,"href":"https:\/\/e-kart.com.ar\/index.php?rest_route=\/wp\/v2\/posts\/46270\/revisions\/46285"}],"wp:featuredmedia":[{"embeddable":true,"href":"https:\/\/e-kart.com.ar\/index.php?rest_route=\/wp\/v2\/media\/46271"}],"wp:attachment":[{"href":"https:\/\/e-kart.com.ar\/index.php?rest_route=%2Fwp%2Fv2%2Fmedia&parent=46270"}],"wp:term":[{"taxonomy":"category","embeddable":true,"href":"https:\/\/e-kart.com.ar\/index.php?rest_route=%2Fwp%2Fv2%2Fcategories&post=46270"},{"taxonomy":"post_tag","embeddable":true,"href":"https:\/\/e-kart.com.ar\/index.php?rest_route=%2Fwp%2Fv2%2Ftags&post=46270"}],"curies":[{"name":"wp","href":"https:\/\/api.w.org\/{rel}","templated":true}]}}