{"id":46268,"date":"2026-08-31T16:30:11","date_gmt":"2026-08-31T19:30:11","guid":{"rendered":"https:\/\/e-kart.com.ar\/?p=46268"},"modified":"2026-08-31T16:30:11","modified_gmt":"2026-08-31T19:30:11","slug":"f-gonzalez-rapida-adaptacion-al-desafio-electrico","status":"publish","type":"post","link":"https:\/\/e-kart.com.ar\/?p=46268","title":{"rendered":"F.GONZ\u00c1LEZ: R\u00e1pida adaptaci\u00f3n al desaf\u00edo el\u00e9ctrico"},"content":{"rendered":"<p class=\"has-medium-font-size\"><em>En su debut en E10 Mini, Felipe Gonz\u00e1lez se meti\u00f3 en la pelea por los puestos de vanguardia durante el Evento #3 de RMC Buenos Aires, en Z\u00e1rate. El piloto de Posadas se mantuvo entre los cinco primeros en la etapa clasificatoria y luch\u00f3 adelante en la Final.<\/em><\/p>\n<p><img decoding=\"async\" src=\"https:\/\/www.e-kartvirtualpress.com.ar\/fgonzalez2\/fgonzalez2_260830ro.jpg\"><\/p>\n<p><strong><br \/>Z\u00e1rate, Buenos Aires.<\/strong> El pasado fin de semana, Felipe Gonz\u00e1lez se sum\u00f3 a la fecha conjunta que RMC Buenos Aires y RMC Grand Nationals llevaron adelante en el Kart\u00f3dromo \u2018Ciudad de Z\u00e1rate\u2019, en la provincia de Buenos Aires. El joven piloto de Posadas, Misiones, concret\u00f3 su debut en E10 Mini, la divisional de kartings el\u00e9ctricos, por el Evento #3 del Trofeo de Invierno de RMC Buenos Aires. La cita fue, adem\u00e1s, la \u00faltima presentaci\u00f3n computable para la conformaci\u00f3n del H\u00e1ndicap con vistas a la RMC Final Argentina.<\/p>\n<p>La actividad competitiva de E10 Mini se concentr\u00f3 el domingo y signific\u00f3 para Gonz\u00e1lez su primer contacto en carrera con la divisional de kartings el\u00e9ctricos incorporada recientemente al certamen. La adaptaci\u00f3n fue r\u00e1pida: en la clasificaci\u00f3n consigui\u00f3 ubicarse en el P5 y posteriormente sostuvo esa misma posici\u00f3n durante la Serie, manteni\u00e9ndose entre los protagonistas de la jornada.<\/p>\n<p>En la Final, Felipe volvi\u00f3 a mostrarse competitivo y consigui\u00f3 involucrarse en la lucha por las posiciones de adelante. Mientras buscaba progresar dentro del pelot\u00f3n, un roce con otro karting lo retras\u00f3 y le impidi\u00f3 sostenerse en esa pelea. Finalmente recibi\u00f3 la bandera de cuadros en el P8, completando as\u00ed su primera participaci\u00f3n en E10 Mini.<\/p>\n<p>Tras bajarse del karting, Gonz\u00e1lez valor\u00f3 especialmente la experiencia y el rendimiento alcanzado en su debut: <strong><em>\u201cFue una muy linda experiencia. Me gust\u00f3 mucho correr con los kartings el\u00e9ctricos y disfrut\u00e9 mucho la carrera. Ven\u00edamos peleando por los primeros puestos, pero tuvimos un roce con otro karting y eso nos dej\u00f3 m\u00e1s atr\u00e1s. El balance es muy bueno. Ojal\u00e1 podamos estar presentes tambi\u00e9n en la pr\u00f3xima fecha\u201d<\/em><\/strong>.<\/p>\n<p><img decoding=\"async\" src=\"https:\/\/www.e-kartvirtualpress.com.ar\/fgonzalez2\/fgonzalez2_3_260830ro.jpg\"><\/p>\n<p>En el cierre de su presentaci\u00f3n, Felipe agradeci\u00f3: <strong><em>\u201cQuiero agradecer a mi pap\u00e1, mi mam\u00e1, a toda mi familia, al equipo Tardito Racing, a H\u00e9ctor Tardito\u00bb<\/em><\/strong>.<\/p>\n<p>Con los resultados obtenidos en su primera participaci\u00f3n, Gonz\u00e1lez reuni\u00f3 24 puntos y qued\u00f3 ubicado en el P11 del campeonato de E10 Mini de RMC Buenos Aires. Su presencia en la RMC Final Argentina a\u00fan resta confirmarse; la competencia se llevar\u00e1 adelante los d\u00edas 18, 19 y 20 de septiembre en el Kart\u00f3dromo \u2018Sudamericano\u2019, en Sunchales, Santa Fe.<\/p>\n<p><img decoding=\"async\" src=\"https:\/\/www.e-kartvirtualpress.com.ar\/fgonzalez2\/fgonzalez2_2_260830ro.jpg\"><\/p>\n<p>Ph. Prensa E-Kart<br \/>Inform\u00f3: E-Kart Virtual Press<\/p>\n","protected":false},"excerpt":{"rendered":"<p>En su debut en E10 Mini, Felipe Gonz\u00e1lez se meti\u00f3 en la pelea por los puestos de vanguardia durante el Evento #3 de RMC Buenos Aires, en Z\u00e1rate. El piloto de Posadas se mantuvo entre los cinco primeros en la etapa clasificatoria y luch\u00f3 adelante en la Final.<\/p>\n","protected":false},"author":1,"featured_media":46269,"comment_status":"closed","ping_status":"closed","sticky":false,"template":"","format":"standard","meta":{"footnotes":""},"categories":[1948,1955,1976],"tags":[],"class_list":["post-46268","post","type-post","status-publish","format-standard","has-post-thumbnail","hentry","category-pilotos-ekvp","category-rmc-buenos-aires","category-rmc-grand-nationals"],"_links":{"self":[{"href":"https:\/\/e-kart.com.ar\/index.php?rest_route=\/wp\/v2\/posts\/46268","targetHints":{"allow":["GET"]}}],"collection":[{"href":"https:\/\/e-kart.com.ar\/index.php?rest_route=\/wp\/v2\/posts"}],"about":[{"href":"https:\/\/e-kart.com.ar\/index.php?rest_route=\/wp\/v2\/types\/post"}],"author":[{"embeddable":true,"href":"https:\/\/e-kart.com.ar\/index.php?rest_route=\/wp\/v2\/users\/1"}],"replies":[{"embeddable":true,"href":"https:\/\/e-kart.com.ar\/index.php?rest_route=%2Fwp%2Fv2%2Fcomments&post=46268"}],"version-history":[{"count":1,"href":"https:\/\/e-kart.com.ar\/index.php?rest_route=\/wp\/v2\/posts\/46268\/revisions"}],"predecessor-version":[{"id":46284,"href":"https:\/\/e-kart.com.ar\/index.php?rest_route=\/wp\/v2\/posts\/46268\/revisions\/46284"}],"wp:featuredmedia":[{"embeddable":true,"href":"https:\/\/e-kart.com.ar\/index.php?rest_route=\/wp\/v2\/media\/46269"}],"wp:attachment":[{"href":"https:\/\/e-kart.com.ar\/index.php?rest_route=%2Fwp%2Fv2%2Fmedia&parent=46268"}],"wp:term":[{"taxonomy":"category","embeddable":true,"href":"https:\/\/e-kart.com.ar\/index.php?rest_route=%2Fwp%2Fv2%2Fcategories&post=46268"},{"taxonomy":"post_tag","embeddable":true,"href":"https:\/\/e-kart.com.ar\/index.php?rest_route=%2Fwp%2Fv2%2Ftags&post=46268"}],"curies":[{"name":"wp","href":"https:\/\/api.w.org\/{rel}","templated":true}]}}