{"id":46264,"date":"2026-08-31T16:29:56","date_gmt":"2026-08-31T19:29:56","guid":{"rendered":"https:\/\/e-kart.com.ar\/?p=46264"},"modified":"2026-08-31T16:29:56","modified_gmt":"2026-08-31T19:29:56","slug":"b-rein-celebro-su-cumpleanos-acelerando-en-zarate","status":"publish","type":"post","link":"https:\/\/e-kart.com.ar\/?p=46264","title":{"rendered":"B.REIN: Celebr\u00f3 su cumplea\u00f1os acelerando en Z\u00e1rate"},"content":{"rendered":"<p class=\"has-medium-font-size\"><em>En Z\u00e1rate, Benjam\u00edn Rein se mantuvo entre los protagonistas de Mini Max en la fecha conjunta de Rotax. El piloto de Villa General Belgrano conserv\u00f3 el P2 del certamen anual de RMC Grand Nationals y volvi\u00f3 a presentarse en la clase E10 Mini de RMC Buenos Aires.<\/em><\/p>\n<p><img decoding=\"async\" src=\"https:\/\/www.e-kartvirtualpress.com.ar\/brein\/brein_260830ro.jpg\"><\/p>\n<p><strong><br \/>Z\u00e1rate, Buenos Aires.<\/strong> Benjam\u00edn Rein afront\u00f3 el pasado fin de semana una nueva presentaci\u00f3n durante la fecha conjunta de Rotax, en el Kart\u00f3dromo \u2018Ciudad de Z\u00e1rate\u2019, en la provincia de Buenos Aires. El piloto de Villa General Belgrano compiti\u00f3 en Mini Max puntuando simult\u00e1neamente por el Evento #3 del Trofeo de Invierno de RMC Buenos Aires y por el Evento #7 del Campeonato Anual de RMC Grand Nationals. Adem\u00e1s, volvi\u00f3 a presentarse en la E10 Mini de RMC Buenos Aires, divisional de kartings el\u00e9ctricos. La cita fue la \u00faltima que comput\u00f3 para la conformaci\u00f3n del H\u00e1ndicap rumbo a la RMC Final Argentina.<\/p>\n<p>El s\u00e1bado, jornada en la que adem\u00e1s celebr\u00f3 su cumplea\u00f1os, Rein inici\u00f3 la actividad puntuable de Mini Max con el P18 en la clasificaci\u00f3n general, resultado que represent\u00f3 el P2 entre los pilotos de Grand Nationals. En la Manga 1 repiti\u00f3 ambas posiciones, aunque un incidente en el que su karting se mont\u00f3 con el de otro competidor complic\u00f3 el desarrollo de la prueba.<\/p>\n<p>Las dificultades continuaron en la Manga 2, cuando el motor se apag\u00f3 y Benjam\u00edn perdi\u00f3 terreno. Termin\u00f3 nuevamente en el P18 de la general y ocup\u00f3 el P3 de Grand Nationals. La \u00faltima bater\u00eda mostr\u00f3 una recuperaci\u00f3n: realiz\u00f3 una buena largada, consigui\u00f3 avanzar varias posiciones y alcanz\u00f3 el P15 general, manteni\u00e9ndose en el P3 entre los pilotos de Grand Nationals.<\/p>\n<p>Al concluir el s\u00e1bado, Rein coment\u00f3: <strong><em>\u201cArrancamos bien el fin de semana. En las mangas se nos complic\u00f3 un poco. En la primera nos montamos con otro karting, en la segunda se nos apag\u00f3 el motor y eso nos hizo perder mucho. En la tercera pudimos hacer una buena largada, sin problemas, y remontar varias posiciones. Para el domingo vamos a tratar de seguir avanzando e intentar ganar entre los pilotos de Grand Nationals\u201d<\/em><\/strong>.<\/p>\n<p><img decoding=\"async\" src=\"https:\/\/www.e-kartvirtualpress.com.ar\/brein\/brein_3_260830ro.jpg\"><\/p>\n<p>El domingo, la Final de Mini Max termin\u00f3 prematuramente para el cordob\u00e9s. Rein hab\u00eda realizado una buena largada, pero un incidente termin\u00f3 provocando su abandono cuando llevaba cinco vueltas cumplidas. La deserci\u00f3n le impidi\u00f3 sumar el resultado que buscaba tanto en la clasificaci\u00f3n general de RMC Buenos Aires como dentro de Grand Nationals.<\/p>\n<p>En la jornada del domingo intercal\u00f3 su participaci\u00f3n en la divisional de kartings el\u00e9ctricos. En E10 Mini, Rein marc\u00f3 el P8 en la clasificaci\u00f3n y posteriormente complet\u00f3 la Serie en el P9. En la Final volvi\u00f3 a avanzar y cruz\u00f3 la bandera a cuadros en el P7, aunque las dificultades para sostener el ritmo en las \u00faltimas vueltas le impidieron progresar m\u00e1s en el clasificador.<\/p>\n<p>Al evaluar su domingo en ambas divisionales, Benjam\u00edn explic\u00f3: <strong><em>\u201cEn la Mini Max no pudimos terminar como esper\u00e1bamos. En la Final hab\u00edamos largado bien, pero en la tercera curva nos chocaron de atr\u00e1s y tuvimos que abandonar. Y en E10 Mini no se dio la carrera como quer\u00edamos. El fin de semana fue complicado en general. Nos costaron mucho las \u00faltimas vueltas, nos pasaron y nos cost\u00f3 mantener el ritmo. No me voy muy conforme\u201d<\/em><\/strong>.<\/p>\n<p>Antes de despedirse de Z\u00e1rate, Rein expres\u00f3: <strong><em>\u201cQuiero agradecer a mi mam\u00e1, a mi pap\u00e1, a toda mi familia, a Julieta, a mi equipo SMS Racing Kart, a Axion, a L\u00fcsqtoff Racing\u00bb<\/em><\/strong>.<\/p>\n<p>M\u00e1s all\u00e1 del abandono que le impidi\u00f3 cerrar como esperaba su actuaci\u00f3n en Mini Max, Rein dej\u00f3 Z\u00e1rate manteniendo el P2 del Campeonato Anual de RMC Grand Nationals, donde acumula 468 puntos y contin\u00faa entre los principales candidatos del certamen. En su primera presentaci\u00f3n dentro del Trofeo de Invierno de RMC Buenos Aires sum\u00f3 5 unidades, mientras que en su segunda presentaci\u00f3n en E10 Mini qued\u00f3 ubicado en el P6 con 45 puntos. Su pr\u00f3xima convocatoria a pista ser\u00e1 por la RMC Final Argentina, que se disputar\u00e1 del 18 al 20 de septiembre en el Kart\u00f3dromo \u2018Sudamericano\u2019 de Sunchales, Santa Fe, donde se definir\u00e1n los cupos para las IRMC Grand Finals.<\/p>\n<p><img decoding=\"async\" src=\"https:\/\/www.e-kartvirtualpress.com.ar\/brein\/brein_2_260830ro.jpg\"><\/p>\n<p>Ph. Prensa E-Kart<br \/>Inform\u00f3: E-Kart Virtual Press<\/p>\n","protected":false},"excerpt":{"rendered":"<p>En Z\u00e1rate, Benjam\u00edn Rein se mantuvo entre los protagonistas de Mini Max en la fecha conjunta de Rotax. El piloto de Villa General Belgrano conserv\u00f3 el P2 del certamen anual de RMC Grand Nationals y volvi\u00f3 a presentarse en la clase E10 Mini de RMC Buenos Aires.<\/p>\n","protected":false},"author":1,"featured_media":46265,"comment_status":"closed","ping_status":"closed","sticky":false,"template":"","format":"standard","meta":{"footnotes":""},"categories":[1948,1955,1976],"tags":[],"class_list":["post-46264","post","type-post","status-publish","format-standard","has-post-thumbnail","hentry","category-pilotos-ekvp","category-rmc-buenos-aires","category-rmc-grand-nationals"],"_links":{"self":[{"href":"https:\/\/e-kart.com.ar\/index.php?rest_route=\/wp\/v2\/posts\/46264","targetHints":{"allow":["GET"]}}],"collection":[{"href":"https:\/\/e-kart.com.ar\/index.php?rest_route=\/wp\/v2\/posts"}],"about":[{"href":"https:\/\/e-kart.com.ar\/index.php?rest_route=\/wp\/v2\/types\/post"}],"author":[{"embeddable":true,"href":"https:\/\/e-kart.com.ar\/index.php?rest_route=\/wp\/v2\/users\/1"}],"replies":[{"embeddable":true,"href":"https:\/\/e-kart.com.ar\/index.php?rest_route=%2Fwp%2Fv2%2Fcomments&post=46264"}],"version-history":[{"count":1,"href":"https:\/\/e-kart.com.ar\/index.php?rest_route=\/wp\/v2\/posts\/46264\/revisions"}],"predecessor-version":[{"id":46282,"href":"https:\/\/e-kart.com.ar\/index.php?rest_route=\/wp\/v2\/posts\/46264\/revisions\/46282"}],"wp:featuredmedia":[{"embeddable":true,"href":"https:\/\/e-kart.com.ar\/index.php?rest_route=\/wp\/v2\/media\/46265"}],"wp:attachment":[{"href":"https:\/\/e-kart.com.ar\/index.php?rest_route=%2Fwp%2Fv2%2Fmedia&parent=46264"}],"wp:term":[{"taxonomy":"category","embeddable":true,"href":"https:\/\/e-kart.com.ar\/index.php?rest_route=%2Fwp%2Fv2%2Fcategories&post=46264"},{"taxonomy":"post_tag","embeddable":true,"href":"https:\/\/e-kart.com.ar\/index.php?rest_route=%2Fwp%2Fv2%2Ftags&post=46264"}],"curies":[{"name":"wp","href":"https:\/\/api.w.org\/{rel}","templated":true}]}}