{"id":46260,"date":"2026-08-31T16:29:45","date_gmt":"2026-08-31T19:29:45","guid":{"rendered":"https:\/\/e-kart.com.ar\/?p=46260"},"modified":"2026-08-31T16:29:45","modified_gmt":"2026-08-31T19:29:45","slug":"j-perea-otra-fecha-peleando-en-punta","status":"publish","type":"post","link":"https:\/\/e-kart.com.ar\/?p=46260","title":{"rendered":"J.PEREA: Otra fecha peleando en punta"},"content":{"rendered":"<p class=\"has-medium-font-size\"><em>Juan \u2018Toto\u2019 Perea logr\u00f3 sacar r\u00e9dito de un fin de semana cambiante en Z\u00e1rate. Con un P3 como mejor resultado parcial y pese a una Final compleja, el piloto de Pilar cerr\u00f3 el Evento #3 del Trofeo de Invierno avanzando hasta el P5 en el campeonato de Mini Max.<\/em><\/p>\n<p><img decoding=\"async\" src=\"https:\/\/www.e-kartvirtualpress.com.ar\/jperea\/jperea_260830ro.jpg\"><\/p>\n<p><strong><br \/>Z\u00e1rate, Buenos Aires.<\/strong> Juan \u2018Toto\u2019 Perea volvi\u00f3 a presentarse el pasado fin de semana en RMC Buenos Aires, que desarroll\u00f3 el Evento #3 de su Trofeo de Invierno en el Kart\u00f3dromo \u2018Ciudad de Z\u00e1rate\u2019, en la provincia de Buenos Aires. El piloto de Pilar form\u00f3 parte de la divisional Mini Max en el \u00faltimo compromiso v\u00e1lido para establecer el H\u00e1ndicap de cara a la RMC Final Argentina.<\/p>\n<p>La actividad puntuable comenz\u00f3 el s\u00e1bado con la clasificaci\u00f3n, donde Perea consigui\u00f3 el P7. Desde all\u00ed mostr\u00f3 un buen rendimiento en la primera manga, que le permiti\u00f3 avanzar tres lugares y completar la prueba en el P4. En la segunda bater\u00eda tambi\u00e9n se mantuvo en pelea por las posiciones de adelante, pero un toque lo hizo perder terreno y finalmente, el clasificador oficial lo mostr\u00f3 en el P8.<\/p>\n<p>La recuperaci\u00f3n lleg\u00f3 en la Manga 3. &#8216;Toto\u2019 volvi\u00f3 a progresar en el clasificador y esta vez pudo capitalizar su rendimiento para alcanzar el P3, resultado con el que cerr\u00f3 de buena manera la jornada inicial.<\/p>\n<p>Tras completar el s\u00e1bado, analiz\u00f3: <strong><em>\u201cArrancamos bien el fin de semana, aunque no tan bien como en las fechas anteriores. En la primera manga pudimos terminar P4. En la segunda ven\u00edamos haciendo una buena carrera, pero un toque nos hizo caer unas posiciones. Despu\u00e9s, en la tercera, pudimos recuperarnos y cerrar la jornada con un buen P3. Creo que para el domingo todav\u00eda podemos mejorar bastante. Hoy no mostramos todo lo que ten\u00edamos para no enredarnos en las carreras. El domingo vamos a salir con todo para buscar un buen resultado en la Final\u201d<\/em><\/strong>.<\/p>\n<p><img decoding=\"async\" src=\"https:\/\/www.e-kartvirtualpress.com.ar\/jperea\/jperea_3_260830ro.jpg\"><\/p>\n<p>En la jornada decisiva, el representante de Pilar volvi\u00f3 a meterse de lleno en la pelea por los puestos de privilegio. Durante la Final lleg\u00f3 a transitar en el P3, pero con el correr de las vueltas comenz\u00f3 a perder ritmo. Un despiste y posteriormente un toque mientras defend\u00eda su posici\u00f3n terminaron condicionando sus posibilidades. Pese a esas situaciones, pudo continuar y recibi\u00f3 la bandera a cuadros en el P8.<\/p>\n<p>Finalizada la competencia, Toto coment\u00f3: <strong><em>\u201cEl fin de semana hab\u00eda arrancado bien, pero la Final se nos complic\u00f3. Ven\u00edamos en el P3, pero nos empezamos a caer en el ritmo. Nos fuimos afuera solos en la primera curva. Adem\u00e1s, cuando ven\u00edamos en el P3 y nos quisieron pasar, nos chocaron y quedamos afuera. Ahora ya hay que pensar en Sunchales para tratar de llevarnos el cupo al Mundial\u201d<\/em><\/strong>.<\/p>\n<p>Antes de despedirse de Z\u00e1rate, Perea expres\u00f3: <strong><em>\u201cQuiero agradecer a toda mi familia, a mi mam\u00e1, a mi pap\u00e1, a mi equipo Milla Kart, a Mat\u00edas, a Agust\u00edn, a todos los mec\u00e1nicos del equipo, a Axion por la motorizaci\u00f3n, a mi psic\u00f3loga Jackie Bianchi y a mis sponsors Ovoenergy y Ovoprot\u201d<\/em><\/strong>.<\/p>\n<p>M\u00e1s all\u00e1 de las complicaciones que le impidieron concretar en la Final el rendimiento mostrado durante el fin de semana, Perea cerr\u00f3 la fecha con un avance en el Trofeo de Invierno: lleg\u00f3 a Z\u00e1rate ocupando el P6 y se retir\u00f3 en el P5, con 149 puntos. Su pr\u00f3xima presentaci\u00f3n ser\u00e1 la RMC Final Argentina, que tendr\u00e1 lugar del 18 al 20 de septiembre en el Kart\u00f3dromo \u2018Sudamericano\u2019 de Sunchales, Santa Fe, donde buscar\u00e1 quedarse con uno de los cupos para las IRMC Grand Finals.<\/p>\n<p><img decoding=\"async\" src=\"https:\/\/www.e-kartvirtualpress.com.ar\/jperea\/jperea_2_260830ro.jpg\"><\/p>\n<p>Ph. Prensa E-Kart<br \/>Inform\u00f3: E-Kart Virtual Press<\/p>\n","protected":false},"excerpt":{"rendered":"<p>Juan \u2018Toto\u2019 Perea logr\u00f3 sacar r\u00e9dito de un fin de semana cambiante en Z\u00e1rate. Con un P3 como mejor resultado parcial y pese a una Final compleja, el piloto de Pilar cerr\u00f3 el Evento #3 del Trofeo de Invierno avanzando hasta el P5 en el campeonato de Mini Max.<\/p>\n","protected":false},"author":1,"featured_media":46261,"comment_status":"closed","ping_status":"closed","sticky":false,"template":"","format":"standard","meta":{"footnotes":""},"categories":[1948,1955,1976],"tags":[],"class_list":["post-46260","post","type-post","status-publish","format-standard","has-post-thumbnail","hentry","category-pilotos-ekvp","category-rmc-buenos-aires","category-rmc-grand-nationals"],"_links":{"self":[{"href":"https:\/\/e-kart.com.ar\/index.php?rest_route=\/wp\/v2\/posts\/46260","targetHints":{"allow":["GET"]}}],"collection":[{"href":"https:\/\/e-kart.com.ar\/index.php?rest_route=\/wp\/v2\/posts"}],"about":[{"href":"https:\/\/e-kart.com.ar\/index.php?rest_route=\/wp\/v2\/types\/post"}],"author":[{"embeddable":true,"href":"https:\/\/e-kart.com.ar\/index.php?rest_route=\/wp\/v2\/users\/1"}],"replies":[{"embeddable":true,"href":"https:\/\/e-kart.com.ar\/index.php?rest_route=%2Fwp%2Fv2%2Fcomments&post=46260"}],"version-history":[{"count":1,"href":"https:\/\/e-kart.com.ar\/index.php?rest_route=\/wp\/v2\/posts\/46260\/revisions"}],"predecessor-version":[{"id":46280,"href":"https:\/\/e-kart.com.ar\/index.php?rest_route=\/wp\/v2\/posts\/46260\/revisions\/46280"}],"wp:featuredmedia":[{"embeddable":true,"href":"https:\/\/e-kart.com.ar\/index.php?rest_route=\/wp\/v2\/media\/46261"}],"wp:attachment":[{"href":"https:\/\/e-kart.com.ar\/index.php?rest_route=%2Fwp%2Fv2%2Fmedia&parent=46260"}],"wp:term":[{"taxonomy":"category","embeddable":true,"href":"https:\/\/e-kart.com.ar\/index.php?rest_route=%2Fwp%2Fv2%2Fcategories&post=46260"},{"taxonomy":"post_tag","embeddable":true,"href":"https:\/\/e-kart.com.ar\/index.php?rest_route=%2Fwp%2Fv2%2Ftags&post=46260"}],"curies":[{"name":"wp","href":"https:\/\/api.w.org\/{rel}","templated":true}]}}