{"id":46258,"date":"2026-08-31T16:29:39","date_gmt":"2026-08-31T19:29:39","guid":{"rendered":"https:\/\/e-kart.com.ar\/?p=46258"},"modified":"2026-08-31T16:29:39","modified_gmt":"2026-08-31T19:29:39","slug":"a-lestard-falto-suerte-para-redondear-en-zarate","status":"publish","type":"post","link":"https:\/\/e-kart.com.ar\/?p=46258","title":{"rendered":"A.LESTARD: Falt\u00f3 suerte para redondear en Z\u00e1rate"},"content":{"rendered":"<p class=\"has-medium-font-size\"><em>Con avances importantes en los dos campeonatos que disputa, Alfredo Lestard complet\u00f3 el Evento #3 de RMC Buenos Aires en Z\u00e1rate. El piloto salte\u00f1o escal\u00f3 al P8 de Micro Max y se meti\u00f3 en el P5 de E10 Mini, a pesar de los inconvenientes que lo privaron de un merecido festejo en el podio.<\/em><\/p>\n<p><img decoding=\"async\" src=\"https:\/\/www.e-kartvirtualpress.com.ar\/alestard\/alestard_260830ro.jpg\"><\/p>\n<p><strong><br \/>Z\u00e1rate, Buenos Aires.<\/strong> El pasado fin de semana, Alfredo Lestard fue parte de la fecha conjunta que RMC Buenos Aires y RMC Grand Nationals llevaron adelante en el Kart\u00f3dromo \u2018Ciudad de Z\u00e1rate\u2019, en la provincia de Buenos Aires. El representante de Salta disput\u00f3 el Evento #3 del Trofeo de Invierno de RMC Buenos Aires con doble participaci\u00f3n, en Micro Max y E10 Mini. La cita marc\u00f3, adem\u00e1s, el \u00faltimo compromiso computable para la conformaci\u00f3n del H\u00e1ndicap con vistas a la RMC Final Argentina.<\/p>\n<p>La actividad puntuable de Micro Max comenz\u00f3 el s\u00e1bado con una clasificaci\u00f3n que dej\u00f3 a Lestard en el P11. En la Manga 1 consigui\u00f3 avanzar dos posiciones para alcanzar el P9, mientras que un incidente condicion\u00f3 su actuaci\u00f3n en la segunda bater\u00eda, donde termin\u00f3 P13.<\/p>\n<p>La tercera manga mostr\u00f3 su mejor rendimiento de la jornada. Freddy aprovech\u00f3 las alternativas que se produjeron desde la largada para avanzar dentro de un nutrido pelot\u00f3n y logr\u00f3 completar la competencia en un destacado P5, resultado que le permiti\u00f3 acercarse a las posiciones de punta antes de la Final.<\/p>\n<p>Al concluir el s\u00e1bado, el salte\u00f1o analiz\u00f3: <strong><em>\u201cArrancamos bien el fin de semana, aunque durante las tandas y la clasificaci\u00f3n estuvimos un poco complicados y nos quedaron varias cosas por mejorar. En la primera manga hice una buena largada y pude avanzar dos posiciones. En la segunda me cruc\u00e9 y me terminaron chocando, lo que nos complic\u00f3 bastante la carrera. En la tercera manga pudimos recuperar un poco. En la largada hubo un toque, lo aprovechamos para avanzar y terminar un poco m\u00e1s adelante. Para el domingo vamos a tratar de seguir avanzando con el pelot\u00f3n de punta\u201d<\/em><\/strong>.<\/p>\n<p><img decoding=\"async\" src=\"https:\/\/www.e-kartvirtualpress.com.ar\/alestard\/alestard_3_260830ro.jpg\"><\/p>\n<p>El domingo no consigui\u00f3 sostener esa progresi\u00f3n en Micro Max. Con un funcionamiento que fue perdiendo rendimiento a lo largo del fin de semana, Lestard complet\u00f3 la Final en el P11. A pesar de no alcanzar el resultado que esperaba, la cosecha de la fecha tuvo un efecto importante en el Trofeo de Invierno: lleg\u00f3 a Z\u00e1rate ubicado en el P11 y, con 88 puntos acumulados, avanz\u00f3 hasta el P8 del campeonato.<\/p>\n<p>Al referirse a lo sucedido en Micro Max, Lestard expres\u00f3 su disconformidad con las dificultades que condicionaron su rendimiento: <strong><em>\u201cEl motor nos complic\u00f3 el fin de semana. Al principio iba r\u00e1pido, pero despu\u00e9s se cay\u00f3, intentamos todo para volver a dejarlo como antes, pero no sirvi\u00f3 de nada. Estamos muy descontentos con esta fecha, vamos a intentar recuperar en la pr\u00f3xima\u201d<\/em><\/strong>.<\/p>\n<p>Paralelamente, Freddy intercal\u00f3 su participaci\u00f3n en la jornada del domingo en E10 Mini, la divisional de kartings el\u00e9ctricos incorporada al certamen en la fecha anterior. All\u00ed comenz\u00f3 con resultados alentadores: consigui\u00f3 el P3 en la clasificaci\u00f3n y repiti\u00f3 esa posici\u00f3n en la Serie, actuaciones que le permitieron sumar puntos importantes para el torneo.<\/p>\n<p>La Final, sin embargo, qued\u00f3 condicionada antes de comenzar. El motor no arranc\u00f3 cuando deb\u00eda salir a pista y, cuando finalmente pudo ponerse en marcha, Lestard ya se encontraba considerablemente retrasado respecto del pelot\u00f3n. A partir de all\u00ed mostr\u00f3 tiempos que le permit\u00edan mantenerse entre las referencias de punta, pero la diferencia acumulada result\u00f3 demasiado amplia para recuperarla y termin\u00f3 en el P12. Pese a ese desenlace, los puntos obtenidos durante la etapa clasificatoria le permitieron avanzar del P7 al P5 del campeonato de E10 Mini, donde re\u00fane 46 unidades.<\/p>\n<p>En el cierre de su presentaci\u00f3n, Alfredo agradeci\u00f3: <strong><em>\u00abQuiero agradecer a mi familia que siempre me estuvo dando su apoyo, a mi equipo Calkev, a Juan Manuel Quevedo, a Mart\u00edn Amestoy, a Stefan Crotto y a los sponsors: La Rotonda Mayorista, Do\u00f1a Bertina, Letoc Desarrollos y Yari Snacks\u00bb<\/em><\/strong>.<\/p>\n<p>M\u00e1s all\u00e1 de los inconvenientes que le impidieron capitalizar plenamente su rendimiento, Lestard dej\u00f3 Z\u00e1rate con avances significativos en los dos cert\u00e1menes que disputa: escal\u00f3 cuatro posiciones para ubicarse P8 en Micro Max con 88 puntos y ascendi\u00f3 al P5 de E10 Mini con 46 unidades. Su pr\u00f3ximo compromiso ser\u00e1 la RMC Final Argentina, prevista del 18 al 20 de septiembre en el Kart\u00f3dromo \u2018Sudamericano\u2019 de Sunchales, Santa Fe, donde se definir\u00e1n los cupos para la IRMC Grand Finals.<\/p>\n<p><img decoding=\"async\" src=\"https:\/\/www.e-kartvirtualpress.com.ar\/alestard\/alestard_2_260830ro.jpg\"><\/p>\n<p>Ph. Prensa E-Kart<br \/>Inform\u00f3: E-Kart Virtual Press<\/p>\n","protected":false},"excerpt":{"rendered":"<p>Con avances importantes en los dos campeonatos que disputa, Alfredo Lestard complet\u00f3 el Evento #3 de RMC Buenos Aires en Z\u00e1rate. El piloto salte\u00f1o escal\u00f3 al P8 de Micro Max y se meti\u00f3 en el P5 de E10 Mini, a pesar de los inconvenientes que lo privaron de un merecido festejo en el podio.<\/p>\n","protected":false},"author":1,"featured_media":46259,"comment_status":"closed","ping_status":"closed","sticky":false,"template":"","format":"standard","meta":{"footnotes":""},"categories":[1948,1955,1976],"tags":[],"class_list":["post-46258","post","type-post","status-publish","format-standard","has-post-thumbnail","hentry","category-pilotos-ekvp","category-rmc-buenos-aires","category-rmc-grand-nationals"],"_links":{"self":[{"href":"https:\/\/e-kart.com.ar\/index.php?rest_route=\/wp\/v2\/posts\/46258","targetHints":{"allow":["GET"]}}],"collection":[{"href":"https:\/\/e-kart.com.ar\/index.php?rest_route=\/wp\/v2\/posts"}],"about":[{"href":"https:\/\/e-kart.com.ar\/index.php?rest_route=\/wp\/v2\/types\/post"}],"author":[{"embeddable":true,"href":"https:\/\/e-kart.com.ar\/index.php?rest_route=\/wp\/v2\/users\/1"}],"replies":[{"embeddable":true,"href":"https:\/\/e-kart.com.ar\/index.php?rest_route=%2Fwp%2Fv2%2Fcomments&post=46258"}],"version-history":[{"count":1,"href":"https:\/\/e-kart.com.ar\/index.php?rest_route=\/wp\/v2\/posts\/46258\/revisions"}],"predecessor-version":[{"id":46279,"href":"https:\/\/e-kart.com.ar\/index.php?rest_route=\/wp\/v2\/posts\/46258\/revisions\/46279"}],"wp:featuredmedia":[{"embeddable":true,"href":"https:\/\/e-kart.com.ar\/index.php?rest_route=\/wp\/v2\/media\/46259"}],"wp:attachment":[{"href":"https:\/\/e-kart.com.ar\/index.php?rest_route=%2Fwp%2Fv2%2Fmedia&parent=46258"}],"wp:term":[{"taxonomy":"category","embeddable":true,"href":"https:\/\/e-kart.com.ar\/index.php?rest_route=%2Fwp%2Fv2%2Fcategories&post=46258"},{"taxonomy":"post_tag","embeddable":true,"href":"https:\/\/e-kart.com.ar\/index.php?rest_route=%2Fwp%2Fv2%2Ftags&post=46258"}],"curies":[{"name":"wp","href":"https:\/\/api.w.org\/{rel}","templated":true}]}}