{"id":46256,"date":"2026-08-31T16:29:34","date_gmt":"2026-08-31T19:29:34","guid":{"rendered":"https:\/\/e-kart.com.ar\/?p=46256"},"modified":"2026-08-31T16:29:34","modified_gmt":"2026-08-31T19:29:34","slug":"g-sierra-cerro-primero-rumbo-a-la-final-argentina","status":"publish","type":"post","link":"https:\/\/e-kart.com.ar\/?p=46256","title":{"rendered":"G.SIERRA: Cerr\u00f3 primero rumbo a la Final Argentina"},"content":{"rendered":"<p class=\"has-medium-font-size\"><em>Gael Sierra volvi\u00f3 a sumar fuerte en RMC Grand Nationals durante la fecha conjunta con RMC Buenos Aires disputada en el kart\u00f3dromo bonaerense de Z\u00e1rate. El piloto de La Banda gan\u00f3 dos mangas, fue P2 en la Final de Micro Max y se mantiene con amplia ventaja al frente del campeonato.<\/em><\/p>\n<p><img decoding=\"async\" src=\"https:\/\/www.e-kartvirtualpress.com.ar\/gsierra\/gsierra_260830ro.jpg\"><\/p>\n<p><strong><br \/>Z\u00e1rate, Buenos Aires.<\/strong> El pasado fin de semana, Gael Sierra fue parte de la presentaci\u00f3n conjunta de RMC Buenos Aires y RMC Grand Nationals en el Kart\u00f3dromo \u2018Ciudad de Z\u00e1rate\u2019, en la provincia de Buenos Aires. El representante de La Banda afront\u00f3 el Evento #7 del campeonato anual de Grand Nationals en la divisional Micro Max, dentro de una competencia que tambi\u00e9n marc\u00f3 la \u00faltima instancia computable para la conformaci\u00f3n del H\u00e1ndicap con vistas a la RMC Final Argentina.<\/p>\n<p>La actividad puntuable comenz\u00f3 el s\u00e1bado con la clasificaci\u00f3n, donde Sierra ocup\u00f3 el P18 en la general, resultado que lo ubic\u00f3 P2 entre los protagonistas de Grand Nationals. A partir de las mangas consigui\u00f3 dar un paso adelante: avanz\u00f3 hasta el P12 de la general en la primera bater\u00eda y al P11 en la segunda, imponi\u00e9ndose en ambas oportunidades dentro de Grand Nationals. La Manga 3, en cambio, termin\u00f3 prematuramente y sin vueltas completadas, impidi\u00e9ndole extender la buena cosecha que hab\u00eda conseguido hasta ese momento.<\/p>\n<p>El domingo reuni\u00f3 nuevamente a Micro Max para disputar la Final. Gael avanz\u00f3 hasta recibir la bandera de cuadros en el P12 de la clasificaci\u00f3n general, aunque posteriormente un recargo por el procedimiento de largada modific\u00f3 su resultado y lo releg\u00f3 al P17. Dentro de Grand Nationals, complet\u00f3 la competencia en el P2 y volvi\u00f3 a sumar puntos importantes para sostener su posici\u00f3n al frente del certamen.<\/p>\n<p>Finalizada la actividad, Sierra valor\u00f3 positivamente su paso por Z\u00e1rate y, especialmente, la cosecha conseguida para el torneo: <strong><em>\u201cEl fin de semana ha sido muy bueno. El circuito me gust\u00f3. Fue complicado a veces pasar a otros pilotos, pero hemos podido hacer buenas carreras. Lo m\u00e1s importante es que seguimos sumando para el campeonato de Grand Nationals\u201d<\/em><\/strong>.<\/p>\n<p><img decoding=\"async\" src=\"https:\/\/www.e-kartvirtualpress.com.ar\/gsierra\/gsierra_3_260830ro.jpg\"><\/p>\n<p>Antes de despedirse del evento, Gael expres\u00f3: <strong><em>\u201cQuiero agradecer a mi pap\u00e1, a mi mam\u00e1, al equipo JMK Racing Team, a Gustavo Burgos, a AGMotores y a mis sponsors: Se Vale So\u00f1ar, Del Valle Reciclados, Agape Joyas, Gomer\u00eda Manzanita, Porte Moto Repuestos\u201d<\/em><\/strong>.<\/p>\n<p>Con dos triunfos en las mangas y el P2 conseguido en la Final, Sierra cerr\u00f3 otro fin de semana favorable para sus aspiraciones en RMC Grand Nationals. El piloto de La Banda conserva con amplia ventaja el P1 de Micro Max y acumula 720 puntos. Su pr\u00f3xima presentaci\u00f3n ser\u00e1 en la RMC Final Argentina, que se disputar\u00e1 del 18 al 20 de septiembre en el Kart\u00f3dromo \u2018Sudamericano\u2019, en Sunchales, Santa Fe, donde se definir\u00e1n los cupos para la IRMC Grand Finals.<\/p>\n<p><img decoding=\"async\" src=\"https:\/\/www.e-kartvirtualpress.com.ar\/gsierra\/gsierra_2_260830ro.jpg\"><\/p>\n<p>Ph. Prensa E-Kart<br \/>Inform\u00f3: E-Kart Virtual Press<\/p>\n","protected":false},"excerpt":{"rendered":"<p>Gael Sierra volvi\u00f3 a sumar fuerte en RMC Grand Nationals durante la fecha conjunta con RMC Buenos Aires disputada en el kart\u00f3dromo bonaerense de Z\u00e1rate. El piloto de La Banda gan\u00f3 dos mangas, fue P2 en la Final de Micro Max y se mantiene con amplia ventaja al frente del campeonato.<\/p>\n","protected":false},"author":1,"featured_media":46257,"comment_status":"closed","ping_status":"closed","sticky":false,"template":"","format":"standard","meta":{"footnotes":""},"categories":[1948,1955,1976],"tags":[],"class_list":["post-46256","post","type-post","status-publish","format-standard","has-post-thumbnail","hentry","category-pilotos-ekvp","category-rmc-buenos-aires","category-rmc-grand-nationals"],"_links":{"self":[{"href":"https:\/\/e-kart.com.ar\/index.php?rest_route=\/wp\/v2\/posts\/46256","targetHints":{"allow":["GET"]}}],"collection":[{"href":"https:\/\/e-kart.com.ar\/index.php?rest_route=\/wp\/v2\/posts"}],"about":[{"href":"https:\/\/e-kart.com.ar\/index.php?rest_route=\/wp\/v2\/types\/post"}],"author":[{"embeddable":true,"href":"https:\/\/e-kart.com.ar\/index.php?rest_route=\/wp\/v2\/users\/1"}],"replies":[{"embeddable":true,"href":"https:\/\/e-kart.com.ar\/index.php?rest_route=%2Fwp%2Fv2%2Fcomments&post=46256"}],"version-history":[{"count":1,"href":"https:\/\/e-kart.com.ar\/index.php?rest_route=\/wp\/v2\/posts\/46256\/revisions"}],"predecessor-version":[{"id":46278,"href":"https:\/\/e-kart.com.ar\/index.php?rest_route=\/wp\/v2\/posts\/46256\/revisions\/46278"}],"wp:featuredmedia":[{"embeddable":true,"href":"https:\/\/e-kart.com.ar\/index.php?rest_route=\/wp\/v2\/media\/46257"}],"wp:attachment":[{"href":"https:\/\/e-kart.com.ar\/index.php?rest_route=%2Fwp%2Fv2%2Fmedia&parent=46256"}],"wp:term":[{"taxonomy":"category","embeddable":true,"href":"https:\/\/e-kart.com.ar\/index.php?rest_route=%2Fwp%2Fv2%2Fcategories&post=46256"},{"taxonomy":"post_tag","embeddable":true,"href":"https:\/\/e-kart.com.ar\/index.php?rest_route=%2Fwp%2Fv2%2Ftags&post=46256"}],"curies":[{"name":"wp","href":"https:\/\/api.w.org\/{rel}","templated":true}]}}