{"id":46254,"date":"2026-08-31T16:29:19","date_gmt":"2026-08-31T19:29:19","guid":{"rendered":"https:\/\/e-kart.com.ar\/?p=46254"},"modified":"2026-08-31T16:29:19","modified_gmt":"2026-08-31T19:29:19","slug":"v-fernandez-cerro-con-su-mejor-version-en-pista","status":"publish","type":"post","link":"https:\/\/e-kart.com.ar\/?p=46254","title":{"rendered":"V.FERN\u00c1NDEZ: Cerr\u00f3 con su mejor versi\u00f3n en pista"},"content":{"rendered":"<p class=\"has-medium-font-size\"><em>Una importante remontada en la Final le permiti\u00f3 a Valentino Fern\u00e1ndez cerrar en ascenso su paso por el Trofeo de Invierno de RMC Buenos Aires, en Z\u00e1rate. El piloto de Hudson larg\u00f3 P19, avanz\u00f3 hasta el P10 y mostr\u00f3 un ritmo que le permiti\u00f3 mejorar sus registros del s\u00e1bado en Micro Max.<\/em><\/p>\n<p><img decoding=\"async\" src=\"https:\/\/www.e-kartvirtualpress.com.ar\/vfernandez\/vfernandez_260830ro.jpg\"><\/p>\n<p><strong><br \/>Z\u00e1rate, Buenos Aires.<\/strong> El pasado fin de semana, Valentino Fern\u00e1ndez form\u00f3 parte de la fecha conjunta que RMC Buenos Aires y RMC Grand Nationals llevaron adelante en el Kart\u00f3dromo \u2018Ciudad de Z\u00e1rate\u2019, en la provincia de Buenos Aires. El joven piloto de Hudson integr\u00f3 la divisional Micro Max por el Evento #3 del Trofeo de Invierno de RMC Buenos Aires, certamen en el que es uno de sus animadores habituales. La cita marc\u00f3, adem\u00e1s, el \u00faltimo compromiso computable para la conformaci\u00f3n del H\u00e1ndicap con vistas a la RMC Final Argentina.<\/p>\n<p>Las primeras referencias llegaron durante los entrenamientos del viernes, en una pista que no favoreci\u00f3 el funcionamiento buscado. Junto a su equipo, Valentino aprovech\u00f3 esas sesiones para probar distintas alternativas de motores y neum\u00e1ticos y trabajar en la puesta a punto de cara a las pruebas puntuables.<\/p>\n<p>El s\u00e1bado comenz\u00f3 con la clasificaci\u00f3n, donde Fern\u00e1ndez qued\u00f3 ubicado en el P16, fuera de sus expectativas. La primera manga mostr\u00f3 una mejora y le permiti\u00f3 avanzar hasta el P11. En la segunda bater\u00eda, un toque en la primera curva condicion\u00f3 r\u00e1pidamente sus posibilidades y deriv\u00f3 en el abandono cuando apenas hab\u00eda completado dos vueltas. Para la Manga 3 volvi\u00f3 a recuperarse y cruz\u00f3 la meta en el P12, aunque posteriormente un recargo por una maniobra modific\u00f3 su resultado y lo releg\u00f3 al P15.<\/p>\n<p>Tras completar la jornada sabatina, Valentino coment\u00f3: <strong><em>\u201cArrancamos bien el fin de semana. El viernes estuvimos un poco flojos porque este circuito, cuando tiene poco grip, no me favorece. Aprovechamos para probar motores, gomas y trabajar pensando en el s\u00e1bado. En la clasificaci\u00f3n no nos fue como esper\u00e1bamos y terminamos P16. Despu\u00e9s, en las mangas, pudimos mejorar. En la primera termin\u00e9 P11, en la segunda me chocaron en la primera curva y se complic\u00f3 seguir en la carrera, y en la tercera pude terminar P12 en pista. Para el domingo vamos a seguir trabajando. Veremos qu\u00e9 hacemos con el motor y el auto para tratar de encontrar un mejor funcionamiento y hacer una buena Final\u201d<\/em><\/strong>.<\/p>\n<p><img decoding=\"async\" src=\"https:\/\/www.e-kartvirtualpress.com.ar\/vfernandez\/vfernandez_3_260830ro.jpg\"><\/p>\n<p>El domingo lleg\u00f3 la actuaci\u00f3n m\u00e1s destacada de Fern\u00e1ndez. Desde el P19 de la grilla de la Final, mostr\u00f3 un buen ritmo que le permiti\u00f3 avanzar sostenidamente a lo largo de la competencia. Recuper\u00f3 nueve posiciones y recibi\u00f3 la bandera de cuadros en el P10, completando su paso por Z\u00e1rate dentro del top 10. La evoluci\u00f3n tambi\u00e9n qued\u00f3 reflejada en los tiempos de vuelta, al conseguir mejorar los registros que hab\u00eda marcado durante la clasificaci\u00f3n.<\/p>\n<p>Conforme con el progreso conseguido, el piloto de Hudson se\u00f1al\u00f3: <strong><em>\u201cTerminamos bien el fin de semana. En la Final largamos desde el P19 y pudimos avanzar hasta meternos en el top 10. Tuvimos un muy buen ritmo para poder remontar. Adem\u00e1s, logramos bajar los tiempos de nuestra clasificaci\u00f3n y eso nos deja muy contentos. Ahora estamos viendo si podemos estar en la pr\u00f3xima fecha de Sunchales. Es probable que s\u00ed. Si lo definimos, vamos a prepararnos bien para esa fecha\u201d<\/em><\/strong>.<\/p>\n<p>Antes de despedirse del evento, Valentino expres\u00f3: <strong><em>\u00abQuiero agradecer a todos los que me acompa\u00f1an, a mi equipo RC Pro Racing, a Ra\u00fal Colombo, a Santi Simone, a Enzo Torres, a AGM por la motorizaci\u00f3n, y a mi sponsor Transporte Blanco\u00bb<\/em><\/strong>.<\/p>\n<p>La remontada hasta el P10 en la Final le permiti\u00f3 a Fern\u00e1ndez cerrar en franca recuperaci\u00f3n una fecha que hab\u00eda comenzado con mayores dificultades. Con 62 puntos, ocupa el P17 del Trofeo de Invierno de RMC Buenos Aires. Su participaci\u00f3n en la RMC Final Argentina a\u00fan resta confirmarse; la competencia se disputar\u00e1 del 18 al 20 de septiembre en el Kart\u00f3dromo \u2018Sudamericano\u2019, en Sunchales, Santa Fe, donde se definir\u00e1n los cupos para la IRMC Grand Finals.<\/p>\n<p><img decoding=\"async\" src=\"https:\/\/www.e-kartvirtualpress.com.ar\/vfernandez\/vfernandez_2_260830ro.jpg\"><\/p>\n<p>Ph. Prensa E-Kart<br \/>Inform\u00f3: E-Kart Virtual Press<\/p>\n","protected":false},"excerpt":{"rendered":"<p>Una importante remontada en la Final le permiti\u00f3 a Valentino Fern\u00e1ndez cerrar en ascenso su paso por el Trofeo de Invierno de RMC Buenos Aires, en Z\u00e1rate. El piloto de Hudson larg\u00f3 P19, avanz\u00f3 hasta el P10 y mostr\u00f3 un ritmo que le permiti\u00f3 mejorar sus registros del s\u00e1bado en Micro Max.<\/p>\n","protected":false},"author":1,"featured_media":46255,"comment_status":"closed","ping_status":"closed","sticky":false,"template":"","format":"standard","meta":{"footnotes":""},"categories":[1948,1955,1976],"tags":[],"class_list":["post-46254","post","type-post","status-publish","format-standard","has-post-thumbnail","hentry","category-pilotos-ekvp","category-rmc-buenos-aires","category-rmc-grand-nationals"],"_links":{"self":[{"href":"https:\/\/e-kart.com.ar\/index.php?rest_route=\/wp\/v2\/posts\/46254","targetHints":{"allow":["GET"]}}],"collection":[{"href":"https:\/\/e-kart.com.ar\/index.php?rest_route=\/wp\/v2\/posts"}],"about":[{"href":"https:\/\/e-kart.com.ar\/index.php?rest_route=\/wp\/v2\/types\/post"}],"author":[{"embeddable":true,"href":"https:\/\/e-kart.com.ar\/index.php?rest_route=\/wp\/v2\/users\/1"}],"replies":[{"embeddable":true,"href":"https:\/\/e-kart.com.ar\/index.php?rest_route=%2Fwp%2Fv2%2Fcomments&post=46254"}],"version-history":[{"count":1,"href":"https:\/\/e-kart.com.ar\/index.php?rest_route=\/wp\/v2\/posts\/46254\/revisions"}],"predecessor-version":[{"id":46277,"href":"https:\/\/e-kart.com.ar\/index.php?rest_route=\/wp\/v2\/posts\/46254\/revisions\/46277"}],"wp:featuredmedia":[{"embeddable":true,"href":"https:\/\/e-kart.com.ar\/index.php?rest_route=\/wp\/v2\/media\/46255"}],"wp:attachment":[{"href":"https:\/\/e-kart.com.ar\/index.php?rest_route=%2Fwp%2Fv2%2Fmedia&parent=46254"}],"wp:term":[{"taxonomy":"category","embeddable":true,"href":"https:\/\/e-kart.com.ar\/index.php?rest_route=%2Fwp%2Fv2%2Fcategories&post=46254"},{"taxonomy":"post_tag","embeddable":true,"href":"https:\/\/e-kart.com.ar\/index.php?rest_route=%2Fwp%2Fv2%2Ftags&post=46254"}],"curies":[{"name":"wp","href":"https:\/\/api.w.org\/{rel}","templated":true}]}}