{"id":46250,"date":"2026-08-31T16:28:30","date_gmt":"2026-08-31T19:28:30","guid":{"rendered":"https:\/\/e-kart.com.ar\/?p=46250"},"modified":"2026-08-31T16:28:30","modified_gmt":"2026-08-31T19:28:30","slug":"b-cabarcos-gran-protagonista-en-zarate","status":"publish","type":"post","link":"https:\/\/e-kart.com.ar\/?p=46250","title":{"rendered":"B.CABARCOS: Gran protagonista en Z\u00e1rate"},"content":{"rendered":"<p class=\"has-medium-font-size\"><em>Benjam\u00edn Cabarcos tuvo un intenso paso por el Evento #3 del \u2018Invierno\u2019. El arrecife\u00f1o fue uno de los m\u00e1s r\u00e1pidos y gan\u00f3 una manga en Mini Max. En E10 Mini, protagoniz\u00f3 una remontada que lo llev\u00f3 al liderazgo de la Final hasta la \u00faltima vuelta, cerrando en el P2 y sumando su segundo podio consecutivo.<\/em><\/p>\n<p><img decoding=\"async\" src=\"https:\/\/www.e-kartvirtualpress.com.ar\/bcabarcos\/bcabarcos_260830ro.jpg\"><\/p>\n<p><strong><br \/>Z\u00e1rate, Buenos Aires.<\/strong> El pasado fin de semana, Benjam\u00edn Cabarcos se present\u00f3 en el Kart\u00f3dromo \u2018Ciudad de Z\u00e1rate\u2019, en la provincia de Buenos Aires, para disputar el Evento #3 del Trofeo de Invierno de RMC Buenos Aires, en la fecha conjunta con RMC Grand Nationals. El piloto de Arrecifes afront\u00f3 una participaci\u00f3n especial, ya que adem\u00e1s de competir en su habitual divisional Mini Max, tambi\u00e9n se integr\u00f3 la E10 Mini, clase de kartings el\u00e9ctricos recientemente sumada al certamen. La cita marc\u00f3, adem\u00e1s, el \u00faltimo compromiso computable para la conformaci\u00f3n del H\u00e1ndicap con vistas a la RMC Final Argentina.<\/p>\n<p>La actividad puntuable de Mini Max comenz\u00f3 el s\u00e1bado y r\u00e1pidamente encontr\u00f3 a Cabarcos entre los referentes. En la clasificaci\u00f3n se qued\u00f3 con el P2, muy cerca de la pole position, mientras que un contacto durante la primera manga condicion\u00f3 su avance y lo llev\u00f3 a completar la prueba en el P6.<\/p>\n<p>La respuesta lleg\u00f3 inmediatamente. Benjam\u00edn se recuper\u00f3 en la Manga 2 y consigui\u00f3 imponerse para quedarse con la victoria. Luego volvi\u00f3 a sostenerse entre los principales protagonistas en la tercera bater\u00eda, donde alcanz\u00f3 el P2 y cerr\u00f3 una jornada que lo tuvo permanentemente en la pelea por las posiciones de vanguardia.<\/p>\n<p>Al concluir el s\u00e1bado, Cabarcos analiz\u00f3: <strong><em>\u201cArrancamos bien el fin de semana. En la clasificaci\u00f3n ven\u00edamos para hacer la pole, pero nos bajaron el tiempo en la \u00faltima vuelta y nos quedamos muy cerquita. En la primera manga nos tocamos con otro karting, pero igual terminamos entre los de adelante. Despu\u00e9s pudimos recuperarnos, ganar la segunda manga y cerrar la tercera con un muy buen P2. La idea para el domingo es seguir as\u00ed, manteni\u00e9ndonos adelante. Si logramos seguir con el ritmo que tenemos, creo que podemos hacer una muy buena Final\u201d<\/em><\/strong>.<\/p>\n<p><img decoding=\"async\" src=\"https:\/\/www.e-kartvirtualpress.com.ar\/bcabarcos\/bcabarcos_3_260830ro.jpg\"><\/p>\n<p>El domingo larg\u00f3 la Final de Mini Max desde el P2. La partida no result\u00f3 como esperaba y perdi\u00f3 algunas posiciones en los primeros metros, pero pudo recuperarse durante el desarrollo de la competencia para avanzar nuevamente y recibir la bandera a cuadros en el P4.<\/p>\n<p><strong><em>\u201cTerminamos la Final en el P4. Hab\u00edamos largado desde el P2, pero la largada se nos complic\u00f3 un poco y perdimos algunas posiciones en la segunda curva. Despu\u00e9s pudimos remontar y terminar en el P4. Esperaba un poquito m\u00e1s, pero igual me voy conforme con el trabajo que hicimos\u201d<\/em><\/strong>, explic\u00f3 el piloto de Arrecifes.<\/p>\n<p>Pero su actividad todav\u00eda no hab\u00eda terminado. Durante la misma jornada dominical, Cabarcos intercal\u00f3 su segunda participaci\u00f3n en la E10 Mini, luego de haber alcanzado el podio en el debut de la divisional. Esta vez, un incidente durante la clasificaci\u00f3n le impidi\u00f3 registrar tiempos y lo oblig\u00f3 a afrontar la serie desde el fondo. En esa bater\u00eda, inici\u00f3 su recuperaci\u00f3n y, pese a recibir un recargo por trompa, avanz\u00f3 hasta el P10. La Final mostr\u00f3 su mejor versi\u00f3n. Desde esa posici\u00f3n protagoniz\u00f3 una importante remontada que lo llev\u00f3 a superar rivales hasta alcanzar el liderazgo de la carrera. Benjam\u00edn lleg\u00f3 a la \u00faltima vuelta defendiendo el P1, pero fue superado en la \u00faltima curva y cruz\u00f3 la meta en el P2, resultado que le permiti\u00f3 subir nuevamente al podio y repetir el festejo conseguido en su primera presentaci\u00f3n dentro de la clase el\u00e9ctrica.<\/p>\n<p>Luego de esa actuaci\u00f3n, Cabarcos destac\u00f3: <strong><em>\u201cTerminamos muy contentos. Largamos desde el P10 y pudimos remontar hasta llegar a la punta. Lamentablemente, en la \u00faltima curva de la \u00faltima vuelta nos pasaron y terminamos con el P2. La experiencia fue muy buena. El balance es muy positivo y ya estamos pensando en la pr\u00f3xima fecha en Sunchales\u201d<\/em><\/strong>.<\/p>\n<p>Antes de despedirse del circuito, Benjam\u00edn expres\u00f3: <strong><em>\u201cQuiero agradecer a toda mi familia, al Equipo RG Racing, a Bubu Guerra, a AGM por la motorizaci\u00f3n, y a los que nos apoyan: Fruta 3, Lonera Arrecifes, Sim\u00f3n Cabarcos Motorshop y a todos los que nos dan una mano\u201d<\/em><\/strong>.<\/p>\n<p>Cabarcos cerr\u00f3 as\u00ed un exigente fin de semana con protagonismo en las dos divisionales en las que tom\u00f3 parte. En E10 Mini, su segundo podio consecutivo lo dej\u00f3 ubicado en el P4 del campeonato con 65 puntos, mientras que en Mini Max mejor\u00f3 para instalarse en el terceto de lideres del Trofeo de Invierno de RMC Buenos Aires con 178 unidades. Su pr\u00f3xima presentaci\u00f3n ser\u00e1 la RMC Final Argentina, que se disputar\u00e1 del 18 al 20 de septiembre en el Kart\u00f3dromo \u2018Sudamericano\u2019 de Sunchales, Santa Fe, donde se definir\u00e1n los cupos para las IRMC Grand Finals.<\/p>\n<p><img decoding=\"async\" src=\"https:\/\/www.e-kartvirtualpress.com.ar\/bcabarcos\/bcabarcos_2_260830ro.jpg\"><\/p>\n<p>Ph. Prensa E-Kart<br \/>Inform\u00f3: E-Kart Virtual Press<\/p>\n","protected":false},"excerpt":{"rendered":"<p>Benjam\u00edn Cabarcos tuvo un intenso paso por el Evento #3 del \u2018Invierno\u2019. El arrecife\u00f1o fue uno de los m\u00e1s r\u00e1pidos y gan\u00f3 una manga en Mini Max. En E10 Mini, protagoniz\u00f3 una remontada que lo llev\u00f3 al liderazgo de la Final hasta la \u00faltima vuelta, cerrando en el P2 y sumando su segundo podio consecutivo.<\/p>\n","protected":false},"author":1,"featured_media":46251,"comment_status":"closed","ping_status":"closed","sticky":false,"template":"","format":"standard","meta":{"footnotes":""},"categories":[1948,1955,1976],"tags":[],"class_list":["post-46250","post","type-post","status-publish","format-standard","has-post-thumbnail","hentry","category-pilotos-ekvp","category-rmc-buenos-aires","category-rmc-grand-nationals"],"_links":{"self":[{"href":"https:\/\/e-kart.com.ar\/index.php?rest_route=\/wp\/v2\/posts\/46250","targetHints":{"allow":["GET"]}}],"collection":[{"href":"https:\/\/e-kart.com.ar\/index.php?rest_route=\/wp\/v2\/posts"}],"about":[{"href":"https:\/\/e-kart.com.ar\/index.php?rest_route=\/wp\/v2\/types\/post"}],"author":[{"embeddable":true,"href":"https:\/\/e-kart.com.ar\/index.php?rest_route=\/wp\/v2\/users\/1"}],"replies":[{"embeddable":true,"href":"https:\/\/e-kart.com.ar\/index.php?rest_route=%2Fwp%2Fv2%2Fcomments&post=46250"}],"version-history":[{"count":1,"href":"https:\/\/e-kart.com.ar\/index.php?rest_route=\/wp\/v2\/posts\/46250\/revisions"}],"predecessor-version":[{"id":46275,"href":"https:\/\/e-kart.com.ar\/index.php?rest_route=\/wp\/v2\/posts\/46250\/revisions\/46275"}],"wp:featuredmedia":[{"embeddable":true,"href":"https:\/\/e-kart.com.ar\/index.php?rest_route=\/wp\/v2\/media\/46251"}],"wp:attachment":[{"href":"https:\/\/e-kart.com.ar\/index.php?rest_route=%2Fwp%2Fv2%2Fmedia&parent=46250"}],"wp:term":[{"taxonomy":"category","embeddable":true,"href":"https:\/\/e-kart.com.ar\/index.php?rest_route=%2Fwp%2Fv2%2Fcategories&post=46250"},{"taxonomy":"post_tag","embeddable":true,"href":"https:\/\/e-kart.com.ar\/index.php?rest_route=%2Fwp%2Fv2%2Ftags&post=46250"}],"curies":[{"name":"wp","href":"https:\/\/api.w.org\/{rel}","templated":true}]}}