{"id":46248,"date":"2026-08-31T16:28:24","date_gmt":"2026-08-31T19:28:24","guid":{"rendered":"https:\/\/e-kart.com.ar\/?p=46248"},"modified":"2026-08-31T16:28:24","modified_gmt":"2026-08-31T19:28:24","slug":"f-zabala-sumo-experiencia-y-ritmo-en-zarate","status":"publish","type":"post","link":"https:\/\/e-kart.com.ar\/?p=46248","title":{"rendered":"F.ZABALA: Sum\u00f3 experiencia y ritmo en Z\u00e1rate"},"content":{"rendered":"<p class=\"has-medium-font-size\"><em>Francisco Zabala encontr\u00f3 en la tercera manga una de sus mejores referencias durante la fecha conjunta de RMC Buenos Aires y RMC Grand Nationals en Z\u00e1rate. El piloto de Quilmes logr\u00f3 acercarse al grupo de adelante en Micro Max y complet\u00f3 un fin de semana en el que sus registros convalidaron su evoluci\u00f3n.<\/em><\/p>\n<p><img decoding=\"async\" src=\"https:\/\/www.e-kartvirtualpress.com.ar\/fzabala\/fzabala_260830ro.jpg\"><\/p>\n<p><strong><br \/>Z\u00e1rate, Buenos Aires.<\/strong> El pasado fin de semana, Francisco Zabala integr\u00f3 la fecha conjunta que RMC Buenos Aires y RMC Grand Nationals llevaron adelante en el Kart\u00f3dromo \u2018Ciudad de Z\u00e1rate\u2019, en la provincia de Buenos Aires. El piloto de Quilmes compiti\u00f3 en Micro Max por el Evento #3 del Trofeo de Invierno de RMC Buenos Aires. La cita marc\u00f3, adem\u00e1s, el \u00faltimo compromiso computable para la conformaci\u00f3n del H\u00e1ndicap con vistas a la RMC Final Argentina.<\/p>\n<p>La actividad puntuable comenz\u00f3 el s\u00e1bado con la clasificaci\u00f3n, donde Zabala ocup\u00f3 el P20. En la primera manga logr\u00f3 avanzar y cruz\u00f3 la meta en el P16, aunque un recargo por trompa modific\u00f3 posteriormente su resultado y lo dej\u00f3 en el P17. La segunda bater\u00eda result\u00f3 m\u00e1s complicada y finaliz\u00f3 en el P19.<\/p>\n<p>La Manga 3 le permiti\u00f3 mostrar una mejor versi\u00f3n. Un incidente entre otros competidores abri\u00f3 la posibilidad de avanzar y Francisco supo aprovechar la situaci\u00f3n para acercarse al grupo de adelante, algo que \u00e9l mismo destac\u00f3 por la experiencia que viene acumulando en la divisional. Cruz\u00f3 la meta en el P15 y posteriormente se vio beneficiado por sanciones aplicadas a otros pilotos, cerrando as\u00ed su mejor actuaci\u00f3n de la jornada en el P14.<\/p>\n<p>Al concluir el s\u00e1bado, Zabala valor\u00f3 especialmente los avances conseguidos: <strong><em>\u201cArrancamos muy bien el fin de semana. Pudimos hacer un tiempo de \u201849.9\u2019 y eso nos dej\u00f3 muy contentos. Despu\u00e9s tuvimos algunos problemitas de falta de experiencia, pero de a poco fuimos mejorando. La verdad es que me sorprendi\u00f3 poder pelear a los de adelante en la tercera manga. Hubo un toque grande, lo esquivamos y eso nos permiti\u00f3 avanzar. Ahora estamos muy felices y ya pensando en la Final del domingo. Voy a dar todo para conseguir el mejor resultado posible. Y si no se da, no importa, pero lo voy a intentar hasta el final\u201d<\/em><\/strong>.<\/p>\n<p><img decoding=\"async\" src=\"https:\/\/www.e-kartvirtualpress.com.ar\/fzabala\/fzabala_3_260830ro.jpg\"><\/p>\n<p>El domingo, Francisco volvi\u00f3 a enfocarse en continuar su evoluci\u00f3n durante la Final. Si bien no consigui\u00f3 repetir el avance hacia las posiciones de adelante que hab\u00eda experimentado el s\u00e1bado, volvi\u00f3 a encontrar buenos registros de vuelta (49,456) y complet\u00f3 la competencia conforme con su rendimiento. Un recargo por trompa aplicado posteriormente determin\u00f3 su clasificaci\u00f3n definitiva en el P18.<\/p>\n<p>Tras la \u00faltima competencia del fin de semana, el piloto de Quilmes se\u00f1al\u00f3: <strong><em>\u201cTerminamos muy bien el fin de semana. L\u00e1stima que no pudimos volver a avanzar hacia la punta, pero me voy muy conforme con la carrera. Adem\u00e1s, logr\u00e9 un muy buen tiempo y eso me deja contento por mi progreso. Ahora ya pensamos en Sunchales, donde ser\u00e1 la Final Argentina. Vamos a ir con ganas a dejar todo\u201d<\/em><\/strong>.<\/p>\n<p>Antes de retirarse del circuito, Francisco agradeci\u00f3: <strong><em>\u201cQuiero agradecer a toda mi familia, a mi t\u00edo Hern\u00e1n, al equipo GZ Racing, a Gast\u00f3n Zeballos, a AGM por la motorizaci\u00f3n y a todos los que me apoyan: Baly Argentina, Cervecer\u00eda Nocera, Indepal, Jorsa, Vig\u00eda, CXL Cortes por l\u00e1ser, Dibu 23 Agua, Infinity y HRX\u201d<\/em><\/strong>.<\/p>\n<p>Con una presentaci\u00f3n en la que volvi\u00f3 a sumar experiencia y mostr\u00f3 progresos en su rendimiento, Zabala complet\u00f3 el Evento #3 ubicado en el P18 del Trofeo de Invierno de RMC Buenos Aires, con 61 puntos. Su pr\u00f3xima competencia ser\u00e1 la RMC Final Argentina, prevista del 18 al 20 de septiembre en el Kart\u00f3dromo \u2018Sudamericano\u2019, en Sunchales, Santa Fe, donde se definir\u00e1n los cupos para la IRMC Grand Finals.<\/p>\n<p><img decoding=\"async\" src=\"https:\/\/www.e-kartvirtualpress.com.ar\/fzabala\/fzabala_2_260830ro.jpg\"><\/p>\n<p>Ph. Prensa E-Kart<br \/>Inform\u00f3: E-Kart Virtual Press<\/p>\n","protected":false},"excerpt":{"rendered":"<p>Francisco Zabala encontr\u00f3 en la tercera manga una de sus mejores referencias durante la fecha conjunta de RMC Buenos Aires y RMC Grand Nationals en Z\u00e1rate. El piloto de Quilmes logr\u00f3 acercarse al grupo de adelante en Micro Max y complet\u00f3 un fin de semana en el que sus registros convalidaron su evoluci\u00f3n.<\/p>\n","protected":false},"author":1,"featured_media":46249,"comment_status":"closed","ping_status":"closed","sticky":false,"template":"","format":"standard","meta":{"footnotes":""},"categories":[1948,1955,1976],"tags":[],"class_list":["post-46248","post","type-post","status-publish","format-standard","has-post-thumbnail","hentry","category-pilotos-ekvp","category-rmc-buenos-aires","category-rmc-grand-nationals"],"_links":{"self":[{"href":"https:\/\/e-kart.com.ar\/index.php?rest_route=\/wp\/v2\/posts\/46248","targetHints":{"allow":["GET"]}}],"collection":[{"href":"https:\/\/e-kart.com.ar\/index.php?rest_route=\/wp\/v2\/posts"}],"about":[{"href":"https:\/\/e-kart.com.ar\/index.php?rest_route=\/wp\/v2\/types\/post"}],"author":[{"embeddable":true,"href":"https:\/\/e-kart.com.ar\/index.php?rest_route=\/wp\/v2\/users\/1"}],"replies":[{"embeddable":true,"href":"https:\/\/e-kart.com.ar\/index.php?rest_route=%2Fwp%2Fv2%2Fcomments&post=46248"}],"version-history":[{"count":1,"href":"https:\/\/e-kart.com.ar\/index.php?rest_route=\/wp\/v2\/posts\/46248\/revisions"}],"predecessor-version":[{"id":46274,"href":"https:\/\/e-kart.com.ar\/index.php?rest_route=\/wp\/v2\/posts\/46248\/revisions\/46274"}],"wp:featuredmedia":[{"embeddable":true,"href":"https:\/\/e-kart.com.ar\/index.php?rest_route=\/wp\/v2\/media\/46249"}],"wp:attachment":[{"href":"https:\/\/e-kart.com.ar\/index.php?rest_route=%2Fwp%2Fv2%2Fmedia&parent=46248"}],"wp:term":[{"taxonomy":"category","embeddable":true,"href":"https:\/\/e-kart.com.ar\/index.php?rest_route=%2Fwp%2Fv2%2Fcategories&post=46248"},{"taxonomy":"post_tag","embeddable":true,"href":"https:\/\/e-kart.com.ar\/index.php?rest_route=%2Fwp%2Fv2%2Ftags&post=46248"}],"curies":[{"name":"wp","href":"https:\/\/api.w.org\/{rel}","templated":true}]}}