{"id":43977,"date":"2026-04-30T09:31:39","date_gmt":"2026-04-30T12:31:39","guid":{"rendered":"https:\/\/e-kart.com.ar\/?p=43977"},"modified":"2026-04-30T09:31:40","modified_gmt":"2026-04-30T12:31:40","slug":"rmc-buenos-aires-regreso-esperado-con-parque-record-en-pista","status":"publish","type":"post","link":"https:\/\/e-kart.com.ar\/?p=43977","title":{"rendered":"RMC BUENOS AIRES: Regreso esperado con parque r\u00e9cord en pista"},"content":{"rendered":"\n<p class=\"has-medium-font-size\"><em>Cerca de 200 pilotos volver\u00e1n a encontrarse en un escenario cl\u00e1sico. La actividad marcar\u00e1 el retorno tras dos a\u00f1os de ausencia en la anteultima fecha del Trofeo de Verano.<\/em><\/p>\n\n\n\n<figure class=\"wp-block-image size-full\"><a href=\"https:\/\/e-kart.com.ar\/wp-content\/uploads\/2026\/04\/foto-55.jpg\"><img loading=\"lazy\" decoding=\"async\" width=\"960\" height=\"524\" src=\"https:\/\/e-kart.com.ar\/wp-content\/uploads\/2026\/04\/foto-55.jpg\" alt=\"\" class=\"wp-image-43979\" srcset=\"https:\/\/e-kart.com.ar\/wp-content\/uploads\/2026\/04\/foto-55.jpg 960w, https:\/\/e-kart.com.ar\/wp-content\/uploads\/2026\/04\/foto-55-300x164.jpg 300w, https:\/\/e-kart.com.ar\/wp-content\/uploads\/2026\/04\/foto-55-768x419.jpg 768w\" sizes=\"auto, (max-width: 960px) 100vw, 960px\" \/><\/a><\/figure>\n\n\n\n<p class=\"has-small-font-size\">Ph. Archivo &#8211; Juan P. Casella<\/p>\n\n\n\n<p><br><strong>Z\u00e1rate, Buenos Aires.<\/strong> Este fin de semana, RMC Buenos Aires disputar\u00e1 un nuevo cap\u00edtulo del Trofeo de Verano y volver\u00e1 a girar en el kart\u00f3dromo de Z\u00e1rate luego de dos temporadas sin presentarse en ese escenario.<\/p>\n\n\n\n<p>La expectativa es alta. Seg\u00fan inform\u00f3 la organizaci\u00f3n, alrededor de 200 pilotos formar\u00e1n parte del evento, que se desarrollar\u00e1 en el circuito n\u00famero 1 en sentido antihorario. El trazado volver\u00e1 a ser protagonista dentro de un calendario que transita su etapa decisiva.<\/p>\n\n\n\n<p>En lo deportivo, los campeonatos llegan con referentes bien posicionados. En Senior Max lidera Juan I. Alessi con 264 puntos. En Junior Max encabeza Ian Taborda con 234 unidades. En Micro Max, Antonio Pugliesi suma 255. En Mini Max manda Juan C. Davancens con 272 puntos. En Master Max es Gabriel De Lucca quien est\u00e1 al frente con 223. En DD2, Mat\u00edas Rodr\u00edguez lidera con 264. En Senior Nacional encabeza Lucas Qui\u00f1ones con 96 unidades y en Master Nacional el puntero es Diego Vigliercio con 128 puntos.<\/p>\n\n\n\n<p>El cronograma ya fue confirmado: la actividad comenzar\u00e1 el viernes con pruebas extraoficiales, continuar\u00e1 el s\u00e1bado con entrenamientos, clasificaciones y mangas, y culminar\u00e1 el domingo con series, repechaje en Senior Nacional y las finales que definir\u00e1n el cuarto compromiso del certamen.<\/p>\n\n\n\n<p>Toda la actividad del fin de semana podr\u00e1 seguirse como siempre a traves de E-Kart WebRadio, con relatos de Luis \u00abPolaco\u00bb Nickus y comentarios de Marcelo Casella, acompa\u00f1ando cada instancia desde la apertura de pista hasta la \u00faltima bandera a cuadros.<\/p>\n\n\n\n<figure class=\"wp-block-image size-large is-resized\"><a href=\"https:\/\/e-kart.com.ar\/wp-content\/uploads\/2026\/04\/Crono_260503-scaled.jpg\"><img loading=\"lazy\" decoding=\"async\" width=\"724\" height=\"1024\" src=\"https:\/\/e-kart.com.ar\/wp-content\/uploads\/2026\/04\/Crono_260503-724x1024.jpg\" alt=\"\" class=\"wp-image-43974\" style=\"width:960px\" srcset=\"https:\/\/e-kart.com.ar\/wp-content\/uploads\/2026\/04\/Crono_260503-724x1024.jpg 724w, https:\/\/e-kart.com.ar\/wp-content\/uploads\/2026\/04\/Crono_260503-212x300.jpg 212w, https:\/\/e-kart.com.ar\/wp-content\/uploads\/2026\/04\/Crono_260503-768x1086.jpg 768w, https:\/\/e-kart.com.ar\/wp-content\/uploads\/2026\/04\/Crono_260503-1086x1536.jpg 1086w, https:\/\/e-kart.com.ar\/wp-content\/uploads\/2026\/04\/Crono_260503-1448x2048.jpg 1448w, https:\/\/e-kart.com.ar\/wp-content\/uploads\/2026\/04\/Crono_260503-scaled.jpg 1811w\" sizes=\"auto, (max-width: 724px) 100vw, 724px\" \/><\/a><\/figure>\n\n\n\n<p class=\"has-medium-font-size\"><br><strong><mark style=\"background-color:rgba(0, 0, 0, 0)\" class=\"has-inline-color has-luminous-vivid-orange-color\">TRANSMISION DE WEBRADIO <\/mark><\/strong><\/p>\n\n\n\n<figure class=\"wp-block-audio\"><audio controls=\"\" src=\"https:\/\/streaming1.locucionar.com\/proxy\/ekartradio?mp=\/stream\"><\/audio><\/figure>\n\n\n\n<p class=\"has-text-align-center\"><strong>Relatos:<\/strong> Luis \u00abPolaco\u00bb Nickus <strong>| Horarios:<\/strong> S\u00e1b 11:30 hs &#8211; Dom 11:00 hs<\/p>\n\n\n\n<p class=\"has-medium-font-size\"><br><strong><mark style=\"background-color:rgba(0, 0, 0, 0)\" class=\"has-inline-color has-luminous-vivid-orange-color\">TIEMPOS EN VIVO<\/mark><\/strong><\/p>\n\n\n\n<p><\/p>\n\n\n\n<p><div style=\"width:100%; max-width:960px;\">\n  <iframe loading=\"lazy\" src=\"https:\/\/speedhive.mylaps.com\/livetiming\/CDLPNDLQ-2147483782\/Active\"\n    width=\"100%\"\n    height=\"510\"\n    style=\"border:0;\"\n    allowfullscreen>\n  <\/iframe>\n<\/div><\/p>\n\n\n\n<p><strong>Resultados Oficiales:<\/strong> <a href=\"https:\/\/speedhive.mylaps.com\/LiveTiming\/QONLNRVR-2147484974\" target=\"_blank\" rel=\"noreferrer noopener\">https:\/\/speedhive.mylaps.com\/LiveTiming\/QONLNRVR-2147484974<\/a><\/p>\n\n\n\n<h2 class=\"wp-block-heading has-medium-font-size\"><br><strong><mark style=\"background-color:rgba(0, 0, 0, 0)\" class=\"has-inline-color has-luminous-vivid-orange-color\">CAMPEONATOS<\/mark><\/strong><\/h2>\n\n\n\n<p>De cara a la ante\u00faltima fecha del Trofeo de Verano, los campeonatos llegan con diferencias claras en algunas divisionales y m\u00e1rgenes ajustados en otras, sabiendo que en la pr\u00f3xima presentaci\u00f3n quedar\u00e1n definidos los t\u00edtulos.<\/p>\n\n\n\n<p>En <strong>Senior Max<\/strong>, Juan I. Alessi encabeza con 264 puntos y una ventaja amplia sobre Bautista Panetta, que suma 176, mientras que Valentino Manta es tercero con 168. La diferencia entre el l\u00edder y su escolta es de 88 unidades, un margen importante cuando resta solo una cita despu\u00e9s de este compromiso.<\/p>\n\n\n\n<p>En <strong>Junior Max<\/strong>, Ian Taborda lidera con 234 puntos. Valentino Diamante lo sigue con 197, a 37 unidades, y Sim\u00f3n Cort\u00e9s Falc\u00f3n es tercero con 183, a 51 del puntero. Es una de las divisionales que a\u00fan mantiene margen matem\u00e1tico abierto pensando en la definici\u00f3n final.<\/p>\n\n\n\n<p>En <strong>Micro Max<\/strong>, Antonio Pugliesi domina con 255 puntos, seguido por Agust\u00edn Perchivatti con 242, a solo 13 unidades, mientras que Le\u00f3n L\u00f3pez suma 217 y se ubica a 38 del l\u00edder. Es uno de los campeonatos m\u00e1s ajustados en la pelea directa por la punta.<\/p>\n\n\n\n<p>En Mini Max, Juan C. Davancens manda con 272 puntos. Francisco Morgenstern es segundo con 245, a 27, y Juan Perea tercero con 212, a 60 del l\u00edder. La lucha principal se concentra entre los dos primeros, con diferencia a\u00fan descontable.<\/p>\n\n\n\n<p>En <strong>Master Max<\/strong>, Gabriel De Lucca encabeza con 223 puntos. Ulises Cepeda lo sigue con 209, a 14 unidades, y Juli\u00e1n Falivene es tercero con 202, a 21 del puntero. Es otro de los torneos que llegan con margen corto entre los tres primeros.<\/p>\n\n\n\n<p>En <strong>DD2<\/strong>, Mat\u00edas Rodr\u00edguez lidera con 264 puntos, con Franco Mica como escolta con 196, a 68, y Nicol\u00e1s Cotignola tercero con 187, a 77 del l\u00edder. All\u00ed el puntero cuenta con una ventaja considerable en el tramo final.<\/p>\n\n\n\n<p>En <strong>Senior Nacional<\/strong>, Lucas Qui\u00f1ones encabeza con 96 puntos. Pablo Plocher lo sigue con 94, apenas a 2 unidades, y Axel Zapata es tercero con 90, a 6 del l\u00edder. Es el campeonato m\u00e1s ajustado en la zona alta.<\/p>\n\n\n\n<p>En <strong>Master Nacional<\/strong>, Diego Vigliercio suma 128 puntos en la cima. Marcos Mart\u00ednez lo escolta con 102, a 26 unidades, y Gast\u00f3n Di Bella es tercero con 95, a 33 del l\u00edder. La definici\u00f3n permanece abierta, aunque con margen favorable para el puntero.<\/p>\n\n\n\n<p>Con este panorama, la fecha que se disputar\u00e1 este fin de semana puede empezar a marcar tendencias claras antes de la \u00faltima cita, donde quedar\u00e1n consagrados los campeones del Trofeo de Verano.<\/p>\n\n\n\n<p class=\"has-medium-font-size\"><br><strong><mark style=\"background-color:rgba(0, 0, 0, 0)\" class=\"has-inline-color has-luminous-vivid-orange-color\">CLIMA<\/mark><\/strong><\/p>\n\n\n    <a class=\"weatherwidget-io\"\r\n       href=\"https:\/\/forecast7.com\/es\/n34d10n59d02\/zarate\/\"\r\n       data-label_1=\"ZARATE\"\r\n       data-label_2=\"Buenos Aires\"\r\n       data-theme=\"pure\">\r\n        ZARATE Buenos Aires    <\/a>\r\n\r\n    <script>\r\n    !function(d,s,id){\r\n        var js,fjs=d.getElementsByTagName(s)[0];\r\n        if(!d.getElementById(id)){\r\n            js=d.createElement(s);\r\n            js.id=id;\r\n            js.src='https:\/\/weatherwidget.io\/js\/widget.min.js';\r\n            fjs.parentNode.insertBefore(js,fjs);\r\n        }\r\n    }(document,'script','weatherwidget-io-js');\r\n    <\/script>\r\n    \n\n\n\n<p><\/p>\n\n\n\n<p><br>Inform\u00f3: E-Kart.com.ar<\/p>\n","protected":false},"excerpt":{"rendered":"<p>Cerca de 200 pilotos volver\u00e1n a encontrarse en un escenario cl\u00e1sico. La actividad marcar\u00e1 el retorno tras dos a\u00f1os de ausencia en la anteultima fecha del Trofeo de Verano.<\/p>\n","protected":false},"author":1,"featured_media":43979,"comment_status":"closed","ping_status":"closed","sticky":false,"template":"","format":"standard","meta":{"footnotes":""},"categories":[2083,2040,1955],"tags":[],"class_list":["post-43977","post","type-post","status-publish","format-standard","has-post-thumbnail","hentry","category-destacada","category-proxima-cobertura","category-rmc-buenos-aires"],"_links":{"self":[{"href":"https:\/\/e-kart.com.ar\/index.php?rest_route=\/wp\/v2\/posts\/43977","targetHints":{"allow":["GET"]}}],"collection":[{"href":"https:\/\/e-kart.com.ar\/index.php?rest_route=\/wp\/v2\/posts"}],"about":[{"href":"https:\/\/e-kart.com.ar\/index.php?rest_route=\/wp\/v2\/types\/post"}],"author":[{"embeddable":true,"href":"https:\/\/e-kart.com.ar\/index.php?rest_route=\/wp\/v2\/users\/1"}],"replies":[{"embeddable":true,"href":"https:\/\/e-kart.com.ar\/index.php?rest_route=%2Fwp%2Fv2%2Fcomments&post=43977"}],"version-history":[{"count":2,"href":"https:\/\/e-kart.com.ar\/index.php?rest_route=\/wp\/v2\/posts\/43977\/revisions"}],"predecessor-version":[{"id":43980,"href":"https:\/\/e-kart.com.ar\/index.php?rest_route=\/wp\/v2\/posts\/43977\/revisions\/43980"}],"wp:featuredmedia":[{"embeddable":true,"href":"https:\/\/e-kart.com.ar\/index.php?rest_route=\/wp\/v2\/media\/43979"}],"wp:attachment":[{"href":"https:\/\/e-kart.com.ar\/index.php?rest_route=%2Fwp%2Fv2%2Fmedia&parent=43977"}],"wp:term":[{"taxonomy":"category","embeddable":true,"href":"https:\/\/e-kart.com.ar\/index.php?rest_route=%2Fwp%2Fv2%2Fcategories&post=43977"},{"taxonomy":"post_tag","embeddable":true,"href":"https:\/\/e-kart.com.ar\/index.php?rest_route=%2Fwp%2Fv2%2Ftags&post=43977"}],"curies":[{"name":"wp","href":"https:\/\/api.w.org\/{rel}","templated":true}]}}