{"id":43934,"date":"2026-04-28T18:18:10","date_gmt":"2026-04-28T21:18:10","guid":{"rendered":"https:\/\/e-kart.com.ar\/?p=43934"},"modified":"2026-04-28T18:22:06","modified_gmt":"2026-04-28T21:22:06","slug":"43934","status":"publish","type":"post","link":"https:\/\/e-kart.com.ar\/?p=43934","title":{"rendered":"IAME SERIES ARGENTINA: Exitoso tercer acto en Buenos Aires"},"content":{"rendered":"\n<p class=\"has-medium-font-size\"><em><em>Con 125 pilotos en pista, se complet\u00f3 el tercer cap\u00edtulo del calendario. La lluvia y el viento marcaron un fin de semana exigente en el trazado porte\u00f1o.<\/em><\/em><\/p>\n\n\n\n<figure class=\"wp-block-image size-full\"><a href=\"https:\/\/e-kart.com.ar\/wp-content\/uploads\/2026\/04\/foto-52.jpg\"><img loading=\"lazy\" decoding=\"async\" width=\"960\" height=\"524\" src=\"https:\/\/e-kart.com.ar\/wp-content\/uploads\/2026\/04\/foto-52.jpg\" alt=\"\" class=\"wp-image-43955\" srcset=\"https:\/\/e-kart.com.ar\/wp-content\/uploads\/2026\/04\/foto-52.jpg 960w, https:\/\/e-kart.com.ar\/wp-content\/uploads\/2026\/04\/foto-52-300x164.jpg 300w, https:\/\/e-kart.com.ar\/wp-content\/uploads\/2026\/04\/foto-52-768x419.jpg 768w\" sizes=\"auto, (max-width: 960px) 100vw, 960px\" \/><\/a><\/figure>\n\n\n\n<p><br><strong>CABA.<\/strong> El pasado fin de semana se llev\u00f3 adelante la tercera fecha de la Champion Cup 2026 de IAME Series Argentina en el Kart\u00f3dromo porte\u00f1o, correspondiente al tercer compromiso de la etapa regular.<\/p>\n\n\n\n<p>El fin de semana estuvo condicionado por la inestabilidad clim\u00e1tica. La amenaza de lluvia acompa\u00f1\u00f3 gran parte de la programaci\u00f3n y el cierre del domingo se dio con r\u00e1fagas intensas de viento, aunque el cronograma del \u201cGran Premio Rasta &#8211; Est\u00e1 todo bien\u201d pudo completarse en tiempo y forma.<\/p>\n\n\n\n<p>Con un parque de 125 pilotos distribuidos en todas las divisionales, la fecha volvi\u00f3 a mostrar un escenario competitivo parejo, con definiciones ajustadas en varias categor\u00edas y movimientos importantes en el campeonato antes de encarar el pr\u00f3ximo compromiso.<\/p>\n\n\n\n<p>En las Finales del domingo, los vencedores fueron Juan C. Davancens en 60 Mini \/ 60 Under, Santiago Jara en OKN Junior, Juan I. Alessi en OKN, Sim\u00f3n Cort\u00e9s Falc\u00f3n en Old School Junior, Matteo Bonaglia en Old School Senior, Dami\u00e1n Cassino en Old School Master y Gast\u00f3n Zeballos en Honda Senior 390.<\/p>\n\n\n\n<p>En el plano de los campeonatos extraoficiales, Felipe Barone contin\u00faa al frente en 60 Mini \/ 60 Under con 149 puntos, Santiago Jara lidera OKN Junior con 142, Juan I. Alessi encabeza OKN con 137, Santino Mateo manda en Old School Junior con 157, Tom\u00e1s Cordone se mantiene primero en Old School Senior con 115, Agust\u00edn Catania lidera Old School Master con 135 y Facundo Rodr\u00edguez sigue al frente en Honda Senior 390 con 133 unidades.<\/p>\n\n\n\n<p>La pr\u00f3xima fecha se disputar\u00e1 en el Kart\u00f3dromo \u201cCiudad de Z\u00e1rate\u201d, los d\u00edas 30 y 31 de mayo, donde comenzar\u00e1 a definirse el tramo medio de la etapa regular.<\/p>\n\n\n\n<p class=\"has-medium-font-size\"><br><strong>TRANSMISION OFICIAL<\/strong><\/p>\n\n\n\n<figure class=\"wp-block-embed is-type-video is-provider-youtube wp-block-embed-youtube wp-embed-aspect-16-9 wp-has-aspect-ratio\"><div class=\"wp-block-embed__wrapper\">\n<iframe loading=\"lazy\" title=\"En Vivo l Round 3 IAME Series Argentina Karting 2026 - Transmisi\u00f3n Oficial\" width=\"1110\" height=\"624\" src=\"https:\/\/www.youtube.com\/embed\/DqbLXOO-jS0?feature=oembed\" frameborder=\"0\" allow=\"accelerometer; autoplay; clipboard-write; encrypted-media; gyroscope; picture-in-picture; web-share\" referrerpolicy=\"strict-origin-when-cross-origin\" allowfullscreen><\/iframe>\n<\/div><\/figure>\n\n\n\n<p class=\"has-medium-font-size\"><br><strong>60 MINI \/ 60 UNDER<\/strong><\/p>\n\n\n\n<p>Con un parque de 25 pilotos en pista, la divisional volvi\u00f3 a ser una de las m\u00e1s numerosas del fin de semana, con buen n\u00famero tanto en 60 Mini como en 60 Under.<\/p>\n\n\n\n<p>La clasificaci\u00f3n qued\u00f3 en manos de Francisco Morgenstern con un registro de 54.159. En las mangas, Felipe Barone se llev\u00f3 la primera y Morgenstern la segunda. El Sprint fue para Barone, que aprovech\u00f3 la grilla invertida y volvi\u00f3 a sumar fuerte.<\/p>\n\n\n\n<p>La Final tuvo un desarrollo din\u00e1mico en el lote de punta. Felipe Barone tom\u00f3 la referencia inicial, mientras que Juan Cruz Davancens fue avanzando posiciones giro tras giro hasta meterse en el segundo lugar. Ya en el tramo decisivo, Davancens consolid\u00f3 su avance, fue por el liderazgo y logr\u00f3 superarlo a poco de la bandera de cuadros, asegurando as\u00ed su primera victoria en la categor\u00eda.<\/p>\n\n\n\n<p>Barone termin\u00f3 como escolta tras haber liderado buena parte de la competencia, mientras que Francisco Morgenstern complet\u00f3 el podio en el tercer puesto, manteni\u00e9ndose siempre dentro del grupo principal.<\/p>\n\n\n\n<p>En el campeonato extraoficial, Barone contin\u00faa como l\u00edder con 149 puntos. Lo sigue Francisco Morgenstern con 128 unidades, a 21 de diferencia, y tercero se ubica Juan Perea con 114, a 35 del puntero y a 14 del segundo.<\/p>\n\n\n\n<figure class=\"wp-block-image size-full\"><a href=\"https:\/\/e-kart.com.ar\/wp-content\/uploads\/2026\/04\/DSC_6875.jpg\"><img loading=\"lazy\" decoding=\"async\" width=\"960\" height=\"640\" src=\"https:\/\/e-kart.com.ar\/wp-content\/uploads\/2026\/04\/DSC_6875.jpg\" alt=\"\" class=\"wp-image-43947\" srcset=\"https:\/\/e-kart.com.ar\/wp-content\/uploads\/2026\/04\/DSC_6875.jpg 960w, https:\/\/e-kart.com.ar\/wp-content\/uploads\/2026\/04\/DSC_6875-300x200.jpg 300w, https:\/\/e-kart.com.ar\/wp-content\/uploads\/2026\/04\/DSC_6875-768x512.jpg 768w\" sizes=\"auto, (max-width: 960px) 100vw, 960px\" \/><\/a><\/figure>\n\n\n\n<p><br><strong><strong>RESULTADOS OFICIALES<\/strong><\/strong><br><strong>Clasificaci\u00f3n:<\/strong> 1. Morgenstern, Francisco 54.159<\/p>\n\n\n\n<p><strong>Manga 1:<\/strong> 1. Barone, Felipe, 2. Davancens, Juan C., 3. Morgenstern, Francisco, 4. Perea, Juan, 5. Perchivatti, Agust\u00edn, 6. Ardesi, Italo, 7. Manassero, Bruno, 8. Gomez Ram\u00edrez, Gregorio, 9. Giraudo, Gian M., 10. Lopez, Le\u00f3n, 11. Morgenstern, Felipe, 12. Galarza Rodr\u00edguez, Juan, 13. Gonz\u00e1lez, Agustino (U), 14. Icazuriaga, Sim\u00f3n (U), 15. Huta, Nicol\u00e1s, 16. Lopez, Benjam\u00edn, 17. Lucero Perabo, Hip\u00f3lito (U), 18. Deramo, Alvaro, 19. Soetbeer, Bastian (U), 20. Gonz\u00e1lez, Tom\u00e1s, 21. Lobato, Bastian (U), 22. Miranda, Bruno, 23. Villar, Ignacio (U), 24. Lestard, Alfredo, Nc. Briones, Benjam\u00edn.<br><strong>Manga 2:<\/strong> 1. Morgenstern, Francisco, 2. Barone, Felipe, 3. Morgenstern, Felipe, 4. Davancens, Juan C., 5. Giraudo, Gian M., 6. Perea, Juan, 7. Lucero Perabo, Hip\u00f3lito (U), 8. Ardesi, Italo, 9. Manassero, Bruno, 10. Icazuriaga, Sim\u00f3n (U), 11. Lopez, Le\u00f3n, 12. Gomez Ram\u00edrez, Gregorio, 13. Gonz\u00e1lez, Tom\u00e1s, 14. Briones, Benjam\u00edn, 15. Miranda, Bruno, 16. Villar, Ignacio (U), 17. Deramo, Alvaro, 18. Lobato, Bastian (U), 19. Lopez, Benjam\u00edn, 20. Soetbeer, Bastian (U), 21. Galarza Rodr\u00edguez, Juan, 22. Perchivatti, Agust\u00edn, Nc. Lestard, Alfredo, Nc. Huta, Nicol\u00e1s, Sv. Gonz\u00e1lez, Agustino (U).<\/p>\n\n\n\n<p><strong>Sprint:<\/strong> 1. Barone, Felipe, 2. Ardesi, Italo, 3. Morgenstern, Francisco, 4. Giraudo, Gian M., 5. Davancens, Juan C., 6. Morgenstern, Felipe, 7. Gomez Ram\u00edrez, Gregorio, 8. Lopez, Le\u00f3n, 9. Miranda, Bruno, 10. Galarza Rodr\u00edguez, Juan, 11. Villar, Ignacio (U), 12. Huta, Nicol\u00e1s, 13. Perchivatti, Agust\u00edn, 14. Manassero, Bruno, 15. Lopez, Benjam\u00edn, 16. Icazuriaga, Sim\u00f3n (U), 17. Perea, Juan, 18. Soetbeer, Bastian (U), 19. Lestard, Alfredo, 20. Gonz\u00e1lez, Tom\u00e1s, 21. Briones, Benjam\u00edn, 22. Lobato, Bastian (U), Nc. Lucero Perabo, Hip\u00f3lito (U), Nc. Deramo, Alvaro, Sv. Gonz\u00e1lez, Agustino (U).<\/p>\n\n\n\n<p><strong>Final:<\/strong> 1. Davancens, Juan C., 2. Barone, Felipe, 3. Morgenstern, Francisco, 4. Morgenstern, Felipe, 5. Ardesi, Italo, 6. Perea, Juan, 7. Giraudo, Gian M., 8. Perchivatti, Agust\u00edn, 9. Miranda, Bruno, 10. Gomez Ram\u00edrez, Gregorio, 11. Galarza Rodr\u00edguez, Juan, 12. Manassero, Bruno, 13. Gonz\u00e1lez, Agustino (U), 14. Villar, Ignacio (U), 15. Gonz\u00e1lez, Tom\u00e1s, 16. Lopez, Benjam\u00edn, 17. Lopez, Le\u00f3n, 18. Soetbeer, Bastian (U), 19. Lucero Perabo, Hip\u00f3lito (U), 20. Icazuriaga, Sim\u00f3n (U), 21. Lobato, Bastian (U), 22. Lestard, Alfredo, 23. Deramo, Alvaro, 24. Briones, Benjam\u00edn, 25. Huta, Nicol\u00e1s.<\/p>\n\n\n\n<figure class=\"wp-block-image size-full\"><a href=\"https:\/\/e-kart.com.ar\/wp-content\/uploads\/2026\/04\/DSC_8265.jpg\"><img loading=\"lazy\" decoding=\"async\" width=\"960\" height=\"640\" src=\"https:\/\/e-kart.com.ar\/wp-content\/uploads\/2026\/04\/DSC_8265.jpg\" alt=\"\" class=\"wp-image-43939\" srcset=\"https:\/\/e-kart.com.ar\/wp-content\/uploads\/2026\/04\/DSC_8265.jpg 960w, https:\/\/e-kart.com.ar\/wp-content\/uploads\/2026\/04\/DSC_8265-300x200.jpg 300w, https:\/\/e-kart.com.ar\/wp-content\/uploads\/2026\/04\/DSC_8265-768x512.jpg 768w\" sizes=\"auto, (max-width: 960px) 100vw, 960px\" \/><\/a><\/figure>\n\n\n\n<p><iframe loading=\"lazy\" width=\"100%\" height=\"1000px\" frameborder=\"0\" scrolling=\"no\" src=\"https:\/\/instagram.com\/p\/DXrhVS0jjJy\/embed\"><\/iframe><\/p>\n\n\n\n<p class=\"has-medium-font-size\"><br><strong>OKN JUNIOR<\/strong><\/p>\n\n\n\n<p>La divisional reuni\u00f3 14 pilotos en pista y volvi\u00f3 a mostrar un grupo competitivo, con variantes en cada instancia oficial.<\/p>\n\n\n\n<p>La clasificaci\u00f3n fue para Tom\u00e1s Roca con 48.186. En las mangas, Ignacio D\u00edaz Quaglia gan\u00f3 la primera y Santiago Jara la segunda. El Sprint qued\u00f3 en manos de Bruno Bisceglia, que se meti\u00f3 de lleno en la pelea grande antes de la definici\u00f3n.<\/p>\n\n\n\n<p>En la Final, D\u00edaz Quaglia domin\u00f3 casi de punta a punta. Marc\u00f3 el ritmo y control\u00f3 la carrera durante la mayor parte de las 18 vueltas. En los tramos decisivos, un toque con Bruno Bisceglia \u2014que ven\u00eda como escolta\u2014 gener\u00f3 que el babero del kart de D\u00edaz Quaglia se desprendiera y se levantara, comprometiendo su visi\u00f3n. Desde all\u00ed perdi\u00f3 rendimiento y qued\u00f3 expuesto ante el avance de Santiago Jara.<\/p>\n\n\n\n<p>A metros de la cuadriculada la punta cambi\u00f3 de manos y Jara se qued\u00f3 con la victoria. En pista, Bisceglia cruz\u00f3 segundo y D\u00edaz Quaglia tercero. Sin embargo, tras el an\u00e1lisis deportivo, Bisceglia fue recargado por el toque que origin\u00f3 el problema en el kart del l\u00edder y cay\u00f3 al sexto puesto en el clasificador definitivo. De esta manera, D\u00edaz Quaglia hered\u00f3 el segundo lugar y Valentino Manassero complet\u00f3 el podio.<\/p>\n\n\n\n<p>En el campeonato, Jara lidera con 142 puntos. Lo sigue Bisceglia con 136, a 6 unidades, mientras que D\u00edaz Quaglia se ubica tercero con 131, a 11 del l\u00edder y a 5 del segundo.<\/p>\n\n\n\n<figure class=\"wp-block-image size-full\"><a href=\"https:\/\/e-kart.com.ar\/wp-content\/uploads\/2026\/04\/DSC_6957.jpg\"><img loading=\"lazy\" decoding=\"async\" width=\"960\" height=\"640\" src=\"https:\/\/e-kart.com.ar\/wp-content\/uploads\/2026\/04\/DSC_6957.jpg\" alt=\"\" class=\"wp-image-43948\" srcset=\"https:\/\/e-kart.com.ar\/wp-content\/uploads\/2026\/04\/DSC_6957.jpg 960w, https:\/\/e-kart.com.ar\/wp-content\/uploads\/2026\/04\/DSC_6957-300x200.jpg 300w, https:\/\/e-kart.com.ar\/wp-content\/uploads\/2026\/04\/DSC_6957-768x512.jpg 768w\" sizes=\"auto, (max-width: 960px) 100vw, 960px\" \/><\/a><\/figure>\n\n\n\n<p><br><strong><strong>RESULTADOS OFICIALES<\/strong><\/strong><br><strong>Clasificaci\u00f3n:<\/strong> 1. Roca, Tom\u00e1s 48.186<\/p>\n\n\n\n<p><strong>Manga 1:<\/strong> 1. D\u00edaz Quaglia, Ignacio, 2. Jara, Santiago, 3. Bisceglia, Bruno, 4. Taborda, Ian, 5. Roca, Tom\u00e1s, 6. Gonz\u00e1lez Cono, Pedro, 7. Teti, Mateo, 8. Alarcon, Pedro, 9. Carreira, Ramiro, 10. Alvarez Storni, Mateo, 11. Cavazzon, Nicol\u00e1s, Nc. Manassero, Valentino, Nc. Minicucci Candussi, Enzo, Nc. Robbiani, Agust\u00edn.<br><strong>Manga 2:<\/strong> 1. Jara, Santiago, 2. Roca, Tom\u00e1s, 3. Bisceglia, Bruno, 4. D\u00edaz Quaglia, Ignacio, 5. Minicucci Candussi, Enzo, 6. Taborda, Ian, 7. Carreira, Ramiro, 8. Manassero, Valentino, 9. Gonz\u00e1lez Cono, Pedro, 10. Cavazzon, Nicol\u00e1s, 11. Alarcon, Pedro, 12. Alvarez Storni, Mateo, 13. Teti, Mateo, Ex. Robbiani, Agust\u00edn.<\/p>\n\n\n\n<p><strong>Sprint:<\/strong> 1. Bisceglia, Bruno, 2. Minicucci Candussi, Enzo, 3. Manassero, Valentino, 4. Jara, Santiago, 5. Robbiani, Agust\u00edn, 6. D\u00edaz Quaglia, Ignacio, 7. Teti, Mateo, 8. Gonz\u00e1lez Cono, Pedro, 9. Carreira, Ramiro, 10. Cavazzon, Nicol\u00e1s, Nc. Alvarez Storni, Mateo, Nc. Alarcon, Pedro, Nc. Taborda, Ian, Ex. Roca, Tom\u00e1s.<\/p>\n\n\n\n<p><strong>Final:<\/strong> 1. Jara, Santiago, 2. D\u00edaz Quaglia, Ignacio, 3. Manassero, Valentino, 4. Roca, Tom\u00e1s, 5. Minicucci Candussi, Enzo, 6. Bisceglia, Bruno, 7. Robbiani, Agust\u00edn, 8. Carreira, Ramiro, 9. Alvarez Storni, Mateo, 10. Gonz\u00e1lez Cono, Pedro, 11. Teti, Mateo, 12. Alarcon, Pedro, Nc. Cavazzon, Nicol\u00e1s, Sv. Taborda, Ian.<\/p>\n\n\n\n<figure class=\"wp-block-image size-full\"><a href=\"https:\/\/e-kart.com.ar\/wp-content\/uploads\/2026\/04\/DSC_8298.jpg\"><img loading=\"lazy\" decoding=\"async\" width=\"960\" height=\"640\" src=\"https:\/\/e-kart.com.ar\/wp-content\/uploads\/2026\/04\/DSC_8298.jpg\" alt=\"\" class=\"wp-image-43940\" srcset=\"https:\/\/e-kart.com.ar\/wp-content\/uploads\/2026\/04\/DSC_8298.jpg 960w, https:\/\/e-kart.com.ar\/wp-content\/uploads\/2026\/04\/DSC_8298-300x200.jpg 300w, https:\/\/e-kart.com.ar\/wp-content\/uploads\/2026\/04\/DSC_8298-768x512.jpg 768w\" sizes=\"auto, (max-width: 960px) 100vw, 960px\" \/><\/a><\/figure>\n\n\n\n<p><br><\/p>\n\n\n\n<p><iframe loading=\"lazy\" width=\"100%\" height=\"1000px\" frameborder=\"0\" scrolling=\"no\" src=\"https:\/\/instagram.com\/p\/DXrhnfpDipA\/embed\"><\/iframe><\/p>\n\n\n\n<p class=\"has-medium-font-size\"><br><strong>OKN<\/strong><\/p>\n\n\n\n<p>La categor\u00eda reuni\u00f3 19 pilotos en pista y entreg\u00f3 una fecha con un claro dominador en la punta y un pelot\u00f3n que no dio respiro detr\u00e1s.<\/p>\n\n\n\n<p>La clasificaci\u00f3n qued\u00f3 en manos de Juan Ignacio Alessi con 48.734, registro que ya marc\u00f3 tendencia para lo que vendr\u00eda despu\u00e9s. En las mangas y parciales previas, Alessi se mostr\u00f3 firme, mientras que Francisco Figueroa y Mart\u00edn C\u00f3rdoba se mantuvieron como protagonistas constantes en la lucha por las posiciones de escolta.<\/p>\n\n\n\n<p>La Final fue una demostraci\u00f3n de control absoluto por parte de Alessi. Larg\u00f3 adelante y lider\u00f3 las 20 vueltas sin ceder en ning\u00fan momento la primera colocaci\u00f3n. Impuso ritmo desde el inicio, sostuvo diferencias cortas pero firmes y administr\u00f3 cada intento desde atr\u00e1s sin cometer errores. No hubo sobresaltos en la punta.<\/p>\n\n\n\n<p>La pelea estuvo detr\u00e1s. Figueroa y C\u00f3rdoba protagonizaron un duelo sostenido por el segundo puesto, con intercambios y presi\u00f3n permanente hasta el cierre. Finalmente, Figueroa asegur\u00f3 el lugar de escolta a 1.180 del ganador, mientras que C\u00f3rdoba complet\u00f3 el podio a 1.777, tras mantenerse siempre dentro del grupo perseguidor.<\/p>\n\n\n\n<p>En el campeonato, Juan Ignacio Alessi qued\u00f3 como l\u00edder con 137 puntos. Francisco Figueroa lo sigue con 130, a 7 unidades, mientras que Bautista Panetta se ubica tercero con 108, a 29 del l\u00edder. La diferencia es corta en la punta y la pr\u00f3xima fecha puede volver a mover el tablero.<\/p>\n\n\n\n<figure class=\"wp-block-image size-full\"><a href=\"https:\/\/e-kart.com.ar\/wp-content\/uploads\/2026\/04\/DSC_7432.jpg\"><img loading=\"lazy\" decoding=\"async\" width=\"960\" height=\"640\" src=\"https:\/\/e-kart.com.ar\/wp-content\/uploads\/2026\/04\/DSC_7432.jpg\" alt=\"\" class=\"wp-image-43949\" srcset=\"https:\/\/e-kart.com.ar\/wp-content\/uploads\/2026\/04\/DSC_7432.jpg 960w, https:\/\/e-kart.com.ar\/wp-content\/uploads\/2026\/04\/DSC_7432-300x200.jpg 300w, https:\/\/e-kart.com.ar\/wp-content\/uploads\/2026\/04\/DSC_7432-768x512.jpg 768w\" sizes=\"auto, (max-width: 960px) 100vw, 960px\" \/><\/a><\/figure>\n\n\n\n<p><br><strong><strong>RESULTADOS OFICIALES<\/strong><\/strong><br><strong>Clasificaci\u00f3n:<\/strong> 1. Alessi, Juan I. 47.942<\/p>\n\n\n\n<p><strong>Manga 1:<\/strong> 1. Alessi, Juan I., 2. Rolando, Nicol\u00e1s, 3. Gorlero Pizarro, Joaqu\u00edn, 4. C\u00f3rdoba, Mart\u00edn, 5. Panetta, Bautista, 6. Manta, Valentino, 7. De Vincenti, Facundo, 8. Btesh, M\u00e1ximo, 9. Mattar, Ricardo, 10. Figueroa, Francisco, 11. Pizarro, Agust\u00edn, 12. Gobbi, Maximiliano, 13. Gonz\u00e1lez, Tiziano, Nc. Delich, Bautista.<br><strong>Manga 2:<\/strong> 1. Alessi, Juan I., 2. Rolando, Nicol\u00e1s, 3. Manta, Valentino, 4. Gorlero Pizarro, Joaqu\u00edn, 5. De Vincenti, Facundo, 6. C\u00f3rdoba, Mart\u00edn, 7. Figueroa, Francisco, 8. Btesh, M\u00e1ximo, 9. Panetta, Bautista, 10. Mattar, Ricardo, 11. Pizarro, Agust\u00edn, 12. Gonz\u00e1lez, Tiziano, 13. Gobbi, Maximiliano, Nc. Delich, Bautista.<\/p>\n\n\n\n<p><strong>Sprint:<\/strong> 1. Alessi, Juan I., 2. Figueroa, Francisco, 3. Delich, Bautista, 4. Gorlero Pizarro, Joaqu\u00edn, 5. Rolando, Nicol\u00e1s, 6. Panetta, Bautista, 7. Btesh, M\u00e1ximo, 8. De Vincenti, Facundo, 9. Pizarro, Agust\u00edn, 10. C\u00f3rdoba, Mart\u00edn, 11. Gobbi, Maximiliano, Nc. Manta, Valentino, Nc. Gonz\u00e1lez, Tiziano, Ex. Mattar, Ricardo.<\/p>\n\n\n\n<p><strong>Final:<\/strong> 1. Alessi, Juan I., 2. Figueroa, Francisco, 3. C\u00f3rdoba, Mart\u00edn, 4. Delich, Bautista, 5. Btesh, M\u00e1ximo, 6. Panetta, Bautista, 7. Rolando, Nicol\u00e1s, 8. Manta, Valentino, 9. De Vincenti, Facundo, 10. Gorlero Pizarro, Joaqu\u00edn, 11. Gonz\u00e1lez, Tiziano, 12. Pizarro, Agust\u00edn, 13. Gobbi, Maximiliano, 14. Mattar, Ricardo.<\/p>\n\n\n\n<figure class=\"wp-block-image size-full\"><a href=\"https:\/\/e-kart.com.ar\/wp-content\/uploads\/2026\/04\/DSC_8318.jpg\"><img loading=\"lazy\" decoding=\"async\" width=\"960\" height=\"640\" src=\"https:\/\/e-kart.com.ar\/wp-content\/uploads\/2026\/04\/DSC_8318.jpg\" alt=\"\" class=\"wp-image-43941\" srcset=\"https:\/\/e-kart.com.ar\/wp-content\/uploads\/2026\/04\/DSC_8318.jpg 960w, https:\/\/e-kart.com.ar\/wp-content\/uploads\/2026\/04\/DSC_8318-300x200.jpg 300w, https:\/\/e-kart.com.ar\/wp-content\/uploads\/2026\/04\/DSC_8318-768x512.jpg 768w\" sizes=\"auto, (max-width: 960px) 100vw, 960px\" \/><\/a><\/figure>\n\n\n\n<p><br><\/p>\n\n\n\n<p><iframe loading=\"lazy\" width=\"100%\" height=\"1000px\" frameborder=\"0\" scrolling=\"no\" src=\"https:\/\/instagram.com\/p\/DXrhxshjm10\/embed\"><\/iframe><\/p>\n\n\n\n<p class=\"has-medium-font-size\"><br><strong>OLD SCHOOL JUNIOR<\/strong><\/p>\n\n\n\n<p>La divisional present\u00f3 10 pilotos en esta tercera fecha y tuvo un fin de semana que fue de menor a mayor en intensidad hasta desembocar en una final cargada de incidentes.<\/p>\n\n\n\n<p>En la clasificaci\u00f3n, Lautaro Vesprini marc\u00f3 la referencia con 49.745, dejando el primer par\u00e1metro del s\u00e1bado. En las mangas, la pelea qued\u00f3 repartida: Sim\u00f3n Cort\u00e9s Falc\u00f3n se llev\u00f3 la primera bater\u00eda y Santino Mateo la segunda, confirmando que ambos ser\u00edan los protagonistas centrales del domingo.<\/p>\n\n\n\n<p>El Sprint fue para Santino Mateo, que capitaliz\u00f3 esa instancia y volvi\u00f3 a mostrarse firme en el mano a mano con Cort\u00e9s Falc\u00f3n. Detr\u00e1s se ubicaron Vesprini y Francisco Fortuna, manteni\u00e9ndose dentro del lote competitivo antes de la definici\u00f3n.<\/p>\n\n\n\n<p>La Final cambi\u00f3 el panorama. Desde los primeros giros comenzaron los toques y la carrera se volvi\u00f3 desordenada, con m\u00faltiples abandonos que redujeron el parque considerablemente. M\u00e1s de la mitad de los pilotos no logr\u00f3 completar la distancia total, dejando un escenario que seguramente deber\u00e1 analizarse para pr\u00f3ximas fechas.<\/p>\n\n\n\n<p>En lo estrictamente deportivo, Sim\u00f3n Cort\u00e9s Falc\u00f3n se qued\u00f3 con la victoria tras 18 vueltas en 16:11.013, superando por apenas 0.167 a Santino Mateo en una definici\u00f3n muy ajustada. Francisco Fortuna complet\u00f3 el podio en el tercer lugar.<\/p>\n\n\n\n<p>En el campeonato, Santino Mateo contin\u00faa como l\u00edder con 157 puntos. Cort\u00e9s Falc\u00f3n se ubica segundo con 135 (a 22 unidades), mientras que Valentino Diamante se mantiene tercero con 113.<\/p>\n\n\n\n<figure class=\"wp-block-image size-full\"><a href=\"https:\/\/e-kart.com.ar\/wp-content\/uploads\/2026\/04\/DSC_6539.jpg\"><img loading=\"lazy\" decoding=\"async\" width=\"960\" height=\"640\" src=\"https:\/\/e-kart.com.ar\/wp-content\/uploads\/2026\/04\/DSC_6539.jpg\" alt=\"\" class=\"wp-image-43950\" srcset=\"https:\/\/e-kart.com.ar\/wp-content\/uploads\/2026\/04\/DSC_6539.jpg 960w, https:\/\/e-kart.com.ar\/wp-content\/uploads\/2026\/04\/DSC_6539-300x200.jpg 300w, https:\/\/e-kart.com.ar\/wp-content\/uploads\/2026\/04\/DSC_6539-768x512.jpg 768w\" sizes=\"auto, (max-width: 960px) 100vw, 960px\" \/><\/a><\/figure>\n\n\n\n<p><br><strong><strong>RESULTADOS OFICIALES<\/strong><\/strong><br><strong>Clasificaci\u00f3n:<\/strong> 1. Vesprini, Lautaro 49.745<\/p>\n\n\n\n<p><strong>Manga 1:<\/strong> 1. Cort\u00e9s Falcon, Sim\u00f3n, 2. Mateo, Santino, 3. Rossotti, Pedro, 4. Diamante, Valentino, 5. Bussalino, Milo, 6. Fortuna, Francisco, 7. Vesprini, Lautaro, 8. Vasicek, Noha, 9. Porta Rodr\u00edguez, Agust\u00edn, Nc. Nine, Andr\u00e9s.<br><strong>Manga 2:<\/strong> 1. Mateo, Santino, 2. Rossotti, Pedro, 3. Cort\u00e9s Falcon, Sim\u00f3n, 4. Diamante, Valentino, 5. Bussalino, Milo, 6. Fortuna, Francisco, 7. Porta Rodr\u00edguez, Agust\u00edn, 8. Vasicek, Noha, 9. Vesprini, Lautaro, 10. Nine, Andr\u00e9s.<\/p>\n\n\n\n<p><strong>Sprint:<\/strong> 1. Mateo, Santino, 2. Vesprini, Lautaro, 3. Fortuna, Francisco, 4. Porta Rodr\u00edguez, Agust\u00edn, 5. Vasicek, Noha, Nc. Bussalino, Milo, Sv. Nine, Andr\u00e9s, Sv. Diamante, Valentino, Sv. Rossotti, Pedro, Ex. Cort\u00e9s Falcon, Sim\u00f3n.<\/p>\n\n\n\n<p><strong>Final:<\/strong> 1. Cort\u00e9s Falcon, Sim\u00f3n, 2. Mateo, Santino, 3. Fortuna, Francisco, 4. Porta Rodr\u00edguez, Agust\u00edn, Nc. Diamante, Valentino, Nc. Vesprini, Lautaro, Nc. Vasicek, Noha, Nc. Bussalino, Milo, Nc. Rossotti, Pedro, Sv. Nine, Andr\u00e9s.<\/p>\n\n\n\n<figure class=\"wp-block-image size-full\"><a href=\"https:\/\/e-kart.com.ar\/wp-content\/uploads\/2026\/04\/DSC_8276.jpg\"><img loading=\"lazy\" decoding=\"async\" width=\"960\" height=\"640\" src=\"https:\/\/e-kart.com.ar\/wp-content\/uploads\/2026\/04\/DSC_8276.jpg\" alt=\"\" class=\"wp-image-43942\" srcset=\"https:\/\/e-kart.com.ar\/wp-content\/uploads\/2026\/04\/DSC_8276.jpg 960w, https:\/\/e-kart.com.ar\/wp-content\/uploads\/2026\/04\/DSC_8276-300x200.jpg 300w, https:\/\/e-kart.com.ar\/wp-content\/uploads\/2026\/04\/DSC_8276-768x512.jpg 768w\" sizes=\"auto, (max-width: 960px) 100vw, 960px\" \/><\/a><\/figure>\n\n\n\n<p><br><\/p>\n\n\n\n<p><iframe loading=\"lazy\" width=\"100%\" height=\"1000px\" frameborder=\"0\" scrolling=\"no\" src=\"https:\/\/instagram.com\/p\/DXrh-KeDnAo\/embed\"><\/iframe><\/p>\n\n\n\n<p class=\"has-medium-font-size\"><br><strong>OLD SCHOOL SENIOR<\/strong><\/p>\n\n\n\n<p>La categor\u00eda volvi\u00f3 a presentar uno de los parques m\u00e1s fuertes del fin de semana, 35 pilotos en grilla de partida, y tuvo un desarrollo exigente desde el s\u00e1bado con clasificaci\u00f3n bajo formato tipo F\u00f3rmula 1 (Q1, Q2 y Q3).<\/p>\n\n\n\n<p>En la qualy, el m\u00e1s r\u00e1pido fue Facundo Silvestre Pereda, que marc\u00f3 49.540 y se qued\u00f3 con la pole tras superar las distintas tandas eliminatorias. Ese rendimiento lo traslad\u00f3 a las mangas, donde fue contundente: gan\u00f3 Manga 1 y Manga 2, en ambas escoltado por Matteo Bonaglia y con Facundo Arellano tercero, consolid\u00e1ndose como la referencia clara del s\u00e1bado.<\/p>\n\n\n\n<p>El domingo cambi\u00f3 el panorama en el Sprint. All\u00ed el triunfo fue para Matteo Bonaglia, seguido por Francisco Figueroa y Franco Battaglia. En esa prueba, Silvestre Pereda abandon\u00f3 a poco del inicio, situaci\u00f3n que termin\u00f3 siendo determinante para la final, ya que conserv\u00f3 mejor estado de neum\u00e1ticos para la carrera decisiva.<\/p>\n\n\n\n<p>En la Final, Bonaglia tom\u00f3 la punta y lider\u00f3 de principio a fin, pero el cierre fue intenso. Silvestre Pereda sali\u00f3 decidido a quedarse con el triunfo, descont\u00f3 diferencias en los \u00faltimos giros y lo puso en aprietos reales en el tramo final. El uruguayo resisti\u00f3 la presi\u00f3n hasta la bandera de cuadros y se qued\u00f3 con la victoria. Silvestre Pereda termin\u00f3 segundo tras un avance contundente y Franco Battaglia complet\u00f3 el podio.<\/p>\n\n\n\n<p>En el campeonato general, la tabla qued\u00f3 extremadamente ajustada: Tom\u00e1s Cordone y Facundo Silvestre Pereda comparten la punta con 115 puntos, mientras que Facundo Arellano se ubica tercero con 114. Detr\u00e1s aparecen Francisco Figueroa con 106 y Matteo Bonaglia con 102, metidos de lleno en la pelea por el liderazgo.<\/p>\n\n\n\n<figure class=\"wp-block-image size-full\"><a href=\"https:\/\/e-kart.com.ar\/wp-content\/uploads\/2026\/04\/DSC_7976.jpg\"><img loading=\"lazy\" decoding=\"async\" width=\"960\" height=\"640\" src=\"https:\/\/e-kart.com.ar\/wp-content\/uploads\/2026\/04\/DSC_7976.jpg\" alt=\"\" class=\"wp-image-43951\" srcset=\"https:\/\/e-kart.com.ar\/wp-content\/uploads\/2026\/04\/DSC_7976.jpg 960w, https:\/\/e-kart.com.ar\/wp-content\/uploads\/2026\/04\/DSC_7976-300x200.jpg 300w, https:\/\/e-kart.com.ar\/wp-content\/uploads\/2026\/04\/DSC_7976-768x512.jpg 768w\" sizes=\"auto, (max-width: 960px) 100vw, 960px\" \/><\/a><\/figure>\n\n\n\n<p><br><strong><strong>RESULTADOS OFICIALES<\/strong><\/strong><br><strong>Clasificaci\u00f3n:<\/strong> 1. Silvestre Pereda, Facundo 49.540<\/p>\n\n\n\n<p><strong>Manga 1:<\/strong> 1. Silvestre Pereda, Facundo, 2. Bonaglia, Matteo, 3. Arellano, Facundo, 4. Corapi, Tiziano, 5. Guarnieri, Valentino, 6. Figueroa, Francisco, 7. Laprovitera, Nicol\u00e1s, 8. Alvaro, Diego, 9. Rumie, Joaqu\u00edn, 10. Brasesco, Nicol\u00e1s, 11. Cordone, Tom\u00e1s, 12. Alvarez, David, 13. Nietzel, Joaqu\u00edn, 14. Bartucci, Santino, 15. Quattromano, Luka, 16. Carmona, Ciro, 17. Moyano, Tom\u00e1s, 18. Pesce, Santino, 19. Orchese, Nicol\u00e1s, 20. Bali\u00f1as, Agust\u00edn, 21. Campos Luchetti, Agust\u00edn, 22. Corona, Emmanuel, 23. Costanzo, M\u00e1ximo, 24. Pintos, Morena, 25. Druetto, Franco, Sv. Flores, Isabel, Sv. Amorelli, Ramiro, Sv. Nine, Mart\u00edn, Sv. Silvestro, Federico, Sv. Manta, Nicol\u00e1s, Sv. Villalobos, Bastian, Ex. L\u00f3pez, Francisco, Ex. Ambrosotti, Manuel, Ex. Battaglia, Franco.<br><strong>Manga 2:<\/strong> 1. Silvestre Pereda, Facundo, 2. Bonaglia, Matteo, 3. Arellano, Facundo, 4. Figueroa, Francisco, 5. Corapi, Tiziano, 6. Guarnieri, Valentino, 7. Nietzel, Joaqu\u00edn, 8. Villalobos, Bastian, 9. Manta, Nicol\u00e1s, 10. Bartucci, Santino, 11. Rumie, Joaqu\u00edn, 12. Corona, Emmanuel, 13. Laprovitera, Nicol\u00e1s, 14. Druetto, Franco, 15. Orchese, Nicol\u00e1s, 16. Bali\u00f1as, Agust\u00edn, 17. Moyano, Tom\u00e1s, 18. Quattromano, Luka, 19. Brasesco, Nicol\u00e1s, 20. Alvaro, Diego, 21. Ambrosotti, Manuel, 22. Carmona, Ciro, 23. Pintos, Morena, 24. Pesce, Santino, 25. L\u00f3pez, Francisco, 26. Costanzo, M\u00e1ximo, Nc. Cordone, Tom\u00e1s, Nc. Alvarez, David, Nc. Campos Luchetti, Agust\u00edn, Sv. Silvestro, Federico, Sv. Amorelli, Ramiro, Ex. Flores, Isabel, Ex. Nine, Mart\u00edn, Ex. Battaglia, Franco.<\/p>\n\n\n\n<p><strong>Sprint:<\/strong> 1. Bonaglia, Matteo, 2. Figueroa, Francisco, 3. Battaglia, Franco, 4. Cordone, Tom\u00e1s, 5. Quattromano, Luka, 6. Guarnieri, Valentino, 7. Corapi, Tiziano, 8. Arellano, Facundo, 9. Ambrosotti, Manuel, 10. Costanzo, M\u00e1ximo, 11. Brasesco, Nicol\u00e1s, 12. Corona, Emmanuel, 13. Moyano, Tom\u00e1s, 14. Manta, Nicol\u00e1s, 15. Flores, Isabel, 16. Pesce, Santino, 17. Amorelli, Ramiro, 18. Alvaro, Diego, 19. Alvarez, David, 20. Bartucci, Santino, 21. Druetto, Franco, 22. Pintos, Morena, 23. Campos Luchetti, Agust\u00edn, Nc. Silvestre Pereda, Facundo, Nc. Carmona, Ciro, Nc. Laprovitera, Nicol\u00e1s, Nc. Nine, Mart\u00edn, Nc. Orchese, Nicol\u00e1s, Nc. L\u00f3pez, Francisco, Nc. Villalobos, Bastian, Nc. Bali\u00f1as, Agust\u00edn, Nc. Rumie, Joaqu\u00edn, Nc. Silvestro, Federico, Ex. Nietzel, Joaqu\u00edn.<\/p>\n\n\n\n<p><strong>Final:<\/strong> 1. Bonaglia, Matteo, 2. Silvestre Pereda, Facundo, 3. Battaglia, Franco, 4. Brasesco, Nicol\u00e1s, 5. Cordone, Tom\u00e1s, 6. Corapi, Tiziano, 7. Alvaro, Diego, 8. Arellano, Facundo, 9. Guarnieri, Valentino, 10. Figueroa, Francisco, 11. Laprovitera, Nicol\u00e1s, 12. Corona, Emmanuel, 13. Moyano, Tom\u00e1s, 14. Rumie, Joaqu\u00edn, 15. Orchese, Nicol\u00e1s, 16. Costanzo, M\u00e1ximo, 17. Nietzel, Joaqu\u00edn, 18. Silvestro, Federico, 19. Bartucci, Santino, 20. Alvarez, David, 21. Bali\u00f1as, Agust\u00edn, 22. Amorelli, Ramiro, 23. Carmona, Ciro, 24. Flores, Isabel, 25. Villalobos, Bastian, 26. Nine, Mart\u00edn, 27. Ambrosotti, Manuel, 28. Pesce, Santino, 29. Quattromano, Luka, Nc. L\u00f3pez, Francisco, Nc. Campos Luchetti, Agust\u00edn, Sv. Pintos, Morena, Sv. Manta, Nicol\u00e1s, Ex. Druetto, Franco.<\/p>\n\n\n\n<figure class=\"wp-block-image size-full\"><a href=\"https:\/\/e-kart.com.ar\/wp-content\/uploads\/2026\/04\/DSC_8322.jpg\"><img loading=\"lazy\" decoding=\"async\" width=\"960\" height=\"640\" src=\"https:\/\/e-kart.com.ar\/wp-content\/uploads\/2026\/04\/DSC_8322.jpg\" alt=\"\" class=\"wp-image-43943\" srcset=\"https:\/\/e-kart.com.ar\/wp-content\/uploads\/2026\/04\/DSC_8322.jpg 960w, https:\/\/e-kart.com.ar\/wp-content\/uploads\/2026\/04\/DSC_8322-300x200.jpg 300w, https:\/\/e-kart.com.ar\/wp-content\/uploads\/2026\/04\/DSC_8322-768x512.jpg 768w\" sizes=\"auto, (max-width: 960px) 100vw, 960px\" \/><\/a><\/figure>\n\n\n\n<p><iframe loading=\"lazy\" width=\"100%\" height=\"1000px\" frameborder=\"0\" scrolling=\"no\" src=\"https:\/\/instagram.com\/p\/DXriMccDjZo\/embed\"><\/iframe><\/p>\n\n\n\n<p class=\"has-medium-font-size\"><br><strong>OLD SCHOOL MASTER<\/strong><\/p>\n\n\n\n<p>La divisional tuvo un fin de semana muy claro en cuanto a referencias y termin\u00f3 con un dominio absoluto de Dami\u00e1n Cassino.<\/p>\n\n\n\n<p>Desde la clasificaci\u00f3n el marplatense marc\u00f3 el rumbo: fue el m\u00e1s r\u00e1pido con 50.095 y se qued\u00f3 con la pole. Ese rendimiento lo traslad\u00f3 sin fisuras a las mangas, donde gan\u00f3 Manga 1 y Manga 2, consolid\u00e1ndose como el piloto a vencer. En ambas bater\u00edas mostr\u00f3 ritmo, control y capacidad para manejar la diferencia, dejando en claro que ten\u00eda el paquete m\u00e1s s\u00f3lido del fin de semana.<\/p>\n\n\n\n<p>El Sprint rompi\u00f3 parcialmente esa inercia. All\u00ed el triunfo fue para Mauricio Herbsonmer (G), seguido por Claudio P\u00e9rez (G) y con Cassino tercero. Fue la \u00fanica prueba del fin de semana que no qued\u00f3 en manos del poleman, aunque no modific\u00f3 el panorama general de cara a la final.<\/p>\n\n\n\n<p>En la carrera decisiva no hubo margen para sorpresas. Cassino tom\u00f3 el control y construy\u00f3 un paseo triunfal, sin sobresaltos y con autoridad plena. Detr\u00e1s suyo se ubicaron Guido Elustondo (G) en el segundo lugar y Juan Mart\u00edn Nietzel (G) completando el podio, mientras que Juan C. Villarroel (G) y Javier Fichera (G) cerraron el top cinco.<\/p>\n\n\n\n<p>En t\u00e9rminos globales fue un fin de semana so\u00f1ado para el marplatense: pole, dos mangas y final, qued\u00e1ndose con pr\u00e1cticamente todo lo que hubo en juego y enviando un mensaje claro en el campeonato.<\/p>\n\n\n\n<p>Tras tres fechas, la tabla general de la Old School Master muestra una pelea muy ajustada en la cima:<br>Agust\u00edn Catania y Dami\u00e1n Cassino comparten la punta con 135 puntos, mientras que Guido Elustondo (G) se ubica tercero con 129 y Javier Fichera (G) cuarto con 128. M\u00e1s atr\u00e1s aparece Juan C. Villarroel (G) con 110, todav\u00eda dentro del margen de pelea.<\/p>\n\n\n\n<p>La categor\u00eda qued\u00f3 abierta, pero con Cassino como referencia directa despu\u00e9s de un fin de semana casi perfecto.<\/p>\n\n\n\n<figure class=\"wp-block-image size-full\"><a href=\"https:\/\/e-kart.com.ar\/wp-content\/uploads\/2026\/04\/IMG_0413.jpg\"><img loading=\"lazy\" decoding=\"async\" width=\"960\" height=\"640\" src=\"https:\/\/e-kart.com.ar\/wp-content\/uploads\/2026\/04\/IMG_0413.jpg\" alt=\"\" class=\"wp-image-43952\" srcset=\"https:\/\/e-kart.com.ar\/wp-content\/uploads\/2026\/04\/IMG_0413.jpg 960w, https:\/\/e-kart.com.ar\/wp-content\/uploads\/2026\/04\/IMG_0413-300x200.jpg 300w, https:\/\/e-kart.com.ar\/wp-content\/uploads\/2026\/04\/IMG_0413-768x512.jpg 768w\" sizes=\"auto, (max-width: 960px) 100vw, 960px\" \/><\/a><\/figure>\n\n\n\n<p><br><strong><strong>RESULTADOS OFICIALES<\/strong><\/strong><br><strong>Clasificaci\u00f3n:<\/strong> 1. Cassino, Dami\u00e1n 50.095<\/p>\n\n\n\n<p><strong>Manga 1:<\/strong> 1. Cassino, Dami\u00e1n, 2. Villarroel, Juan C. (G), 3. Alvaro, Oscar (G), 4. Herbsonmer, Mauricio (G), 5. Fichera, Javier (G), 6. Nietzel, Juan M. (G), 7. Perez, Claudio (G), 8. Elustondo, Guido (G), 9. Giraldez, Leonardo (G), 10. Barcala, Mart\u00edn (G), 11. Gonz\u00e1lez, Mat\u00edas (G), 12. Lawler, Nicol\u00e1s (G), 13. Torres, Nicol\u00e1s (G), 14. Castellani, Agust\u00edn, Nc. Magdaleno, Mariano (G), Sv. Consolini, Omar (G), Ex. Catania, Agust\u00edn.<br><strong>Manga 2:<\/strong> 1. Cassino, Dami\u00e1n, 2. Fichera, Javier (G), 3. Villarroel, Juan C. (G), 4. Elustondo, Guido (G), 5. Nietzel, Juan M. (G), 6. Alvaro, Oscar (G), 7. Catania, Agust\u00edn, 8. Herbsonmer, Mauricio (G), 9. Gonz\u00e1lez, Mat\u00edas (G), 10. Perez, Claudio (G), 11. Giraldez, Leonardo (G), 12. Consolini, Omar (G), 13. Lawler, Nicol\u00e1s (G), 14. Castellani, Agust\u00edn, 15. Barcala, Mart\u00edn (G), 16. Torres, Nicol\u00e1s (G), 17. Magdaleno, Mariano (G).<\/p>\n\n\n\n<p><strong>Sprint:<\/strong> 1. Herbsonmer, Mauricio (G), 2. Perez, Claudio (G), 3. Cassino, Dami\u00e1n, 4. Villarroel, Juan C. (G), 5. Torres, Nicol\u00e1s (G), 6. Catania, Agust\u00edn, 7. Fichera, Javier (G), 8. Barcala, Mart\u00edn (G), 9. Lawler, Nicol\u00e1s (G), 10. Consolini, Omar (G), 11. Castellani, Agust\u00edn, 12. Nietzel, Juan M. (G), Nc. Alvaro, Oscar (G), Nc. Gonz\u00e1lez, Mat\u00edas (G), Nc. Elustondo, Guido (G), Sv. Magdaleno, Mariano (G), Ex. Giraldez, Leonardo (G).<\/p>\n\n\n\n<p><strong>Final:<\/strong> 1. Cassino, Dami\u00e1n, 2. Elustondo, Guido (G), 3. Nietzel, Juan M. (G), 4. Villarroel, Juan C. (G), 5. Fichera, Javier (G), 6. Barcala, Mart\u00edn (G), 7. Gonz\u00e1lez, Mat\u00edas (G), 8. Torres, Nicol\u00e1s (G), 9. Catania, Agust\u00edn, 10. Magdaleno, Mariano (G), 11. Giraldez, Leonardo (G), 12. Alvaro, Oscar (G), 13. Perez, Claudio (G), 14. Castellani, Agust\u00edn, 15. Lawler, Nicol\u00e1s (G), Nc. Consolini, Omar (G), Ex. Herbsonmer, Mauricio (G).<\/p>\n\n\n\n<figure class=\"wp-block-image size-full\"><a href=\"https:\/\/e-kart.com.ar\/wp-content\/uploads\/2026\/04\/DSC_8280.jpg\"><img loading=\"lazy\" decoding=\"async\" width=\"960\" height=\"640\" src=\"https:\/\/e-kart.com.ar\/wp-content\/uploads\/2026\/04\/DSC_8280.jpg\" alt=\"\" class=\"wp-image-43944\" srcset=\"https:\/\/e-kart.com.ar\/wp-content\/uploads\/2026\/04\/DSC_8280.jpg 960w, https:\/\/e-kart.com.ar\/wp-content\/uploads\/2026\/04\/DSC_8280-300x200.jpg 300w, https:\/\/e-kart.com.ar\/wp-content\/uploads\/2026\/04\/DSC_8280-768x512.jpg 768w\" sizes=\"auto, (max-width: 960px) 100vw, 960px\" \/><\/a><\/figure>\n\n\n\n<p><iframe loading=\"lazy\" width=\"100%\" height=\"1000px\" frameborder=\"0\" scrolling=\"no\" src=\"https:\/\/instagram.com\/p\/DXriXA_jmVw\/embed\"><\/iframe><\/p>\n\n\n\n<p class=\"has-medium-font-size\"><br><strong>HONDA SENIOR PRO 390<\/strong><\/p>\n\n\n\n<p>En esta oportunidad toda la actividad se concentr\u00f3 el domingo y volvi\u00f3 a tener un claro protagonista: Gast\u00f3n Zeballos.<\/p>\n\n\n\n<p>Desde el inicio se mostr\u00f3 competitivo y termin\u00f3 qued\u00e1ndose con todo lo que hubo en juego durante la jornada.<\/p>\n\n\n\n<p>La Final tuvo un arranque intenso. En las primeras vueltas Zeballos debi\u00f3 trabajar m\u00e1s de lo que el resultado final sugiere: Facundo Rodr\u00edguez fue quien m\u00e1s lo presion\u00f3, disput\u00e1ndole la punta y oblig\u00e1ndolo a defender cada sector del trazado en el inicio. Hubo lucha directa y ritmo alto hasta que el piloto 542 logr\u00f3 afirmarse definitivamente al frente.<\/p>\n\n\n\n<p>Una vez consolidado en la primera posici\u00f3n, la pelea se traslad\u00f3 detr\u00e1s suyo por los escalones restantes del podio. Ese escenario le permiti\u00f3 comenzar a construir una diferencia vuelta tras vuelta. Con pista limpia y manejo firme del ritmo, Zeballos logr\u00f3 escaparse y en el tramo final s\u00ed pudo administrar la ventaja para cerrar la competencia con mayor margen.<\/p>\n\n\n\n<p>Detr\u00e1s suyo finaliz\u00f3 Mat\u00edas Coronel, autor adem\u00e1s del r\u00e9cord de vuelta (53.361), mientras que Agust\u00edn Torres complet\u00f3 el podio. M\u00e1s atr\u00e1s se ubicaron H\u00e9ctor Regali y Leandro Britez, completando el top cinco.<\/p>\n\n\n\n<p>En el campeonato, tras tres fechas, el l\u00edder contin\u00faa siendo Facundo Rodr\u00edguez con 146 puntos, mientras que Zeballos suma 123 y se consolida como uno de los grandes protagonistas del certamen. M\u00e1s atr\u00e1s aparecen H\u00e9ctor Regali (98), Milagros Mansilla (93) y Juan Tisone (91).<\/p>\n\n\n\n<figure class=\"wp-block-image size-full\"><a href=\"https:\/\/e-kart.com.ar\/wp-content\/uploads\/2026\/04\/DSC_8022.jpg\"><img loading=\"lazy\" decoding=\"async\" width=\"960\" height=\"640\" src=\"https:\/\/e-kart.com.ar\/wp-content\/uploads\/2026\/04\/DSC_8022.jpg\" alt=\"\" class=\"wp-image-43953\" srcset=\"https:\/\/e-kart.com.ar\/wp-content\/uploads\/2026\/04\/DSC_8022.jpg 960w, https:\/\/e-kart.com.ar\/wp-content\/uploads\/2026\/04\/DSC_8022-300x200.jpg 300w, https:\/\/e-kart.com.ar\/wp-content\/uploads\/2026\/04\/DSC_8022-768x512.jpg 768w\" sizes=\"auto, (max-width: 960px) 100vw, 960px\" \/><\/a><\/figure>\n\n\n\n<p><br><strong>RESULTADOS OFICIALES<\/strong><br><strong>Clasificaci\u00f3n:<\/strong> 1. Rodr\u00edguez, Facundo 53.115<\/p>\n\n\n\n<p><strong>Sprint:<\/strong> 1. Zeballos, Gaston, 2. Torres, Agust\u00edn, 3. Andujar, Luciana, 4. Rodr\u00edguez, Facundo, 5. Coronel, Mat\u00edas, 6. Britez, Leandro, 7. Regali, H\u00e9ctor, 8. Tisone, Juan D., Nc. Antoniow, Valentin, Sv. Mansilla, Milagros, Ex. Carducci, Santiago.<\/p>\n\n\n\n<p><strong>Final:<\/strong> 1. Zeballos, Gaston, 2. Coronel, Mat\u00edas, 3. Torres, Agust\u00edn, 4. Regali, H\u00e9ctor, 5. Britez, Leandro, 6. Mansilla, Milagros, 7. Rodr\u00edguez, Facundo, 8. Tisone, Juan D., Nc. Antoniow, Valentin, Sv. Andujar, Luciana, Ex. Carducci, Santiago.<\/p>\n\n\n\n<figure class=\"wp-block-image size-full\"><a href=\"https:\/\/e-kart.com.ar\/wp-content\/uploads\/2026\/04\/DSC_8305.jpg\"><img loading=\"lazy\" decoding=\"async\" width=\"960\" height=\"640\" src=\"https:\/\/e-kart.com.ar\/wp-content\/uploads\/2026\/04\/DSC_8305.jpg\" alt=\"\" class=\"wp-image-43945\" srcset=\"https:\/\/e-kart.com.ar\/wp-content\/uploads\/2026\/04\/DSC_8305.jpg 960w, https:\/\/e-kart.com.ar\/wp-content\/uploads\/2026\/04\/DSC_8305-300x200.jpg 300w, https:\/\/e-kart.com.ar\/wp-content\/uploads\/2026\/04\/DSC_8305-768x512.jpg 768w\" sizes=\"auto, (max-width: 960px) 100vw, 960px\" \/><\/a><\/figure>\n\n\n\n<p><iframe loading=\"lazy\" width=\"100%\" height=\"1000px\" frameborder=\"0\" scrolling=\"no\" src=\"https:\/\/instagram.com\/p\/DXrijy_jn8D\/embed\"><\/iframe><\/p>\n\n\n\n<p><br>Fotos e Informe: E-Kart.com.ar<\/p>\n","protected":false},"excerpt":{"rendered":"<p>Con 125 pilotos en pista, se complet\u00f3 el tercer cap\u00edtulo del calendario. La lluvia y el viento marcaron un fin de semana exigente en el trazado porte\u00f1o.<\/p>\n","protected":false},"author":1,"featured_media":43955,"comment_status":"closed","ping_status":"closed","sticky":false,"template":"","format":"standard","meta":{"footnotes":""},"categories":[2083,1983,2098],"tags":[],"class_list":["post-43934","post","type-post","status-publish","format-standard","has-post-thumbnail","hentry","category-destacada","category-iame-series-argentina","category-informe-central"],"_links":{"self":[{"href":"https:\/\/e-kart.com.ar\/index.php?rest_route=\/wp\/v2\/posts\/43934","targetHints":{"allow":["GET"]}}],"collection":[{"href":"https:\/\/e-kart.com.ar\/index.php?rest_route=\/wp\/v2\/posts"}],"about":[{"href":"https:\/\/e-kart.com.ar\/index.php?rest_route=\/wp\/v2\/types\/post"}],"author":[{"embeddable":true,"href":"https:\/\/e-kart.com.ar\/index.php?rest_route=\/wp\/v2\/users\/1"}],"replies":[{"embeddable":true,"href":"https:\/\/e-kart.com.ar\/index.php?rest_route=%2Fwp%2Fv2%2Fcomments&post=43934"}],"version-history":[{"count":8,"href":"https:\/\/e-kart.com.ar\/index.php?rest_route=\/wp\/v2\/posts\/43934\/revisions"}],"predecessor-version":[{"id":43957,"href":"https:\/\/e-kart.com.ar\/index.php?rest_route=\/wp\/v2\/posts\/43934\/revisions\/43957"}],"wp:featuredmedia":[{"embeddable":true,"href":"https:\/\/e-kart.com.ar\/index.php?rest_route=\/wp\/v2\/media\/43955"}],"wp:attachment":[{"href":"https:\/\/e-kart.com.ar\/index.php?rest_route=%2Fwp%2Fv2%2Fmedia&parent=43934"}],"wp:term":[{"taxonomy":"category","embeddable":true,"href":"https:\/\/e-kart.com.ar\/index.php?rest_route=%2Fwp%2Fv2%2Fcategories&post=43934"},{"taxonomy":"post_tag","embeddable":true,"href":"https:\/\/e-kart.com.ar\/index.php?rest_route=%2Fwp%2Fv2%2Ftags&post=43934"}],"curies":[{"name":"wp","href":"https:\/\/api.w.org\/{rel}","templated":true}]}}