{"id":43921,"date":"2026-04-27T21:37:40","date_gmt":"2026-04-28T00:37:40","guid":{"rendered":"https:\/\/e-kart.com.ar\/?p=43921"},"modified":"2026-04-27T21:39:30","modified_gmt":"2026-04-28T00:39:30","slug":"alr-dieron-lucha-en-buenos-aires","status":"publish","type":"post","link":"https:\/\/e-kart.com.ar\/?p=43921","title":{"rendered":"ALR: Dieron lucha en Buenos Aires"},"content":{"rendered":"<p class=\"has-medium-font-size\"><em>El equipo dirigido por Agust\u00edn Lara se present\u00f3 en el \u2018Coliseo Porte\u00f1o\u2019 donde mantuvo en alto sus objetivos. Con presencia en 4 divisionales super\u00f3 contratiempos en una cita exigente por la Fecha #3 de la Champion Cup 2026.<\/em><\/p>\n<p><img decoding=\"async\" src=\"https:\/\/www.e-kartvirtualpress.com.ar\/alr\/alr_260426iame.jpg\" \/><\/p>\n<p><strong><br \/>\nCABA.<\/strong> La Fecha #3 de la Champion Cup 2026 se disput\u00f3 el pasado fin de semana en el Kart\u00f3dromo \u201cCiudad de Buenos Aires\u201d, escenario donde el equipo <strong>ALR<\/strong>, bajo la direcci\u00f3n de Agust\u00edn Lara, present\u00f3 a sus pilotos en varias divisionales del certamen IAME Series Argentina.<\/p>\n<p>La estructura compiti\u00f3 con Noha Vasicek en Old School Junior, Federico Silvestro en Old School Senior, Mart\u00edn Barcala en Old School Master y Facundo Rodr\u00edguez en Honda Senior Pro 390, afrontando un compromiso de alta exigencia.<\/p>\n<p>En Old School Junior, <strong>Noha Vasicek <\/strong>(N\u00b0999) hizo su debut en la divisional, completando un fin de semana de aprendizaje con momentos positivos en pista. Tras una clasificaci\u00f3n condicionada que lo dej\u00f3 9\u00b0, logr\u00f3 sostener resultados regulares en las mangas (P8 y P8) y avanzar en el Sprint hasta el P5. En la Final, un fuerte incidente lo oblig\u00f3 a abandonar, cerrando anticipadamente su participaci\u00f3n.<\/p>\n<p><strong><em>\u201cEn la clasificaci\u00f3n tuvimos inconvenientes con las gomas, lo que no nos dej\u00f3 en una buena posici\u00f3n. En el sprint y las mangas tuvimos resultados positivos. En la final tuvimos un accidente, no sal\u00ed lastimado pero el kart qued\u00f3 destrozado. No conozco el circuito de Z\u00e1rate, estoy ansioso por sumar vueltas en ah\u00ed\u201d<\/em><\/strong>, coment\u00f3.<\/p>\n<p><img decoding=\"async\" src=\"https:\/\/www.e-kartvirtualpress.com.ar\/alr\/alr_2_260426iame.jpg\" \/><\/p>\n<p>En Old School Senior, <strong>Federico Silvestro<\/strong> (N\u00b0857) tuvo un fin de semana complicado desde el inicio, con dificultades en las mangas que le impidieron completar vueltas. Luego, su abandono prematuro lo apart\u00f3 del Sprint. En la Final logr\u00f3 completar la competencia en el P18, sumando puntos en un contexto adverso.<\/p>\n<p><img decoding=\"async\" src=\"https:\/\/www.e-kartvirtualpress.com.ar\/alr\/alr_3_260426iame.jpg\" \/><\/p>\n<p>Dentro de Old School Master, <strong>Mart\u00edn Barcala<\/strong> (N\u00b0607) protagoniz\u00f3 una destacada recuperaci\u00f3n a lo largo del fin de semana. Tras una clasificaci\u00f3n en el P17, logr\u00f3 avanzar en las mangas (P10 y P15) y en el Sprint hasta el P8. En la Final, concret\u00f3 una s\u00f3lida remontada para finalizar en el P6, rescatando un resultado positivo.<\/p>\n<p><strong><em>\u201cVen\u00edamos con otras expectativas para este fin de semana. No logramos el tiempo esperado en la clasificaci\u00f3n y quedamos 17\u00b0 por un error m\u00edo. Comenzamos a remar en las mangas y el sprint, lamentablemente una bandera roja nos retras\u00f3 un poco cuando est\u00e1bamos en el 6\u00b0 lugar. En la final logramos correr una gran carrera, sin embargo en el frenaje de la primera curva me pas\u00e9 y perd\u00ed dos posiciones. Termin\u00e9 6\u00b0. Estoy satisfecho, al final logramos encontrar una puesta a punto muy buena\u201d<\/em><\/strong>, analiz\u00f3.<\/p>\n<p><img decoding=\"async\" src=\"https:\/\/www.e-kartvirtualpress.com.ar\/alr\/alr_4_260426iame.jpg\" \/><\/p>\n<p>En Honda Senior Pro 390, <strong>Facundo Rodr\u00edguez<\/strong> (N\u00b0522) fue uno de los protagonistas del fin de semana al quedarse con la pole position. Luego, en el Sprint finaliz\u00f3 en el P4, mientras que en la Final un incidente lo releg\u00f3 al P7, priv\u00e1ndolo de cerrar el fin de semana con un mejor resultado.<\/p>\n<p><strong><em>\u201cComenzamos un fin de semana positivo, ten\u00edamos el ritmo de punta, pero en la final nos pasaron por arriba y perdimos todo. Vamos a seguir trabajando para revertir el resultado en la pr\u00f3xima fecha. Z\u00e1rate es un circuito que no conozco mucho, pero vamos a darlo todo desde las pruebas para mejorar los resultados\u201d<\/em><\/strong>, expres\u00f3.<\/p>\n<p><img decoding=\"async\" src=\"https:\/\/www.e-kartvirtualpress.com.ar\/alr\/alr_5_260426iame.jpg\" \/><\/p>\n<p>Al hacer un balance del fin de semana, el director del equipo, <strong>Agust\u00edn Lara<\/strong>, se\u00f1al\u00f3: <strong><em>\u201cCerramos el primer fin de semana gris del a\u00f1o. Fue una fecha muy dif\u00edcil, por problemas mec\u00e1nicos y otros de carrera. Fede tuvo mala suerte, nos dej\u00f3 complicados en el campeonato. Con Mart\u00edn logramos revertir un fin de semana complicad\u00edsimo, despu\u00e9s de largar \u00faltimos en todas las salidas a pista, pudimos remontar y estar peleando adelante. Nos llevamos buenos puntos. Facu Rodr\u00edguez ven\u00eda como escolta, pero tuvo un toque que nos dej\u00f3 con las manos vac\u00edas. Noha tuvo su debut en la Junior. Lamentablemente, en la Final, sufri\u00f3 un gran golpe sin consecuencias f\u00edsicas, pero que nos impidi\u00f3 que sume la experiencia que busc\u00e1bamos\u201d.<\/em><\/strong><\/p>\n<p>Tras esta presentaci\u00f3n, el equipo ALR complet\u00f3 una fecha exigente, logrando rescatar puntos importantes y conclusiones para lo que tiene por delante. La pr\u00f3xima competencia por este certamen ser\u00e1 el 30 y 31 de mayo, cuando se dispute la Fecha #4 de la Champion Cup 2026 en el Kart\u00f3dromo \u201cCiudad de Z\u00e1rate\u201d.<\/p>\n<p><img decoding=\"async\" src=\"https:\/\/www.e-kartvirtualpress.com.ar\/alr\/alr_6_260426iame.jpg\" \/><\/p>\n<p>Ph. Prensa E-Kart<br \/>\nInform\u00f3: E-Kart Virtual Press<\/p>\n","protected":false},"excerpt":{"rendered":"<p>El equipo dirigido por Agust\u00edn Lara se present\u00f3 en el \u2018Coliseo Porte\u00f1o\u2019 donde mantuvo en alto sus objetivos. Con presencia en 4 divisionales super\u00f3 contratiempos en una cita exigente por la Fecha #3 de la Champion Cup 2026.<\/p>\n","protected":false},"author":1,"featured_media":43922,"comment_status":"closed","ping_status":"closed","sticky":false,"template":"","format":"standard","meta":{"footnotes":""},"categories":[1983,1948],"tags":[],"class_list":["post-43921","post","type-post","status-publish","format-standard","has-post-thumbnail","hentry","category-iame-series-argentina","category-pilotos-ekvp"],"_links":{"self":[{"href":"https:\/\/e-kart.com.ar\/index.php?rest_route=\/wp\/v2\/posts\/43921","targetHints":{"allow":["GET"]}}],"collection":[{"href":"https:\/\/e-kart.com.ar\/index.php?rest_route=\/wp\/v2\/posts"}],"about":[{"href":"https:\/\/e-kart.com.ar\/index.php?rest_route=\/wp\/v2\/types\/post"}],"author":[{"embeddable":true,"href":"https:\/\/e-kart.com.ar\/index.php?rest_route=\/wp\/v2\/users\/1"}],"replies":[{"embeddable":true,"href":"https:\/\/e-kart.com.ar\/index.php?rest_route=%2Fwp%2Fv2%2Fcomments&post=43921"}],"version-history":[{"count":2,"href":"https:\/\/e-kart.com.ar\/index.php?rest_route=\/wp\/v2\/posts\/43921\/revisions"}],"predecessor-version":[{"id":43924,"href":"https:\/\/e-kart.com.ar\/index.php?rest_route=\/wp\/v2\/posts\/43921\/revisions\/43924"}],"wp:featuredmedia":[{"embeddable":true,"href":"https:\/\/e-kart.com.ar\/index.php?rest_route=\/wp\/v2\/media\/43922"}],"wp:attachment":[{"href":"https:\/\/e-kart.com.ar\/index.php?rest_route=%2Fwp%2Fv2%2Fmedia&parent=43921"}],"wp:term":[{"taxonomy":"category","embeddable":true,"href":"https:\/\/e-kart.com.ar\/index.php?rest_route=%2Fwp%2Fv2%2Fcategories&post=43921"},{"taxonomy":"post_tag","embeddable":true,"href":"https:\/\/e-kart.com.ar\/index.php?rest_route=%2Fwp%2Fv2%2Ftags&post=43921"}],"curies":[{"name":"wp","href":"https:\/\/api.w.org\/{rel}","templated":true}]}}