{"id":43909,"date":"2026-04-27T16:02:38","date_gmt":"2026-04-27T19:02:38","guid":{"rendered":"https:\/\/e-kart.com.ar\/?p=43909"},"modified":"2026-04-27T16:02:38","modified_gmt":"2026-04-27T19:02:38","slug":"a-pizarro-con-buenos-parciales-corrio-la-tercera","status":"publish","type":"post","link":"https:\/\/e-kart.com.ar\/?p=43909","title":{"rendered":"A.PIZARRO: Con buenos parciales corri\u00f3 la tercera"},"content":{"rendered":"<p class=\"has-medium-font-size\"><em>Con parciales competitivos, Agust\u00edn Pizarro construy\u00f3 su paso por el Coliseo Porte\u00f1o. El piloto de Pilar fue parte de la Fecha #3 de la Champion Cup 2026, donde se mantuvo en ritmo dentro de una clase OKN muy pareja.<\/em><\/p>\n<p><img decoding=\"async\" src=\"https:\/\/www.e-kartvirtualpress.com.ar\/apizarro\/apizarro_260426iame.jpg\"><\/p>\n<p><strong><br \/>CABA.<\/strong> Agust\u00edn Pizarro form\u00f3 parte de la Fecha #3 de la Champion Cup 2026, desarrollada el pasado fin de semana en el Kart\u00f3dromo \u201cCiudad de Buenos Aires\u201d, dentro del certamen IAME Series Argentina. En la clase OKN, el piloto de Pilar busc\u00f3 consolidar su presencia en una nueva cita del calendario y lleg\u00f3 a este compromiso con el objetivo de sostener su evoluci\u00f3n en la temporada.<\/p>\n<p>La actividad sabatina se puso en marcha con la clasificaci\u00f3n, donde Pizarro registr\u00f3 el 12\u00b0 tiempo en una divisional extremadamente ajustada. Luego, en las mangas, logr\u00f3 sostener un rendimiento parejo, cerrando ambas competencias en el P11.<\/p>\n<p>Tras completar la jornada, el propio piloto analiz\u00f3 el desarrollo: <strong><em>\u201cNo nos encontramos del todo con la pista, seguimos buscando mejorar y sostener el ritmo, pero eso no significa que estemos lejos. Estamos a 2 d\u00e9cimas de la punta, pero en un rango tan corto no nos muestra adelante. De todas formas, esto es lo que hace las carreras sean divertidas, que estemos todos tan juntos, tan parejos. Seguimos buscando el ritmo y enfocados para lo que queda\u201d.<\/em><\/strong><\/p>\n<p>El tramo final del evento se disput\u00f3 durante la jornada dominical, donde Pizarro logr\u00f3 avanzar en el Sprint hasta el P9, aunque distintos incidentes en pista condicionaron sus aspiraciones. En la Final, no consigui\u00f3 encontrar el ritmo necesario para sostenerse en el lote de punta y complet\u00f3 la competencia en el P12. <\/p>\n<p><img decoding=\"async\" src=\"https:\/\/www.e-kartvirtualpress.com.ar\/apizarro\/apizarro_3_260426iame.jpg\"><\/p>\n<p>Al finalizar el evento, expres\u00f3 con claridad su balance del fin de semana: <strong><em>\u201cCerramos un fin de semana raro, tuvimos muchos altibajos. El arranque fue positivo, pero cuando pusimos gomas nuevas nos fuimos para atr\u00e1s. En las mangas fuimos r\u00e1pidos, pero el domingo no logramos encontrar ritmo en pista. En el Sprint tuve un par de roces y despu\u00e9s un incidente entre otros pilotos me termin\u00f3 perjudicando a m\u00ed tambi\u00e9n. Me baj\u00e9 bastante molesto por el desarrollo. Podr\u00edamos haber tenido un mejor resultado en el sprint, pero esos toques nos frenaron\u201d.<\/em><\/strong><\/p>\n<p>Antes de dejar el circuito, Pizarro expres\u00f3 su reconocimiento a quienes lo acompa\u00f1an: <strong><em>\u201cQuiero agradecer a mi familia, al equipo Cronos Racing de Federico Sanz, a Jets Ingenier\u00eda por la telemetr\u00eda, a Charly Mellado mi preparador f\u00edsico, a Silvia Saal, que me asiste en psicomotricidad y a quienes apoyan mi carrera deportiva: Nextgen y Consultar\u201d.<\/em><\/strong><\/p>\n<p>Tras este paso por el kart\u00f3dromo porte\u00f1o, Agust\u00edn Pizarro complet\u00f3 su actuaci\u00f3n en esta cita junto a la clase OKN ubic\u00e1ndose en el P13 del campeonato, con un total de 50 puntos acumulados. La pr\u00f3xima presentaci\u00f3n de IAME Series Argentina ser\u00e1 el 30 y 31 de mayo, cuando se dispute la Fecha #4 de la Champion Cup en el Kart\u00f3dromo \u201cCiudad de Z\u00e1rate\u201d.<\/p>\n<p><img decoding=\"async\" src=\"https:\/\/www.e-kartvirtualpress.com.ar\/apizarro\/apizarro_2_260426iame.jpg\"><\/p>\n<p>Ph. Prensa E-Kart<br \/>Inform\u00f3: E-Kart Virtual Press<\/p>\n","protected":false},"excerpt":{"rendered":"<p>Con parciales competitivos, Agust\u00edn Pizarro construy\u00f3 su paso por el Coliseo Porte\u00f1o. El piloto de Pilar fue parte de la Fecha #3 de la Champion Cup 2026, donde se mantuvo en ritmo dentro de una clase OKN muy pareja.<\/p>\n","protected":false},"author":1,"featured_media":43910,"comment_status":"closed","ping_status":"closed","sticky":false,"template":"","format":"standard","meta":{"footnotes":""},"categories":[1983,1948],"tags":[],"class_list":["post-43909","post","type-post","status-publish","format-standard","has-post-thumbnail","hentry","category-iame-series-argentina","category-pilotos-ekvp"],"_links":{"self":[{"href":"https:\/\/e-kart.com.ar\/index.php?rest_route=\/wp\/v2\/posts\/43909","targetHints":{"allow":["GET"]}}],"collection":[{"href":"https:\/\/e-kart.com.ar\/index.php?rest_route=\/wp\/v2\/posts"}],"about":[{"href":"https:\/\/e-kart.com.ar\/index.php?rest_route=\/wp\/v2\/types\/post"}],"author":[{"embeddable":true,"href":"https:\/\/e-kart.com.ar\/index.php?rest_route=\/wp\/v2\/users\/1"}],"replies":[{"embeddable":true,"href":"https:\/\/e-kart.com.ar\/index.php?rest_route=%2Fwp%2Fv2%2Fcomments&post=43909"}],"version-history":[{"count":1,"href":"https:\/\/e-kart.com.ar\/index.php?rest_route=\/wp\/v2\/posts\/43909\/revisions"}],"predecessor-version":[{"id":43911,"href":"https:\/\/e-kart.com.ar\/index.php?rest_route=\/wp\/v2\/posts\/43909\/revisions\/43911"}],"wp:featuredmedia":[{"embeddable":true,"href":"https:\/\/e-kart.com.ar\/index.php?rest_route=\/wp\/v2\/media\/43910"}],"wp:attachment":[{"href":"https:\/\/e-kart.com.ar\/index.php?rest_route=%2Fwp%2Fv2%2Fmedia&parent=43909"}],"wp:term":[{"taxonomy":"category","embeddable":true,"href":"https:\/\/e-kart.com.ar\/index.php?rest_route=%2Fwp%2Fv2%2Fcategories&post=43909"},{"taxonomy":"post_tag","embeddable":true,"href":"https:\/\/e-kart.com.ar\/index.php?rest_route=%2Fwp%2Fv2%2Ftags&post=43909"}],"curies":[{"name":"wp","href":"https:\/\/api.w.org\/{rel}","templated":true}]}}