{"id":43897,"date":"2026-04-27T15:34:04","date_gmt":"2026-04-27T18:34:04","guid":{"rendered":"https:\/\/e-kart.com.ar\/?p=43897"},"modified":"2026-04-27T15:34:05","modified_gmt":"2026-04-27T18:34:05","slug":"i-diaz-quaglia-merecido-festejo-de-podio-en-buenos-aires","status":"publish","type":"post","link":"https:\/\/e-kart.com.ar\/?p=43897","title":{"rendered":"I.D\u00cdAZ QUAGLIA: Merecido festejo de podio en Buenos Aires"},"content":{"rendered":"<p class=\"has-medium-font-size\"><em>Con podio, victoria en una manga y protagonismo en la Final, Ignacio D\u00edaz Quaglia se destac\u00f3 en Buenos Aires. El piloto de Monte Buey fue parte de la Fecha #3 de la Champion Cup 2026, donde se mantuvo en la pelea por la victoria dentro de la clase OKN Junior.<\/em><\/p>\n<p><img decoding=\"async\" src=\"https:\/\/www.e-kartvirtualpress.com.ar\/idiaz2\/idiaz2_260426iame.jpg\"><\/p>\n<p><strong><br \/>CABA.<\/strong> Ignacio D\u00edaz Quaglia fue parte de la Fecha #3 de la Champion Cup 2026, que se desarroll\u00f3 el pasado fin de semana en el Kart\u00f3dromo \u201cCiudad de Buenos Aires\u201d, en el marco del campeonato organizado por IAME Series Argentina. Integrando la clase OKN Junior, afront\u00f3 este compromiso dentro de un escenario de gran nivel competitivo.<\/p>\n<p>El representante de Monte Buey, C\u00f3rdoba, se present\u00f3 en el trazado porte\u00f1o para disputar una nueva cita del calendario, continuando su participaci\u00f3n dentro de la temporada en esta divisional.<\/p>\n<p>La actividad sabatina se puso en marcha con una clasificaci\u00f3n en la que logr\u00f3 el 3\u00b0 mejor registro en un contexto de gran paridad. En la primera manga, mostr\u00f3 un rendimiento sobresaliente que le permiti\u00f3 quedarse con la victoria, dominando la competencia desde el inicio. En la segunda, tras una largada que lo dej\u00f3 relegado, logr\u00f3 recuperarse con buen ritmo hasta cerrar en el P4, manteni\u00e9ndose entre los protagonistas. <\/p>\n<p>Luego de completar la jornada, D\u00edaz Quaglia explic\u00f3: <strong><em>\u201cFuimos contundentes en los entrenamientos, pudimos aprovecharlos para pulir el auto y las maniobras. El s\u00e1bado logramos quedarnos con el 3\u00b0 lugar en una clasificaci\u00f3n, bastante apretada. Pudimos largar por adentro, lo que nos dio buena mucha ventaja en este circuito. Corrimos una linda carrera en la primera manga, tomamos la punta y nos escapamos. Sab\u00edamos que el segundo iba a ser recargado, lo que nos dio tranquilidad para mantener la punta. En la segunda manga, la segunda fila larg\u00f3 mejor, nos pasaron, y me acomod\u00e9 P3. Con gran ritmo pudimos alcanzar a los punteros, pero en la \u00faltima vuelta, nos pasaron y terminamos en el 4\u00b0 lugar. Estamos satisfechos con el resultado del s\u00e1bado, nos deja buenas expectativas para el domingo\u00bb.<\/em><\/strong><\/p>\n<p><img decoding=\"async\" src=\"https:\/\/www.e-kartvirtualpress.com.ar\/idiaz2\/idiaz2_3_260426iame.jpg\"><\/p>\n<p>El tramo final del evento se disput\u00f3 durante la jornada dominical, donde en el Sprint un inconveniente en la largada y un toque lo llevaron al despiste, aunque logr\u00f3 continuar y recuperarse hasta el P7 en pista, siendo clasificado finalmente en el P6. En la Final, volvi\u00f3 a mostrarse como firme candidato a la victoria: partiendo desde el P3, tom\u00f3 la punta r\u00e1pidamente y lider\u00f3 gran parte de la competencia, hasta verse afectado por un incidente en los giros finales que lo priv\u00f3 del mejor resultado. A pesar de las dificultades, logr\u00f3 completar la carrera en el P3 en pista, ascendiendo tras las sanciones aplicadas por las autoridades de la prueba al P2 en el clasificador oficial.<\/p>\n<p>Luego de la competencia, Ignacio analiz\u00f3: <strong><em>\u201cTuvimos un gran s\u00e1bado y cerramos un domingo dif\u00edcil de explicar con palabras. En el Sprint, una mala largada y un toque nos retrasaron. Nos fuimos afuera, pero logramos remontar hasta el 7\u00b0 lugar (en pista). En la Final largamos desde el 3\u00b0 lugar y tomamos la punta enseguida, lideramos casi toda la carrera. Lamentablemente, sobre el final, un piloto intent\u00f3 una maniobra y me pas\u00f3 por arriba. Pude seguir en pista, pero el golpe rompi\u00f3 el babero y en la \u00faltima vuelta se levant\u00f3, tapando la visi\u00f3n. Era casi imposible maniobrar. Me voy con un sabor agridulce, la carrera era nuestra y se nos escap\u00f3 por una maniobra ajena. De todas maneras, estoy muy conforme por el trabajo del equipo y el gran auto que me entregaron\u201d.<\/em><\/strong><\/p>\n<p>Antes de retirarse del circuito, Ignacio D\u00edaz Quaglia expres\u00f3 su agradecimiento a quienes lo acompa\u00f1an en su desarrollo deportivo: <strong><em>\u201cQuiero agradecer a todo el equipo RCK Kosmic, a mi mec\u00e1nico, a mi motorista, a Kinesis, a Viviana Sabga, a toda mi familia, especialmente a mis padres y a mis sponsors: Roggiro Aceros, AAXOD Servicios A\u00e9reos, La Columbia Servicios Agropecuarios y Colmenas Don Pablo por su apoyo constante\u201d.<\/em><\/strong><\/p>\n<p>Tras este paso por el kart\u00f3dromo porte\u00f1o, Ignacio D\u00edaz Quaglia qued\u00f3 ubicado en el P3 del campeonato de la clase OKN Junior, acumulando 131 puntos. La pr\u00f3xima presentaci\u00f3n de IAME Series Argentina ser\u00e1 el 30 y 31 de mayo, cuando se dispute la Fecha #4 de la Champion Cup en el Kart\u00f3dromo \u201cCiudad de Z\u00e1rate\u201d.<\/p>\n<p><img decoding=\"async\" src=\"https:\/\/www.e-kartvirtualpress.com.ar\/idiaz2\/idiaz2_2_260426iame.jpg\"><\/p>\n<p>Ph. Prensa E-Kart<br \/>Inform\u00f3: E-Kart Virtual Press<\/p>\n","protected":false},"excerpt":{"rendered":"<p>Con podio, victoria en una manga y protagonismo en la Final, Ignacio D\u00edaz Quaglia se destac\u00f3 en Buenos Aires. El piloto de Monte Buey fue parte de la Fecha #3 de la Champion Cup 2026, donde se mantuvo en la pelea por la victoria dentro de la clase OKN Junior.<\/p>\n","protected":false},"author":1,"featured_media":43898,"comment_status":"closed","ping_status":"closed","sticky":false,"template":"","format":"standard","meta":{"footnotes":""},"categories":[1983,1948],"tags":[],"class_list":["post-43897","post","type-post","status-publish","format-standard","has-post-thumbnail","hentry","category-iame-series-argentina","category-pilotos-ekvp"],"_links":{"self":[{"href":"https:\/\/e-kart.com.ar\/index.php?rest_route=\/wp\/v2\/posts\/43897","targetHints":{"allow":["GET"]}}],"collection":[{"href":"https:\/\/e-kart.com.ar\/index.php?rest_route=\/wp\/v2\/posts"}],"about":[{"href":"https:\/\/e-kart.com.ar\/index.php?rest_route=\/wp\/v2\/types\/post"}],"author":[{"embeddable":true,"href":"https:\/\/e-kart.com.ar\/index.php?rest_route=\/wp\/v2\/users\/1"}],"replies":[{"embeddable":true,"href":"https:\/\/e-kart.com.ar\/index.php?rest_route=%2Fwp%2Fv2%2Fcomments&post=43897"}],"version-history":[{"count":1,"href":"https:\/\/e-kart.com.ar\/index.php?rest_route=\/wp\/v2\/posts\/43897\/revisions"}],"predecessor-version":[{"id":43899,"href":"https:\/\/e-kart.com.ar\/index.php?rest_route=\/wp\/v2\/posts\/43897\/revisions\/43899"}],"wp:featuredmedia":[{"embeddable":true,"href":"https:\/\/e-kart.com.ar\/index.php?rest_route=\/wp\/v2\/media\/43898"}],"wp:attachment":[{"href":"https:\/\/e-kart.com.ar\/index.php?rest_route=%2Fwp%2Fv2%2Fmedia&parent=43897"}],"wp:term":[{"taxonomy":"category","embeddable":true,"href":"https:\/\/e-kart.com.ar\/index.php?rest_route=%2Fwp%2Fv2%2Fcategories&post=43897"},{"taxonomy":"post_tag","embeddable":true,"href":"https:\/\/e-kart.com.ar\/index.php?rest_route=%2Fwp%2Fv2%2Ftags&post=43897"}],"curies":[{"name":"wp","href":"https:\/\/api.w.org\/{rel}","templated":true}]}}