{"id":43891,"date":"2026-04-27T15:24:40","date_gmt":"2026-04-27T18:24:40","guid":{"rendered":"https:\/\/e-kart.com.ar\/?p=43891"},"modified":"2026-04-27T15:24:40","modified_gmt":"2026-04-27T18:24:40","slug":"f-barone-acaricio-el-triunfo-en-buenos-aires","status":"publish","type":"post","link":"https:\/\/e-kart.com.ar\/?p=43891","title":{"rendered":"F.BARONE: Acarici\u00f3 el triunfo en Buenos Aires"},"content":{"rendered":"<p class=\"has-medium-font-size\"><em>Con victoria en el Sprint y gran cosecha de puntos, Felipe Barone sostiene su liderazgo en la clase 60 Mini. El piloto de Maip\u00fa festej\u00f3 en el \u2018Coliseo Porte\u00f1o\u2019 donde fue uno de los destacados de la Fecha #3 de la Champion Cup 2026.<\/em><\/p>\n<p><img decoding=\"async\" src=\"https:\/\/www.e-kartvirtualpress.com.ar\/fbarone\/fbarone_260426iame.jpg\"><\/p>\n<p><strong><br \/>CABA.<\/strong> Felipe Barone disput\u00f3 la Fecha #3 de la Champion Cup 2026, que se desarroll\u00f3 el pasado fin de semana en el Kart\u00f3dromo \u201cCiudad de Buenos Aires\u201d, en el marco del campeonato organizado por IAME Series Argentina.<\/p>\n<p>El piloto de Maip\u00fa, Mendoza, compiti\u00f3 en la clase 60 Mini, siendo parte de una nueva presentaci\u00f3n dentro de la temporada, en un escenario que reuni\u00f3 a protagonistas de todo el pa\u00eds.<\/p>\n<p>La actividad sabatina comenz\u00f3 con un s\u00f3lido rendimiento desde la clasificaci\u00f3n, donde marc\u00f3 el 3\u00b0 mejor tiempo de la divisional, posicion\u00e1ndose como uno de los pilotos destacados desde el inicio. En las mangas, ratific\u00f3 su potencial al quedarse con la victoria en la primera competencia y cerrar en el P2 la segunda, manteni\u00e9ndose siempre en los puestos de vanguardia. <\/p>\n<p>Tras completar la jornada, Barone analiz\u00f3: <strong><em>\u201cEmpezamos bien. Clasificamos 3\u00b0, a pesar de que no conseguimos el ritmo que esper\u00e1bamos. Ganamos la primera manga y logramos llegar 3\u00b0 en pista en la segunda, pero un recargo a otro piloto nos dej\u00f3 con el P2. Vamos a seguir trabajando en el auto y veremos si podemos mejorar un poquito m\u00e1s\u201d.<\/em><\/strong><\/p>\n<p><img decoding=\"async\" src=\"https:\/\/www.e-kartvirtualpress.com.ar\/fbarone\/fbarone_3_260426iame.jpg\"><\/p>\n<p>El cierre del fin de semana tuvo su cap\u00edtulo principal el domingo, donde volvi\u00f3 a destacarse en el Sprint al quedarse con la victoria, lo que le permiti\u00f3 largar desde la posici\u00f3n de privilegio en la Final. En la carrera decisiva, se mantuvo al frente durante gran parte del desarrollo, defendiendo la punta ante los intentos de sobrepaso, aunque en el giro final se vio superado sin posibilidad de recuperar lo que le hab\u00eda pertenecido y cruz\u00f3 la meta en el P2. <\/p>\n<p>Luego de la competencia, el piloto expres\u00f3: <strong><em>\u201cTerminamos un fin de semana muy bueno. La clasificaci\u00f3n no hab\u00eda sido muy buena, pero pudimos ganar la primera manga y quedar en P2 en la segunda. Pudimos ganar el Sprint y eso me permiti\u00f3 largar primero en la Final. Me mantuve en la punta casi toda la carrera. Se me tiraron a pasar, pero recuper\u00e9 la posici\u00f3n. En la \u00faltima vuelta me pasaron en la \u20181\u2019, pero esta vez, el motor no me dio para tirarme y pasar de nuevo a la punta. Me voy muy contento igual, porque sumamos muchos puntos para el campeonato\u201d.<\/em><\/strong><\/p>\n<p>Antes de retirarse del circuito, Barone expres\u00f3 su reconocimiento a quienes lo acompa\u00f1an: <strong><em>\u201cQuiero agradecer a mi pap\u00e1, a mi mam\u00e1, que hacen todo por m\u00ed, a mi hermana, a todos mis familiares y amigos que me apoyan, a todo el equipo Cronos Racing, a Federico Sanz, a mi mec\u00e1nico Lucas, a DKR de Flavio Di Stante, a mi psic\u00f3loga Viviana Sabga y a TRANSMEND Transporte de personal Nacional e internacional\u201d.<\/em><\/strong><\/p>\n<p>Luego de esta fecha, Felipe Barone se sostiene en el P1 del campeonato de la clase 60 Mini, con un total de 149 puntos acumulados. La pr\u00f3xima competencia ser\u00e1 el 30 y 31 de mayo por la Fecha #4 de la Champion Cup, en el Kart\u00f3dromo \u201cCiudad de Z\u00e1rate\u201d.<\/p>\n<p><img decoding=\"async\" src=\"https:\/\/www.e-kartvirtualpress.com.ar\/fbarone\/fbarone_2_260426iame.jpg\"><\/p>\n<p>Ph. Prensa E-Kart<br \/>Inform\u00f3: E-Kart Virtual Press<\/p>\n","protected":false},"excerpt":{"rendered":"<p>Con victoria en el Sprint y gran cosecha de puntos, Felipe Barone sostiene su liderazgo en la clase 60 Mini. El piloto de Maip\u00fa festej\u00f3 en el \u2018Coliseo Porte\u00f1o\u2019 donde fue uno de los destacados de la Fecha #3 de la Champion Cup 2026.<\/p>\n","protected":false},"author":1,"featured_media":43892,"comment_status":"closed","ping_status":"closed","sticky":false,"template":"","format":"standard","meta":{"footnotes":""},"categories":[1983,1948],"tags":[],"class_list":["post-43891","post","type-post","status-publish","format-standard","has-post-thumbnail","hentry","category-iame-series-argentina","category-pilotos-ekvp"],"_links":{"self":[{"href":"https:\/\/e-kart.com.ar\/index.php?rest_route=\/wp\/v2\/posts\/43891","targetHints":{"allow":["GET"]}}],"collection":[{"href":"https:\/\/e-kart.com.ar\/index.php?rest_route=\/wp\/v2\/posts"}],"about":[{"href":"https:\/\/e-kart.com.ar\/index.php?rest_route=\/wp\/v2\/types\/post"}],"author":[{"embeddable":true,"href":"https:\/\/e-kart.com.ar\/index.php?rest_route=\/wp\/v2\/users\/1"}],"replies":[{"embeddable":true,"href":"https:\/\/e-kart.com.ar\/index.php?rest_route=%2Fwp%2Fv2%2Fcomments&post=43891"}],"version-history":[{"count":1,"href":"https:\/\/e-kart.com.ar\/index.php?rest_route=\/wp\/v2\/posts\/43891\/revisions"}],"predecessor-version":[{"id":43893,"href":"https:\/\/e-kart.com.ar\/index.php?rest_route=\/wp\/v2\/posts\/43891\/revisions\/43893"}],"wp:featuredmedia":[{"embeddable":true,"href":"https:\/\/e-kart.com.ar\/index.php?rest_route=\/wp\/v2\/media\/43892"}],"wp:attachment":[{"href":"https:\/\/e-kart.com.ar\/index.php?rest_route=%2Fwp%2Fv2%2Fmedia&parent=43891"}],"wp:term":[{"taxonomy":"category","embeddable":true,"href":"https:\/\/e-kart.com.ar\/index.php?rest_route=%2Fwp%2Fv2%2Fcategories&post=43891"},{"taxonomy":"post_tag","embeddable":true,"href":"https:\/\/e-kart.com.ar\/index.php?rest_route=%2Fwp%2Fv2%2Ftags&post=43891"}],"curies":[{"name":"wp","href":"https:\/\/api.w.org\/{rel}","templated":true}]}}