{"id":43888,"date":"2026-04-27T15:17:23","date_gmt":"2026-04-27T18:17:23","guid":{"rendered":"https:\/\/e-kart.com.ar\/?p=43888"},"modified":"2026-04-27T15:17:24","modified_gmt":"2026-04-27T18:17:24","slug":"b-lobato-de-menos-a-mas-en-buenos-aires","status":"publish","type":"post","link":"https:\/\/e-kart.com.ar\/?p=43888","title":{"rendered":"B.LOBATO: De menos a m\u00e1s en Buenos Aires"},"content":{"rendered":"<p class=\"has-medium-font-size\"><em>Con buen rendimiento, Bastian Lobato complet\u00f3 un fin de semana positivo en Buenos Aires. El piloto de Pilar fue parte de la Fecha #3 de la Champion Cup 2026, donde se mostr\u00f3 competitivo en la clase 60 Mini y se destac\u00f3 en la \u2018Under\u2019.<\/em><\/p>\n<p><img decoding=\"async\" src=\"https:\/\/www.e-kartvirtualpress.com.ar\/blobato\/blobato_260426iame.jpg\"><\/p>\n<p><strong><br \/>CABA.<\/strong> Bastian Lobato fue parte de la Fecha #3 de la Champion Cup 2026, disputada en el Kart\u00f3dromo \u201cCiudad de Buenos Aires\u201d, en el marco de IAME Series Argentina.<\/p>\n<p>El piloto de Pilar, Buenos Aires, compiti\u00f3 en la clase 60 Mini durante el pasado fin de semana, integrando adem\u00e1s la divisional \u2018Under\u2019, donde se mantiene como uno de los protagonistas en la disputa de los puestos de vanguardia. <\/p>\n<p>La actividad sabatina comenz\u00f3 con una clasificaci\u00f3n condicionada por un inconveniente mec\u00e1nico, que lo ubic\u00f3 en el P25 del clasificador general, oblig\u00e1ndolo a largar desde el fondo en las mangas. A partir de all\u00ed, mostr\u00f3 una buena capacidad de recuperaci\u00f3n, avanzando hasta el P21 en la primera competencia y cerrando la segunda en el P18, consolidando una mejora sostenida en pista. <\/p>\n<p>Luego de completar la jornada, Lobato explic\u00f3: <strong><em>\u201cArrancamos muy bien a pesar de que en la Qualy tuvimos un problema con el carburador que no nos dej\u00f3 clasificar adelante. Perdimos 4 km de velocidad. Ese resultado nos dej\u00f3 largando desde el fondo las mangas. Por suerte fuimos s\u00f3lidos en las siguientes etapas, logramos avanzar hasta 7 posiciones. En la segunda manga, el motor se empez\u00f3 a caer un poco y perdimos una posici\u00f3n. Vamos a analizar nuestras opciones de motor para el domingo\u201d.<\/em><\/strong><\/p>\n<p><img decoding=\"async\" src=\"https:\/\/www.e-kartvirtualpress.com.ar\/blobato\/blobato_3_260426iame.jpg\"><\/p>\n<p>El domingo concentr\u00f3 las instancias finales del evento, donde en el Sprint debi\u00f3 abandonar tras siete vueltas, aunque logr\u00f3 quedar ubicado dentro de los pilotos clasificados, en el P22. En la Final, volvi\u00f3 a mostrarse firme en pista, completando la competencia en el P21 dentro del clasificador general. M\u00e1s all\u00e1 de los resultados, el piloto destac\u00f3 el balance positivo de su presentaci\u00f3n, especialmente considerando su rendimiento dentro de la divisional \u2018Under\u2019, donde es uno de los protagonistas. <\/p>\n<p>Tras la competencia, expres\u00f3: <strong><em>\u201cCerramos un fin de semana muy positivo y divertido. La Final fue una carrera decente. En las \u00faltimas vueltas sentimos el cansancio, adem\u00e1s, el motor se empez\u00f3 a caer. En la largada perd\u00ed una posici\u00f3n, pero luego pude mantenerme firme. Pudimos volver a avanzar. Ahora viene la fecha de Z\u00e1rate, para m\u00ed es especial porque me trae much\u00edsimos recuerdos de mis \u00e9pocas en la Kart Plus. Es un circuito donde me siento c\u00f3modo\u201d.<\/em><\/strong><\/p>\n<p>Antes de retirarse del circuito, Lobato expres\u00f3 su agradecimiento a quienes lo acompa\u00f1an: <strong><em>\u201cQuiero agradecer a mi mam\u00e1, a mi pap\u00e1, a toda mi familia, a mi equipo Kiba Racing, a Claudio Chemolli, a todos los mec\u00e1nicos, a mi motorista Suyser, a Charly Mellado mi preparador f\u00edsico y a todos los que quiero\u201d.<\/em><\/strong><\/p>\n<p>Tras completar esta presentaci\u00f3n, Bastian Lobato qued\u00f3 en el P24 del campeonato de la clase 60 Mini, con 24 puntos acumulados. La pr\u00f3xima fecha ser\u00e1 el 30 y 31 de mayo por la Fecha #4 de la Champion Cup en el Kart\u00f3dromo \u201cCiudad de Z\u00e1rate\u201d.<\/p>\n<p><img decoding=\"async\" src=\"https:\/\/www.e-kartvirtualpress.com.ar\/blobato\/blobato_2_260426iame.jpg\"><\/p>\n<p>Ph. Prensa E-Kart<br \/>Inform\u00f3: E-Kart Virtual Press<\/p>\n","protected":false},"excerpt":{"rendered":"<p>Con buen rendimiento, Bastian Lobato complet\u00f3 un fin de semana positivo en Buenos Aires. El piloto de Pilar fue parte de la Fecha #3 de la Champion Cup 2026, donde se mostr\u00f3 competitivo en la clase 60 Mini y se destac\u00f3 en la \u2018Under\u2019.<\/p>\n","protected":false},"author":1,"featured_media":43889,"comment_status":"closed","ping_status":"closed","sticky":false,"template":"","format":"standard","meta":{"footnotes":""},"categories":[1983,1948],"tags":[],"class_list":["post-43888","post","type-post","status-publish","format-standard","has-post-thumbnail","hentry","category-iame-series-argentina","category-pilotos-ekvp"],"_links":{"self":[{"href":"https:\/\/e-kart.com.ar\/index.php?rest_route=\/wp\/v2\/posts\/43888","targetHints":{"allow":["GET"]}}],"collection":[{"href":"https:\/\/e-kart.com.ar\/index.php?rest_route=\/wp\/v2\/posts"}],"about":[{"href":"https:\/\/e-kart.com.ar\/index.php?rest_route=\/wp\/v2\/types\/post"}],"author":[{"embeddable":true,"href":"https:\/\/e-kart.com.ar\/index.php?rest_route=\/wp\/v2\/users\/1"}],"replies":[{"embeddable":true,"href":"https:\/\/e-kart.com.ar\/index.php?rest_route=%2Fwp%2Fv2%2Fcomments&post=43888"}],"version-history":[{"count":1,"href":"https:\/\/e-kart.com.ar\/index.php?rest_route=\/wp\/v2\/posts\/43888\/revisions"}],"predecessor-version":[{"id":43890,"href":"https:\/\/e-kart.com.ar\/index.php?rest_route=\/wp\/v2\/posts\/43888\/revisions\/43890"}],"wp:featuredmedia":[{"embeddable":true,"href":"https:\/\/e-kart.com.ar\/index.php?rest_route=\/wp\/v2\/media\/43889"}],"wp:attachment":[{"href":"https:\/\/e-kart.com.ar\/index.php?rest_route=%2Fwp%2Fv2%2Fmedia&parent=43888"}],"wp:term":[{"taxonomy":"category","embeddable":true,"href":"https:\/\/e-kart.com.ar\/index.php?rest_route=%2Fwp%2Fv2%2Fcategories&post=43888"},{"taxonomy":"post_tag","embeddable":true,"href":"https:\/\/e-kart.com.ar\/index.php?rest_route=%2Fwp%2Fv2%2Ftags&post=43888"}],"curies":[{"name":"wp","href":"https:\/\/api.w.org\/{rel}","templated":true}]}}