{"id":43129,"date":"2026-03-18T11:48:52","date_gmt":"2026-03-18T14:48:52","guid":{"rendered":"https:\/\/e-kart.com.ar\/?p=43129"},"modified":"2026-03-18T11:48:52","modified_gmt":"2026-03-18T14:48:52","slug":"m-canizares-dejo-buenas-sensaciones-en-baradero","status":"publish","type":"post","link":"https:\/\/e-kart.com.ar\/?p=43129","title":{"rendered":"M.CA\u00d1IZARES: Dej\u00f3 buenas sensaciones en Baradero"},"content":{"rendered":"<p class=\"has-medium-font-size\"><em>Manuel Ca\u00f1izares supo mostrar un rendimiento competitivo en el Evento #2 del Trofeo de Verano de RMC Buenos Aires en Baradero. Fue protagonista en la Micro Max y cerr\u00f3 la Final en el P20 tras un incidente cuando peleaba en el top 10.<\/em><\/p>\n<p><img decoding=\"async\" src=\"https:\/\/www.e-kartvirtualpress.com.ar\/mcanizares\/mcanizares_260315ro.jpg\"><\/p>\n<p><strong><br \/>Baradero, Buenos Aires.<\/strong> El piloto salte\u00f1o de Rosario de la Frontera, Manuel Ca\u00f1izares, se present\u00f3 el pasado fin de semana en el kart\u00f3dromo \u2018Ramiro Tot\u2019 de la ciudad de Baradero, Buenos Aires. All\u00ed integr\u00f3 el competitivo lote de la clase menor de RMC Buenos Aires, la Micro Max, donde supo completar una destacada actuaci\u00f3n que lo mantuvo entre los protagonistas del Evento #2 del Trofeo de Verano. <\/p>\n<p>La actividad del s\u00e1bado comenz\u00f3 con la clasificaci\u00f3n, donde marc\u00f3 el 15\u00b0 tiempo. En las mangas logr\u00f3 avanzar en el clasificador, completando la primera en el P11 y la segunda en el P9, mostrando una mejora progresiva en su rendimiento. <\/p>\n<p>Al finalizar la jornada, el piloto salte\u00f1o destac\u00f3: <strong><em>\u201cEn esta carrera estoy mucho mejor. Estoy girando con mejor ritmo y con buenos tiempos en este circuito que es muy r\u00e1pido. En la clasificaci\u00f3n qued\u00e9 15\u00b0 y mejor\u00e9 en las dos mangas de hoy. Estoy conforme y trataremos de hacer lo mejor posible en lo que nos queda todav\u00eda de esta fecha\u201d. <\/em><\/strong><\/p>\n<p>El domingo, en la tercera manga, volvi\u00f3 a sostener un buen nivel al completar la competencia en el P12. En la Final protagoniz\u00f3 una carrera intensa, logrando avanzar posiciones y meterse en la pelea por el top 10. Sin embargo, un incidente en pista lo priv\u00f3 de redondear su trabajo, finalizando en el P20 con vueltas menos de las pactadas. <\/p>\n<p><img decoding=\"async\" src=\"https:\/\/www.e-kartvirtualpress.com.ar\/mcanizares\/mcanizares_3_260315ro.jpg\"><\/p>\n<p>Tras cerrar el fin de semana, Ca\u00f1izares analiz\u00f3 lo ocurrido: <strong><em>\u201cEn todas las mangas pude mejorar y meterme entre los \u201810\u2019 primeros. La Final fue muy peleada, pero ven\u00eda muy bien. Hab\u00eda avanzado y estaba entre los de adelante y me chocaron. Ya ven\u00eda pasando al 9\u00b0, pero se me subieron encima y se rompi\u00f3 el karting. Igualmente me voy conforme con lo que pudimos mejorar en esta fecha. Siempre avanzamos. Vamos a seguir prepar\u00e1ndonos para la pr\u00f3xima\u201d. <\/em><\/strong><\/p>\n<p>Al concluir su participaci\u00f3n en esta presentaci\u00f3n, el joven piloto expres\u00f3 su agradecimiento a quienes lo acompa\u00f1an en su campa\u00f1a deportiva: <strong><em>\u201cQuiero agradecer a toda mi familia, a mi equipo WK Racing Kart, a Eduardo Viglietti, a todos los mec\u00e1nicos y a los que me acompa\u00f1an\u201d. <\/em><\/strong><\/p>\n<p>Cumplido este compromiso por el Trofeo de Verano de RMC Buenos Aires, Manuel Ca\u00f1izares se ubica en el P16 de la clase Micro Max, donde acumul\u00f3 36 puntos. El joven volante salte\u00f1o volver\u00e1 a ser convocado a pista el fin de semana del 4 y 5 de abril, para disputar el Evento #3 de la temporada, sobre el circuito de la ciudad de Buenos Aires.<\/p>\n<p><img decoding=\"async\" src=\"https:\/\/www.e-kartvirtualpress.com.ar\/mcanizares\/mcanizares_2_260315ro.jpg\"><\/p>\n<p>Ph. Lucas Garcia<br \/>Inform\u00f3: E-Kart Virtual Press<\/p>\n","protected":false},"excerpt":{"rendered":"<p>Manuel Ca\u00f1izares supo mostrar un rendimiento competitivo en el Evento #2 del Trofeo de Verano de RMC Buenos Aires en Baradero. Fue protagonista en la Micro Max y cerr\u00f3 la Final en el P20 tras un incidente cuando peleaba en el top 10.<\/p>\n","protected":false},"author":1,"featured_media":43130,"comment_status":"closed","ping_status":"closed","sticky":false,"template":"","format":"standard","meta":{"footnotes":""},"categories":[1948,1955],"tags":[],"class_list":["post-43129","post","type-post","status-publish","format-standard","has-post-thumbnail","hentry","category-pilotos-ekvp","category-rmc-buenos-aires"],"_links":{"self":[{"href":"https:\/\/e-kart.com.ar\/index.php?rest_route=\/wp\/v2\/posts\/43129","targetHints":{"allow":["GET"]}}],"collection":[{"href":"https:\/\/e-kart.com.ar\/index.php?rest_route=\/wp\/v2\/posts"}],"about":[{"href":"https:\/\/e-kart.com.ar\/index.php?rest_route=\/wp\/v2\/types\/post"}],"author":[{"embeddable":true,"href":"https:\/\/e-kart.com.ar\/index.php?rest_route=\/wp\/v2\/users\/1"}],"replies":[{"embeddable":true,"href":"https:\/\/e-kart.com.ar\/index.php?rest_route=%2Fwp%2Fv2%2Fcomments&post=43129"}],"version-history":[{"count":1,"href":"https:\/\/e-kart.com.ar\/index.php?rest_route=\/wp\/v2\/posts\/43129\/revisions"}],"predecessor-version":[{"id":43131,"href":"https:\/\/e-kart.com.ar\/index.php?rest_route=\/wp\/v2\/posts\/43129\/revisions\/43131"}],"wp:featuredmedia":[{"embeddable":true,"href":"https:\/\/e-kart.com.ar\/index.php?rest_route=\/wp\/v2\/media\/43130"}],"wp:attachment":[{"href":"https:\/\/e-kart.com.ar\/index.php?rest_route=%2Fwp%2Fv2%2Fmedia&parent=43129"}],"wp:term":[{"taxonomy":"category","embeddable":true,"href":"https:\/\/e-kart.com.ar\/index.php?rest_route=%2Fwp%2Fv2%2Fcategories&post=43129"},{"taxonomy":"post_tag","embeddable":true,"href":"https:\/\/e-kart.com.ar\/index.php?rest_route=%2Fwp%2Fv2%2Ftags&post=43129"}],"curies":[{"name":"wp","href":"https:\/\/api.w.org\/{rel}","templated":true}]}}