{"id":43097,"date":"2026-03-17T15:15:58","date_gmt":"2026-03-17T18:15:58","guid":{"rendered":"https:\/\/e-kart.com.ar\/?p=43097"},"modified":"2026-03-17T15:16:21","modified_gmt":"2026-03-17T18:16:21","slug":"prokart-neuquino-herbsonmer-marco-el-ritmo-bajo-la-lluvia-en-roca","status":"publish","type":"post","link":"https:\/\/e-kart.com.ar\/?p=43097","title":{"rendered":"PROKART NEUQUINO: Herbsonmer marc\u00f3 el ritmo bajo la lluvia, en Roca"},"content":{"rendered":"\n<p class=\"has-medium-font-size\"><em>Con m\u00e1s de 150 kartings en acci\u00f3n se disput\u00f3 la segunda jornada del calendario. A pesar de las complicaciones con el agua, se pudo cumplir todo el programa.<\/em><\/p>\n\n\n\n<figure class=\"wp-block-image size-full\"><a href=\"https:\/\/e-kart.com.ar\/wp-content\/uploads\/2026\/03\/foto-30.jpg\"><img loading=\"lazy\" decoding=\"async\" width=\"960\" height=\"524\" src=\"https:\/\/e-kart.com.ar\/wp-content\/uploads\/2026\/03\/foto-30.jpg\" alt=\"\" class=\"wp-image-43098\" srcset=\"https:\/\/e-kart.com.ar\/wp-content\/uploads\/2026\/03\/foto-30.jpg 960w, https:\/\/e-kart.com.ar\/wp-content\/uploads\/2026\/03\/foto-30-300x164.jpg 300w, https:\/\/e-kart.com.ar\/wp-content\/uploads\/2026\/03\/foto-30-768x419.jpg 768w\" sizes=\"auto, (max-width: 960px) 100vw, 960px\" \/><\/a><\/figure>\n\n\n\n<p class=\"has-small-font-size\">Ph. Alejandro Carnevale<\/p>\n\n\n\n<p><br><strong>General Roca, R\u00edo Negro.<\/strong> Con una persistente precipitaci\u00f3n que se hizo presente en pr\u00e1cticamente todas las finales, el Prokart llev\u00f3 adelante su segunda fecha del calendario 2026 en el aut\u00f3dromo de General Roca. M\u00e1s de 150 kartings le dieron color al gran momento que vive la categor\u00eda. En la principal se llev\u00f3 el triunfo Mauricio Herbsonmer.<\/p>\n\n\n\n<p>En un trabajo de fue de menos a m\u00e1s, el neuquino gan\u00f3 en la competitiva Super Sudam Senior. Luego de una floja clasificaci\u00f3n por un desperfecto en su karting (fue 8\u00b0), remont\u00f3 hasta el tercer lugar en la serie y logr\u00f3 imponerse en la prefinal, lo que le permiti\u00f3 largar desde la posici\u00f3n de privilegio en la carrera decisiva.<\/p>\n\n\n\n<p>Con un kart contundente, Herbsonmer larg\u00f3 muy bien y se impuso con un margen de 6s03 sobre Lucciano Pessino, que hab\u00eda ganado la primera fecha. Diego Di\u00e9guez ocup\u00f3 el tercer lugar. Santiago Jara hab\u00eda hecho la pole y Facundo Bustelo gan\u00f3 la serie. Herbsomner se meti\u00f3 en la lucha por el campeonato y promete ser gran protagonista durante todo el a\u00f1o.<\/p>\n\n\n\n<p class=\"has-medium-font-size\"><br><strong><mark style=\"background-color:rgba(0, 0, 0, 0)\" class=\"has-inline-color has-luminous-vivid-orange-color\">Repitieron Ochoa y Menda\u00f1a<\/mark><\/strong><\/p>\n\n\n\n<p>Al igual que en la primera fecha, Ezequiel Ochoa volvi\u00f3 a ganar en la Light 150. Tras la pole position de Lautaro Jara y las series ganadas por Ciro Su\u00e1rez y Tom\u00e1s Cacopardo, Ochoa se qued\u00f3 con la prefinal y con la final, en la cual le sac\u00f3 3s87 a Iv\u00e1n Sajarov. El ascendente Ciro Su\u00e1rez qued\u00f3 tercero a 4s02. La Light fue la categor\u00eda m\u00e1s numerosa, con 37 karts largando la final.<\/p>\n\n\n\n<p>Otro que repiti\u00f3 victoria fue Sami Menda\u00f1a, que en la 150 Pista le gan\u00f3 por 5s79 a Marco Alzamendi y por m\u00e1s de 13s a Jer\u00f3nimo Pe\u00f1u\u00f1uri. Agust\u00edn Maraschini fue el m\u00e1s veloz en clasificaci\u00f3n pero Menda\u00f1a se qued\u00f3 con lo mejor al ganar su serie, la prefinal y la final. El ex Top Race y TC2000 (entre otras divisionales) ya hab\u00eda ganado en Centenario.<\/p>\n\n\n\n<p class=\"has-medium-font-size\"><br><strong><mark style=\"background-color:rgba(0, 0, 0, 0)\" class=\"has-inline-color has-luminous-vivid-orange-color\">Pach en la SSM y Massa en Junior 125<\/mark><\/strong><\/p>\n\n\n\n<p>Tras la exclusi\u00f3n de Federico Castagno, Esteban Pach cant\u00f3 victoria en la Super Sudam Master. Termin\u00f3 siendo el triunfo m\u00e1s ajustado del fin de semana, ya que s\u00f3lo 819 mil\u00e9simas lo separaron de su escolta, el comodorense Gustavo Bevilacqua, que hab\u00eda ganado la prefinal. El tercero fue Ricardo Frizzar\u00edn a 2s86 de Pach.<\/p>\n\n\n\n<p>Luego de haber sido excluido tras la primera fecha, Tom\u00e1s Massa esta vez pudo celebrar la victoria. En la Junior 125, le gan\u00f3 por 1s84 a Valentino Mangini y por m\u00e1s de 14s a Joaqu\u00edn Bruno. Mangini hizo la pole, Massa se qued\u00f3 con la serie y la prefinal hab\u00eda sido para Joaqu\u00edn Bruno.<\/p>\n\n\n\n<p class=\"has-medium-font-size\"><br><strong><mark style=\"background-color:rgba(0, 0, 0, 0)\" class=\"has-inline-color has-luminous-vivid-orange-color\">Jara, Poli y Fern\u00e1ndez Salvioni en el cuadro de ganadores<\/mark><\/strong><\/p>\n\n\n\n<p>Tras el dominio de Lautaro Reyes en la clasificaci\u00f3n y en la serie, Benjam\u00edn Jara apareci\u00f3 en la pre-final y la final y se qued\u00f3 con la celebraci\u00f3n en la Junior 150. En la final a 16 vueltas, le sac\u00f3 2s02 al propio Jara y m\u00e1s de 16s a Joaqu\u00edn Troncoso.<\/p>\n\n\n\n<p>La Varilleros qued\u00f3 en manos de Sergio Poli, que le gan\u00f3 holgadamente a su escolta, Thiago Carrera, por m\u00e1s de 12s. El tercero fue Agust\u00edn Escobar, a m\u00e1s de 21s del ganador. Miguel L\u00f3pez, que hab\u00eda ganado en pista, fue excluido en la verificaci\u00f3n t\u00e9cnica.<\/p>\n\n\n\n<p>En la promocional gan\u00f3 Genaro Fern\u00e1ndez Salvioni, seguido de Dylan Dimarco y de Joaqu\u00edn Siri. En la escuelita se impuso Bautista Castillo, seguido de Tom\u00e1s Marucci y de Bautista Gonz\u00e1lez. Fue el segundo triunfo de Castillo. Entre los Graduados, V\u00edctor Villalba gan\u00f3 en la 150 Pista y Alejandro Biassi hizo lo propio en la Light 150. Biassi tambi\u00e9n hab\u00eda ganado en Centenario.<\/p>\n\n\n\n<p>Entre el 11 y el 12 de abril se llevar\u00e1 a cabo la tercera fecha, en lugar a designar. Por estas horas se negocia para correr en la Isla Jord\u00e1n.<\/p>\n\n\n\n<p class=\"has-medium-font-size\"><br><strong><mark style=\"background-color:rgba(0, 0, 0, 0)\" class=\"has-inline-color has-luminous-vivid-orange-color\">RESULTADOS FINALES<\/mark><\/strong><\/p>\n\n\n\n<p><strong>JUNIOR 125<\/strong><br><strong>Final:<\/strong> 1 . Tomas Massa, 2. Valentino Mangini, 3. Joaquin Bruno, 4. Benjamin Caceres, 5. Mateo Alvarez, 6. Noah Vasicek, 7. Nery Gonzalez, 8. Luca Pavicich, 9. Pedro Rossi, 10. Tomas Bruno, 11. Gael Costanzi, 12. Lorenzo Godoy, Sv. Carlos Rosas, Ex. Facundo Montes Yebra.<\/p>\n\n\n\n<p><strong>JUNIOR 150<\/strong><br><strong>Final:<\/strong> 1 . Benjamin Jara, 2. Lautaro Reyes, 3. Joaquin Troncoso, 4. Guido Ferreyra, 5. Luciano Carrera, 6. Martin Debasa, 7. Valentin Fundaro, 8. Santino D&#8217;Annunzio, 9. Theo Uma\u00f1a, 10. Luana De Feo, 11. Soel Garofalo, Nc. Valerio Garbin, Nc. Joaquin Cativa, Nc. Ramiro Pascal Bibow, Nc. Valentino Larrat.<\/p>\n\n\n\n<p><strong>LIGHT 150<\/strong><br><strong>Final:<\/strong> 1 . Ezequiel Ochoa, 2. Ivan Sajarov, 3. Ciro Suarez, 4. Lautaro Jara, 5. Kevin Donnerstag, 6. Valentina Sierpina, 7. Lucas Rossomano, 8. Alejandro Biassi, 9. Gianfranco Arcagni, 10. Ramiro Duhalde, 11. Leandro Cerda, 12. Federico Ormazabal, 13. Nicolas Quintero, 14. Francisco Valero, 15. Tomas Cacopardo, 16. Matias Colombano, 17. Bautista Castro, 18. Martin Alfieri, 19. Miguel Lopez, 20. Gaston Gomez, 21. Maximiliano Hernandorena, 22. Martin Reyes, 23. Julio De Feo, 24. Nicolas Gianfrini, 25. Ignacio Alvarez, 26. Lautaro Briane, 27. Pedro Bravo, 28. Oscar Rebolledo, 29. Nestor Villar, 30. Tiago Antezana, 31. Nereo Cisterna, Nc. Nicolas Rocca, Nc. Martin Gonzalez, Nc. Gustavo Loverde, Nc. Gaston Centeno, Sv. Walter Sayus, Ex. Rocio Lujan Marin.<\/p>\n\n\n\n<p><strong>150 PISTA<\/strong><br><strong>Final:<\/strong> 1 . Sami Menda\u00f1a, 2. Marco Alzamendi, 3. Jeronimo Pe\u00f1u\u00f1uri, 4. Agustin Maraschini, 5. Javier Renda, 6. Gabriel Roman, 7. Gabriel Maretich, 8. Victor Villalba, 9. Damian Arriegada, 10. Francisco Chao, 11. Julian Riquelme, 12. Nicolas Cordero, 13. Jonathan Aguero , 14. Lautaro Angelone, 15. Gonzalo Aqueveque, 16. Claudio Moreira, 17. Juan Blanco, 18. Jorge Matlach, 19. Giuliano Medina, 20. Santiago Mansilla, Nc. Leandro Obieta, Nc. Pablo Lacalle, Nc. Luca Di Clerico, Sv. Dante Gaston Marin, Sv. Fernando Holzmann.<\/p>\n\n\n\n<p><strong>PROMOCIONAL<\/strong><br><strong>Final:<\/strong> 1 . Genaro Fernandez Salvioni, 2. Dylan Dimarco, 3. Joaquin Siri, 4. Simon Reyes, Nc. Cassio Lanigau, Nc. Valentin Marucci, Nc. Matheo Villalba, Ex. Ayrton Sayus, Ex. Giovanni Siri.<\/p>\n\n\n\n<p><strong>MASTER<\/strong><br><strong>Final:<\/strong> 1 . Esteban Pach, 2. Gustavo Bevilacqua, 3. Ricardo Frizzarin, 4. Pablo Arango, 5. Paulo Bistolfi, 6. Juan Pablo Bonoris, 7. Bruno Siri, 8. Giselle Lauandos, Nc. Matias Villalba, Nc. Julian Pessino, Sv. Mauro Siri, Sv. Pablo Martin Zapata, Ex. Federico Castagno.<\/p>\n\n\n\n<p><strong>SENIOR<\/strong><br><strong>Final:<\/strong> 1 . Mauricio Herbsonmer, 2. Luciano Pessino, 3. Diego Dieguez, 4. Santiago Jara, 5. Matheus Lesse, 6. Agustin Maraschini, 7. Ciro Tortoriello, 8. Maximo Godoy, 9. Facundo Bustelo, 10. Maximo Estebanez, 11. Juan Martin Lage, 12. Franco Montelpare, 13. Gonzalo Castillo, 14. Damian Galeani, Sv. Joaquin Garro.<\/p>\n\n\n\n<p><strong>VARILLEROS<\/strong><br><strong>Final:<\/strong> 1 . Sergio Poli, 2. Thiago Carrera, 3. Agustin Escobar\/Sebastian Reyes, 4. Luciano Cosiani, 5. Nicolas Morinigo, 6. Kot Fernandez, 7. Ivan Cabrera, 8. Marcelo Lopez, 9. Matias Calderon, 10. Daniel Moro, 11. Sergio Di Marco, Nc. Yamil Cerda, Nc. Maximiliano Dimarco, Nc. Tomas Figueroa, Sv. Facundo Cruces, Ex. Miguel Lopez , Ex. Walter Goycochea, Ex. Eric Douglas.<\/p>\n\n\n\n<p><strong>ESCUELITA<\/strong><br><strong>Final:<\/strong> 1 . Bautista Castillo, 2. Tomas Marucci, 3. Bautista Gonzalez, Sv. Lorenzo Neman.<\/p>\n\n\n\n<p><br><strong>Resultados Oficiales: <\/strong><a href=\"https:\/\/speedhive.mylaps.com\/events\/3429395\" target=\"_blank\" rel=\"noreferrer noopener\"><strong>https:\/\/speedhive.mylaps.com\/events\/3429395<\/strong><\/a><\/p>\n\n\n\n<p><br>Fuente: Diario R\u00edo Negro (R\u00edo Negro)<\/p>\n","protected":false},"excerpt":{"rendered":"<p>Con m\u00e1s de 150 kartings en acci\u00f3n se disput\u00f3 la segunda jornada del calendario. A pesar de las complicaciones con el agua, se pudo cumplir todo el programa.<\/p>\n","protected":false},"author":1,"featured_media":43098,"comment_status":"closed","ping_status":"closed","sticky":false,"template":"","format":"standard","meta":{"footnotes":""},"categories":[2038,1982],"tags":[],"class_list":["post-43097","post","type-post","status-publish","format-standard","has-post-thumbnail","hentry","category-medios","category-prokart-neuquino"],"_links":{"self":[{"href":"https:\/\/e-kart.com.ar\/index.php?rest_route=\/wp\/v2\/posts\/43097","targetHints":{"allow":["GET"]}}],"collection":[{"href":"https:\/\/e-kart.com.ar\/index.php?rest_route=\/wp\/v2\/posts"}],"about":[{"href":"https:\/\/e-kart.com.ar\/index.php?rest_route=\/wp\/v2\/types\/post"}],"author":[{"embeddable":true,"href":"https:\/\/e-kart.com.ar\/index.php?rest_route=\/wp\/v2\/users\/1"}],"replies":[{"embeddable":true,"href":"https:\/\/e-kart.com.ar\/index.php?rest_route=%2Fwp%2Fv2%2Fcomments&post=43097"}],"version-history":[{"count":2,"href":"https:\/\/e-kart.com.ar\/index.php?rest_route=\/wp\/v2\/posts\/43097\/revisions"}],"predecessor-version":[{"id":43100,"href":"https:\/\/e-kart.com.ar\/index.php?rest_route=\/wp\/v2\/posts\/43097\/revisions\/43100"}],"wp:featuredmedia":[{"embeddable":true,"href":"https:\/\/e-kart.com.ar\/index.php?rest_route=\/wp\/v2\/media\/43098"}],"wp:attachment":[{"href":"https:\/\/e-kart.com.ar\/index.php?rest_route=%2Fwp%2Fv2%2Fmedia&parent=43097"}],"wp:term":[{"taxonomy":"category","embeddable":true,"href":"https:\/\/e-kart.com.ar\/index.php?rest_route=%2Fwp%2Fv2%2Fcategories&post=43097"},{"taxonomy":"post_tag","embeddable":true,"href":"https:\/\/e-kart.com.ar\/index.php?rest_route=%2Fwp%2Fv2%2Ftags&post=43097"}],"curies":[{"name":"wp","href":"https:\/\/api.w.org\/{rel}","templated":true}]}}