{"id":43093,"date":"2026-03-17T09:02:47","date_gmt":"2026-03-17T12:02:47","guid":{"rendered":"https:\/\/e-kart.com.ar\/?p=43093"},"modified":"2026-03-17T09:02:47","modified_gmt":"2026-03-17T12:02:47","slug":"fueguino-ushuaia-de-fiesta-bajo-la-lluvia","status":"publish","type":"post","link":"https:\/\/e-kart.com.ar\/?p=43093","title":{"rendered":"FUEGUINO: Ushuaia, de fiesta bajo la lluvia"},"content":{"rendered":"\n<p class=\"has-medium-font-size\"><em>El Gran Premio Canoero Catamaranes abri\u00f3 el a\u00f1o para el karting en Ushuaia con el homenaje especial a Miguel Almonacid, pilar de la instituci\u00f3n hace muchos a\u00f1os. La lluvia le puso un tinte especial a la jornada.<\/em><\/p>\n\n\n\n<figure class=\"wp-block-image size-full\"><a href=\"https:\/\/e-kart.com.ar\/wp-content\/uploads\/2026\/03\/foto-29.jpg\"><img loading=\"lazy\" decoding=\"async\" width=\"960\" height=\"524\" src=\"https:\/\/e-kart.com.ar\/wp-content\/uploads\/2026\/03\/foto-29.jpg\" alt=\"\" class=\"wp-image-43094\" srcset=\"https:\/\/e-kart.com.ar\/wp-content\/uploads\/2026\/03\/foto-29.jpg 960w, https:\/\/e-kart.com.ar\/wp-content\/uploads\/2026\/03\/foto-29-300x164.jpg 300w, https:\/\/e-kart.com.ar\/wp-content\/uploads\/2026\/03\/foto-29-768x419.jpg 768w\" sizes=\"auto, (max-width: 960px) 100vw, 960px\" \/><\/a><\/figure>\n\n\n\n<p class=\"has-small-font-size\">Ph. El Diario del Fin del Mundo<\/p>\n\n\n\n<p><br><strong>Ushuaia, Tierra del Fuego.<\/strong> Con m\u00e1s de 35 chasis en pista, contemplando los cadetes, la vuelta firme de la junior, los seniors y los cajeros, el s\u00e1bado tuvo las pruebas libres de 15:00 a 18:00 mientras que el domingo la acci\u00f3n comenz\u00f3 desde las 11:00 con los entrenamientos de diez minutos por divisi\u00f3n, 12:00 con la clasificaci\u00f3n que ocup\u00f3 seis minutos por categor\u00eda y a las 13:00 las series.<\/p>\n\n\n\n<p>Si bien ya se preve\u00eda que la lluvia se har\u00eda presente, siempre estaba la ilusi\u00f3n de que eso no sucediera. No obstante, la precipitaci\u00f3n se dio cita y le agreg\u00f3 un condimento al inicio de la temporada.<\/p>\n\n\n\n<p>En los Cadetes, Nando Gonz\u00e1lez Nieto arranc\u00f3 con todo y se llev\u00f3 la pole position junto a la primera bater\u00eda, pero en la segunda fue relegado a la tercera colocaci\u00f3n, en una serie que qued\u00f3 en poder de Falcone.<\/p>\n\n\n\n<p>Ya en la gran final, una batalla espectacular entre Gonz\u00e1lez Nieto y el \u201cChino\u201d Maidana, termin\u00f3 dando por vencedor al joven piloto de la m\u00e1quina #100 que adem\u00e1s viv\u00eda una fecha muy especial tras el fallecimiento de su padre, miembro de la comisi\u00f3n de la AFK.<\/p>\n\n\n\n<p>En la vuelta de la Junior, todo fue de Juan Cruz Rodriguez, que marc\u00f3 el ritmo desde los entrenamientos y domin\u00f3 la cita inicial de la temporada marcando la pole, venciendo en las dos series y la final por delante de Alessandro Vera con una marcada ventaja.<\/p>\n\n\n\n<p>Victoria, en Senior, de Joaqu\u00edn Pereira con un tiempo 12:17.03 con cinco segundos de ventaja sobre Federico Coronel y una vuelta por sobre Alexis Mendoza quienes terminaron segundo y tercero respectivamente.<\/p>\n\n\n\n<p>El \u201cBurbu\u201d fue el poleman seguido de \u201cChupita\u201d, ya anticipando lo que iba a ser una batalla muy disputada entre ambos debati\u00e9ndose la punta de las series, ambas en poder de Pereira.<\/p>\n\n\n\n<p>Por \u00faltimo, en Cajeros, Agustin Funes con una marca de 12:19.417 se qued\u00f3 con la victoria seguido de Leonardo Gonzalez y Livio Alzogaray, a tres y cuatro segundos respectivamente, despu\u00e9s de un domingo que tuvo a Livio como poleman seguido de Ferni Praussello.<\/p>\n\n\n\n<p>En la primera manga el triunfo fue para Funes que arrebat\u00f3 la punta a los dos m\u00e1s veloces de la qualy y en la segunda no pudo sostener la lucha ante un Livio Alzogaray que gan\u00f3 escoltado de Pipi Gonz\u00e1lez.<\/p>\n\n\n\n<p>La premiaci\u00f3n tuvo como emotivo el homenaje a Miguelito Almonacid, carrera que conmemor\u00f3 su trayectoria y apoyo a la actividad.<\/p>\n\n\n\n<p>El pr\u00f3ximo 18 y 19 de abril se disputar\u00e1 la segunda fecha de la temporada en Rio Grande.<\/p>\n\n\n\n<p><br>Fuente: El Diario del Fin del Mundo (Tierra del Fuego)<\/p>\n","protected":false},"excerpt":{"rendered":"<p>El Gran Premio Canoero Catamaranes abri\u00f3 el a\u00f1o para el karting en Ushuaia con el homenaje especial a Miguel Almonacid, pilar de la instituci\u00f3n hace muchos a\u00f1os. La lluvia le puso un tinte especial a la jornada.<\/p>\n","protected":false},"author":1,"featured_media":43094,"comment_status":"closed","ping_status":"closed","sticky":false,"template":"","format":"standard","meta":{"footnotes":""},"categories":[1985,2038],"tags":[],"class_list":["post-43093","post","type-post","status-publish","format-standard","has-post-thumbnail","hentry","category-fueguino","category-medios"],"_links":{"self":[{"href":"https:\/\/e-kart.com.ar\/index.php?rest_route=\/wp\/v2\/posts\/43093","targetHints":{"allow":["GET"]}}],"collection":[{"href":"https:\/\/e-kart.com.ar\/index.php?rest_route=\/wp\/v2\/posts"}],"about":[{"href":"https:\/\/e-kart.com.ar\/index.php?rest_route=\/wp\/v2\/types\/post"}],"author":[{"embeddable":true,"href":"https:\/\/e-kart.com.ar\/index.php?rest_route=\/wp\/v2\/users\/1"}],"replies":[{"embeddable":true,"href":"https:\/\/e-kart.com.ar\/index.php?rest_route=%2Fwp%2Fv2%2Fcomments&post=43093"}],"version-history":[{"count":1,"href":"https:\/\/e-kart.com.ar\/index.php?rest_route=\/wp\/v2\/posts\/43093\/revisions"}],"predecessor-version":[{"id":43095,"href":"https:\/\/e-kart.com.ar\/index.php?rest_route=\/wp\/v2\/posts\/43093\/revisions\/43095"}],"wp:featuredmedia":[{"embeddable":true,"href":"https:\/\/e-kart.com.ar\/index.php?rest_route=\/wp\/v2\/media\/43094"}],"wp:attachment":[{"href":"https:\/\/e-kart.com.ar\/index.php?rest_route=%2Fwp%2Fv2%2Fmedia&parent=43093"}],"wp:term":[{"taxonomy":"category","embeddable":true,"href":"https:\/\/e-kart.com.ar\/index.php?rest_route=%2Fwp%2Fv2%2Fcategories&post=43093"},{"taxonomy":"post_tag","embeddable":true,"href":"https:\/\/e-kart.com.ar\/index.php?rest_route=%2Fwp%2Fv2%2Ftags&post=43093"}],"curies":[{"name":"wp","href":"https:\/\/api.w.org\/{rel}","templated":true}]}}