{"id":43090,"date":"2026-03-17T07:54:23","date_gmt":"2026-03-17T10:54:23","guid":{"rendered":"https:\/\/e-kart.com.ar\/?p=43090"},"modified":"2026-03-17T07:54:23","modified_gmt":"2026-03-17T10:54:23","slug":"chaqueno-tierra-las-brenas-corono-un-gran-arranque-de-temporada","status":"publish","type":"post","link":"https:\/\/e-kart.com.ar\/?p=43090","title":{"rendered":"CHAQUE\u00d1O TIERRA: Las Bre\u00f1as coron\u00f3 un gran arranque de temporada"},"content":{"rendered":"\n<p class=\"has-medium-font-size\"><em>Aunque la jornada se present\u00f3 gris y con cierta incertidumbre, el Campeonato Provincial de Karting en Tierra logr\u00f3 inaugurar la temporada con un estupendo espect\u00e1culo en las distintas categor\u00edas y un clima a pleno sol en el circuito \u201cOsvaldo Pirul\u00edn Ferrer\u201d, que mostr\u00f3 un buen comportamiento del piso.<\/em><\/p>\n\n\n\n<figure class=\"wp-block-image size-full\"><a href=\"https:\/\/e-kart.com.ar\/wp-content\/uploads\/2026\/03\/kart26-LB1.jpg\"><img loading=\"lazy\" decoding=\"async\" width=\"960\" height=\"524\" src=\"https:\/\/e-kart.com.ar\/wp-content\/uploads\/2026\/03\/kart26-LB1.jpg\" alt=\"\" class=\"wp-image-43091\" srcset=\"https:\/\/e-kart.com.ar\/wp-content\/uploads\/2026\/03\/kart26-LB1.jpg 960w, https:\/\/e-kart.com.ar\/wp-content\/uploads\/2026\/03\/kart26-LB1-300x164.jpg 300w, https:\/\/e-kart.com.ar\/wp-content\/uploads\/2026\/03\/kart26-LB1-768x419.jpg 768w\" sizes=\"auto, (max-width: 960px) 100vw, 960px\" \/><\/a><\/figure>\n\n\n\n<p class=\"has-small-font-size\">Ph. Eco Deportivo<\/p>\n\n\n\n<p><br><strong>Las Bre\u00f1as, Chaco.<\/strong> El saenzpe\u00f1ense Juan Bautista Pellizzari firm\u00f3 su primera victoria en la primera final de \u201cEscuela\u201d, y en la otra triunf\u00f3 el quitilipense Mart\u00edn Mac\u00edas. En la nueva \u201cVarillero 150\u201d el triunfo qued\u00f3 en poder de Teo Iv\u00e1n, de La Clotilde, con muchos pilotos que hicieron su debut tras un gran paso en la categor\u00eda menor, como es el caso del \u00faltimo campe\u00f3n Esteban Rodr\u00edguez.<\/p>\n\n\n\n<p>Adem\u00e1s festejaron Fausto Vicente (Varillero 175) y Jos\u00e9 Garc\u00eda de Iturrospe (Varillero 190), ambos de la Ciudad Termal y en dos de las categor\u00edas m\u00e1s convocantes; y completaron las victorias C\u00e9sar Romero (Kayak 195), de Resistencia, y Gonzalo Linke (Yamaha Internacional) de Coronel Du Graty.<\/p>\n\n\n\n<p>El \u201cGran Premio Ciudad de Las Bre\u00f1as\u201d congreg\u00f3 a 85 m\u00e1quinas durante la jornada central, que a pesar de haber empezado con un cielo encapotado y un piso muy h\u00famedo, termin\u00f3 a pleno sol y ofreciendo grandes espect\u00e1culos ante una buena concurrencia de p\u00fablico en el predio del Inmigrante.<\/p>\n\n\n\n<p>Las autoridades del CPKT se mostraron conformes con la convocatoria de pilotos y de espectadores que obtuvieron en el inicio de una nueva temporada, y anunciaron que la segunda fecha del calendario se trasladar\u00e1 a S\u00e1enz Pe\u00f1a y se correr\u00e1 el fin de semana del 18 y 19 de abril.<\/p>\n\n\n\n<p>En principio, el campeonato tiene previsto cumplir un calendario de 8 fechas, y luego de la presentaci\u00f3n en la Ciudad Termal. Adem\u00e1s ser\u00e1 escenario de algunas competencias el Club Comercio de Santa Sylvina, y se espera que Machagai pueda sumarse.<\/p>\n\n\n\n<p class=\"has-medium-font-size\"><br><strong><mark style=\"background-color:rgba(0, 0, 0, 0)\" class=\"has-inline-color has-luminous-vivid-orange-color\">PRINCIPALES POSICIONES FINALES<\/mark><\/strong><\/p>\n\n\n\n<p><strong>ESCUELA<br>1\u00aa Final:<\/strong> 1. Juan Bautista Pellizzari, 2. Salvador \u00c1lvarez, 3. Mart\u00edn Mac\u00edas, 4. Tiago Coria, 5. Antuan Belich.<br><strong>2\u00aa Final:<\/strong> 1. Mart\u00edn Mac\u00edas, 2. Salvador \u00c1lvarez, 3. Tiago Coria, 4. Benjam\u00edn Codutti, 5. Antuan Belich.<\/p>\n\n\n\n<p><strong>VARILLEROS 150 kg.<br>Final:<\/strong> 1. Teo Iv\u00e1n, 2. Santiago Mac\u00edas, 3. Milo Herasimchuk, 4. Ayrton Kovarick, 5. Esteban Rodr\u00edguez.<\/p>\n\n\n\n<p><strong>VARILLEROS 175 kg.<br>Final:<\/strong> 1. Fausto Vicente, 2. Ignacio Nieto, 3. Genaro Vicente, 4. Lucas Herasimchuk, 5. Ayrton Diancoff.<\/p>\n\n\n\n<p><strong>VARILLEROS 190 kg.<br>Final:<\/strong> 1. Jos\u00e9 Garc\u00eda de Iturrospe, 2. Claudio Lago, 3. Andr\u00e9s Quiroga, 4. Franco Strohschein, 5. Luciano Carlisi.<\/p>\n\n\n\n<p><strong>KAYAK 195 kg.<br>Final:<\/strong> 1. C\u00e9sar Romero, 2. Sebasti\u00e1n Gua\u00f1abens, 3. Javier Nieto, 4. Nicol\u00e1s Parij, 5. Gabriel Pigliacampo.<\/p>\n\n\n\n<p><strong>YAMAHA<br>Final: <\/strong>1. Gonzalo Linke, 2. Joaqu\u00edn Linke, 3. Ignacio Storani, 4. Marcelo Linke, 5. Marcos Mieronchuk.<\/p>\n\n\n\n<p><br>Fuente: Eco Deportivo (Chaco)<\/p>\n","protected":false},"excerpt":{"rendered":"<p>Aunque la jornada se present\u00f3 gris y con cierta incertidumbre, el Campeonato Provincial de Karting en Tierra logr\u00f3 inaugurar la temporada con un estupendo espect\u00e1culo en las distintas categor\u00edas y un clima a pleno sol en el circuito \u201cOsvaldo Pirul\u00edn Ferrer\u201d, que mostr\u00f3 un buen comportamiento del piso.<\/p>\n","protected":false},"author":1,"featured_media":43091,"comment_status":"closed","ping_status":"closed","sticky":false,"template":"","format":"standard","meta":{"footnotes":""},"categories":[2016,2038],"tags":[],"class_list":["post-43090","post","type-post","status-publish","format-standard","has-post-thumbnail","hentry","category-chaqueno-tierra","category-medios"],"_links":{"self":[{"href":"https:\/\/e-kart.com.ar\/index.php?rest_route=\/wp\/v2\/posts\/43090","targetHints":{"allow":["GET"]}}],"collection":[{"href":"https:\/\/e-kart.com.ar\/index.php?rest_route=\/wp\/v2\/posts"}],"about":[{"href":"https:\/\/e-kart.com.ar\/index.php?rest_route=\/wp\/v2\/types\/post"}],"author":[{"embeddable":true,"href":"https:\/\/e-kart.com.ar\/index.php?rest_route=\/wp\/v2\/users\/1"}],"replies":[{"embeddable":true,"href":"https:\/\/e-kart.com.ar\/index.php?rest_route=%2Fwp%2Fv2%2Fcomments&post=43090"}],"version-history":[{"count":1,"href":"https:\/\/e-kart.com.ar\/index.php?rest_route=\/wp\/v2\/posts\/43090\/revisions"}],"predecessor-version":[{"id":43092,"href":"https:\/\/e-kart.com.ar\/index.php?rest_route=\/wp\/v2\/posts\/43090\/revisions\/43092"}],"wp:featuredmedia":[{"embeddable":true,"href":"https:\/\/e-kart.com.ar\/index.php?rest_route=\/wp\/v2\/media\/43091"}],"wp:attachment":[{"href":"https:\/\/e-kart.com.ar\/index.php?rest_route=%2Fwp%2Fv2%2Fmedia&parent=43090"}],"wp:term":[{"taxonomy":"category","embeddable":true,"href":"https:\/\/e-kart.com.ar\/index.php?rest_route=%2Fwp%2Fv2%2Fcategories&post=43090"},{"taxonomy":"post_tag","embeddable":true,"href":"https:\/\/e-kart.com.ar\/index.php?rest_route=%2Fwp%2Fv2%2Ftags&post=43090"}],"curies":[{"name":"wp","href":"https:\/\/api.w.org\/{rel}","templated":true}]}}