{"id":43081,"date":"2026-03-16T22:11:44","date_gmt":"2026-03-17T01:11:44","guid":{"rendered":"https:\/\/e-kart.com.ar\/?p=43081"},"modified":"2026-03-16T22:12:52","modified_gmt":"2026-03-17T01:12:52","slug":"w-lusqtoff-racing-kart-festejado-podio-en-baradero","status":"publish","type":"post","link":"https:\/\/e-kart.com.ar\/?p=43081","title":{"rendered":"WK L\u00dcSQTOFF Racing Kart: Festejado podio en Baradero"},"content":{"rendered":"<p class=\"has-medium-font-size\"><em>El equipo WK L\u00fcsqtoff Racing Kart complet\u00f3 una presentaci\u00f3n positiva en Baradero. La estructura dirigida por Eduardo Viglietti celebr\u00f3 el podio de Leandro Iglesias en Master Max y sum\u00f3 rodaje con el resto de sus pilotos en distintas divisionales.<\/em><\/p>\n<p><img decoding=\"async\" src=\"https:\/\/www.e-kartvirtualpress.com.ar\/eviglietti\/eviglietti_260315ro.jpg\" \/><\/p>\n<p><strong><br \/>\nBaradero, Buenos Aires.<\/strong> Bajo la direcci\u00f3n de Eduardo Viglietti, el equipo <strong>WK L\u00fcsqtoff Racing Kart<\/strong> fue parte del Evento #2 del Trofeo de Verano de RMC Buenos Aires desarrollado el pasado fin de semana en el kart\u00f3dromo \u201cRamiro Tot\u201d de Baradero. La escuadra present\u00f3 a Manuel Ca\u00f1izares en Micro Max, Augusto Gaona en Junior Max, Felipe Balderrama en Senior Max y Leandro Iglesias en Master Max, completando actividad en cuatro divisionales del certamen.<\/p>\n<p>En Micro Max, <strong>Manuel Ca\u00f1izares<\/strong> (N\u00b0320) clasific\u00f3 15\u00b0 y complet\u00f3 las mangas con resultados de P11, P9 y P12. En la Final se vio involucrado en un incidente cuando peleaba por posiciones de top 10 y termin\u00f3 P20.<\/p>\n<p>El joven piloto destac\u00f3 la evoluci\u00f3n mostrada durante el fin de semana: <strong><em>\u201cFue una carrera muy peleada. Clasificamos 15\u00b0 y en las mangas nos mantuvimos cerca del top 10. En la Final ven\u00edamos luchando por el 9\u00b0 lugar hasta que nos chocaron y el karting qued\u00f3 muy da\u00f1ado. Es una l\u00e1stima el resultado, pero dimos un salto de nivel respecto a la fecha pasada\u201d.<\/em><\/strong><\/p>\n<p><img decoding=\"async\" src=\"https:\/\/www.e-kartvirtualpress.com.ar\/eviglietti\/eviglietti_2_260315ro.jpg\" \/><\/p>\n<p>En Junior Max, <strong>Augusto Gaona<\/strong> (N\u00b0133) clasific\u00f3 20\u00b0. En las mangas registr\u00f3 un abandono en la primera, luego P17 y P15, mientras que en la Final cerr\u00f3 su participaci\u00f3n en el P15.<\/p>\n<p>El piloto valor\u00f3 el progreso logrado con el nuevo material: <strong><em>\u201cCon el chasis nuevo (Lenzo Kart) dimos un gran paso, mejor\u00e9 mucho mis tiempos y me acerqu\u00e9 a la punta. Esperaba un poco m\u00e1s, pero igual fue un resultado positivo\u201d.<\/em><\/strong><\/p>\n<p><img decoding=\"async\" src=\"https:\/\/www.e-kartvirtualpress.com.ar\/eviglietti\/eviglietti_3_260315ro.jpg\" \/><\/p>\n<p>En Senior Max,<strong> Felipe Balderrama<\/strong> (N\u00b066) afront\u00f3 un fin de semana exigente en una divisional que reuni\u00f3 a 37 pilotos. Clasific\u00f3 36\u00b0 y luego complet\u00f3 las mangas con resultados de P16, P17 y P16. En la Final finaliz\u00f3 en el P25, cumpliendo el objetivo de completar la competencia.<\/p>\n<p>Tras finalizar la actividad, coment\u00f3: <strong><em>\u201cEra mi primera vez en este circuito y me sorprendi\u00f3 lo r\u00e1pido que es. El domingo el sobrecaucho y la temperatura nos complicaron, pero el objetivo era terminar la carrera y lo logramos. Me voy muy conforme con el trabajo del fin de semana\u201d.<\/em><\/strong><\/p>\n<p><img decoding=\"async\" src=\"https:\/\/www.e-kartvirtualpress.com.ar\/eviglietti\/eviglietti_4_260315ro.jpg\" \/><\/p>\n<p>En Master Max,<strong> Leandro Iglesias<\/strong> (N\u00b0637) tuvo una destacada actuaci\u00f3n en su debut junto al equipo en esta temporada. Clasific\u00f3 6\u00b0 y sostuvo un rendimiento constante en las mangas con resultados de P8, P8 y P4. En la Final logr\u00f3 avanzar hasta el P3 para subir al podio.<\/p>\n<p>Iglesias explic\u00f3 el desarrollo del fin de semana: <strong><em>\u201cFuimos mejorando con algunos cambios desde el viernes. En la clasificaci\u00f3n cometimos un error que nos dej\u00f3 sin nuestra mejor vuelta. El domingo arriesgamos con la puesta a punto y funcion\u00f3 muy bien. Ten\u00edamos potencial para el segundo lugar, pero igual es excelente arrancar con un podio en nuestra primera presentaci\u00f3n junto al equipo y con chasis nuevos\u201d.<\/em><\/strong><\/p>\n<p><img decoding=\"async\" src=\"https:\/\/www.e-kartvirtualpress.com.ar\/eviglietti\/eviglietti_5_260315ro.jpg\" \/><\/p>\n<p>Al analizar el rendimiento general de la estructura, el director <strong>Eduardo Viglietti<\/strong> destac\u00f3 el trabajo realizado durante el fin de semana: <strong><em>\u201cLlegamos el mi\u00e9rcoles para trabajar en los nuevos kartings Lenzo. Leandro tuvo un ritmo impresionante, estuvo a una mil\u00e9sima de llevarse el r\u00e9cord de vuelta. Augusto Gaona tuvo un gran fin de semana en la Junior, que es una categor\u00eda dif\u00edcil. El trabajo de Balderrama tambi\u00e9n fue positivo, pero el peso lo complic\u00f3 un poco. Manu Ca\u00f1izares se mantuvo en el top 10, pero tuvo un choque y perdi\u00f3 todo\u201d.<\/em><\/strong><\/p>\n<p>Por \u00faltimo, mencion\u00f3 a quienes lo acompa\u00f1an en esta empresa: <strong><em>\u201cQuiero agradecer a L\u00fcqstoff por su acompa\u00f1amiento, a Fat Cinco, a Talleres Vitale, a G2M y a todos los miembros del equipo\u201d.<\/em><\/strong><\/p>\n<p>Tras esta presentaci\u00f3n en Baradero, el equipo WK L\u00fcsqtoff Racing Kart contin\u00faa consolidando su estructura dentro del campeonato. La pr\u00f3xima participaci\u00f3n ser\u00e1 el fin de semana del 4 y 5 de abril en el kart\u00f3dromo de la ciudad de Buenos Aires, cuando se dispute el Evento #3 del Trofeo de Verano de RMC Buenos Aires.<\/p>\n<p><img decoding=\"async\" src=\"https:\/\/www.e-kartvirtualpress.com.ar\/eviglietti\/eviglietti_6_260315ro.jpg\" \/><\/p>\n<p>Ph. Lucas Garcia<br \/>\nInform\u00f3: E-Kart Virtual Press<\/p>\n","protected":false},"excerpt":{"rendered":"<p>El equipo WK L\u00fcsqtoff Racing Kart complet\u00f3 una presentaci\u00f3n positiva en Baradero. La estructura dirigida por Eduardo Viglietti celebr\u00f3 el podio de Leandro Iglesias en Master Max y sum\u00f3 rodaje con el resto de sus pilotos en distintas divisionales.<\/p>\n","protected":false},"author":1,"featured_media":43082,"comment_status":"closed","ping_status":"closed","sticky":false,"template":"","format":"standard","meta":{"footnotes":""},"categories":[1948,1955],"tags":[],"class_list":["post-43081","post","type-post","status-publish","format-standard","has-post-thumbnail","hentry","category-pilotos-ekvp","category-rmc-buenos-aires"],"_links":{"self":[{"href":"https:\/\/e-kart.com.ar\/index.php?rest_route=\/wp\/v2\/posts\/43081","targetHints":{"allow":["GET"]}}],"collection":[{"href":"https:\/\/e-kart.com.ar\/index.php?rest_route=\/wp\/v2\/posts"}],"about":[{"href":"https:\/\/e-kart.com.ar\/index.php?rest_route=\/wp\/v2\/types\/post"}],"author":[{"embeddable":true,"href":"https:\/\/e-kart.com.ar\/index.php?rest_route=\/wp\/v2\/users\/1"}],"replies":[{"embeddable":true,"href":"https:\/\/e-kart.com.ar\/index.php?rest_route=%2Fwp%2Fv2%2Fcomments&post=43081"}],"version-history":[{"count":3,"href":"https:\/\/e-kart.com.ar\/index.php?rest_route=\/wp\/v2\/posts\/43081\/revisions"}],"predecessor-version":[{"id":43086,"href":"https:\/\/e-kart.com.ar\/index.php?rest_route=\/wp\/v2\/posts\/43081\/revisions\/43086"}],"wp:featuredmedia":[{"embeddable":true,"href":"https:\/\/e-kart.com.ar\/index.php?rest_route=\/wp\/v2\/media\/43082"}],"wp:attachment":[{"href":"https:\/\/e-kart.com.ar\/index.php?rest_route=%2Fwp%2Fv2%2Fmedia&parent=43081"}],"wp:term":[{"taxonomy":"category","embeddable":true,"href":"https:\/\/e-kart.com.ar\/index.php?rest_route=%2Fwp%2Fv2%2Fcategories&post=43081"},{"taxonomy":"post_tag","embeddable":true,"href":"https:\/\/e-kart.com.ar\/index.php?rest_route=%2Fwp%2Fv2%2Ftags&post=43081"}],"curies":[{"name":"wp","href":"https:\/\/api.w.org\/{rel}","templated":true}]}}