{"id":43078,"date":"2026-03-16T21:29:04","date_gmt":"2026-03-17T00:29:04","guid":{"rendered":"https:\/\/e-kart.com.ar\/?p=43078"},"modified":"2026-03-16T21:29:05","modified_gmt":"2026-03-17T00:29:05","slug":"lguimard-racing-demostraron-que-estan-para-mas","status":"publish","type":"post","link":"https:\/\/e-kart.com.ar\/?p=43078","title":{"rendered":"LGUIMARD Racing: Demostraron que est\u00e1n para m\u00e1s"},"content":{"rendered":"<p class=\"has-medium-font-size\"><em>En Baradero, la estructura dirigida por Leandro Guimard mostr\u00f3 un rendimiento competitivo durante todo el fin de semana, con Sebasti\u00e1n Galeano dominando las mangas en Junior Max y David Alvarez sumando experiencia en la exigente Senior Max.<\/em><\/p>\n<p><img decoding=\"async\" src=\"https:\/\/www.e-kartvirtualpress.com.ar\/lguimard\/lguimard_260315ro.jpg\" \/><\/p>\n<p><strong><br \/>\nBaradero, Buenos Aires.<\/strong> Bajo la direcci\u00f3n de Leandro Guimard, el equipo<strong> LGuimard Racing<\/strong> fue parte del Evento #2 del Trofeo de Verano de RMC Buenos Aires desarrollado el pasado fin de semana en el kart\u00f3dromo \u201cRamiro Tot\u201d de Baradero. La escuadra present\u00f3 a los pilotos paraguayos Sebasti\u00e1n Galeano en la clase Junior Max y David \u00c1lvarez en la divisional Senior Max, representando al equipo en una nueva fecha del certamen.<\/p>\n<p>En Junior Max, <strong>Sebasti\u00e1n Galeano<\/strong> (N\u00b0105) comenz\u00f3 el fin de semana con un rendimiento muy s\u00f3lido. Se ubic\u00f3 2\u00b0 en la clasificaci\u00f3n y domin\u00f3 las dos primeras mangas al quedarse con el P1 en ambas competencias. En la tercera manga finaliz\u00f3 P10 luego de un incidente en pista y en la Final debi\u00f3 abandonar en las primeras vueltas. A pesar del resultado adverso en la carrera decisiva, el piloto paraguayo dej\u00f3 en claro el potencial de su conjunto durante gran parte del evento.<\/p>\n<p><strong><em>\u201cEl s\u00e1bado fue un d\u00eda positivo, pero el domingo no tanto. Comenzamos el fin de semana con una buena clasificaci\u00f3n. Las mangas tambi\u00e9n fueron positivas, fueron divertidas de correr. El domingo no tuvimos suerte. En la tercera manga me chocaron y me eliminaron de la carrera. En la final tuve un choque y el escape se rompi\u00f3\u201d.<\/em><\/strong><\/p>\n<p><img decoding=\"async\" src=\"https:\/\/www.e-kartvirtualpress.com.ar\/lguimard\/lguimard_2_260315ro.jpg\" \/><\/p>\n<p>En Senior Max, <strong>David Alvarez<\/strong> (N\u00b034) afront\u00f3 un fin de semana exigente dentro de un parque numeroso de pilotos que oblig\u00f3 a dividir las mangas en grupos. Marc\u00f3 el 31\u00b0 registro en clasificaci\u00f3n y luego complet\u00f3 las mangas con resultados de P14, P15 y P19. En la Final logr\u00f3 sostener un buen ritmo en carrera, aunque posteriormente no super\u00f3 la revisi\u00f3n t\u00e9cnica por peso.<\/p>\n<p>Al momento de analizar el rendimiento general del equipo, el director <strong>Leandro Guimard<\/strong> valor\u00f3 el trabajo realizado durante el fin de semana y el potencial demostrado por sus pilotos: <strong><em>\u201cFue un buen fin de semana, pero no pudimos reflejarlo en los resultados. Seba gan\u00f3 ambas mangas, pero qued\u00f3 afuera de la final. Hab\u00eda largado 2\u00b0, pero se sali\u00f3 el silenciador del escape y se termin\u00f3 su carrera. Es lamentable, claramente ten\u00edamos lo necesario para ganar la carrera. Hicimos algunos cambios para la final, y a pesar de no tener el silenciador, nos mantuvimos cerca en todo momento, nunca nos hicieron una diferencia\u201d. <\/em><\/strong><\/p>\n<p><img decoding=\"async\" src=\"https:\/\/www.e-kartvirtualpress.com.ar\/lguimard\/lguimard_3_260315ro.jpg\" \/><\/p>\n<p>Con este paso por el circuito de Baradero, el equipo LGuimard Racing volvi\u00f3 a mostrar competitividad en distintas divisionales del campeonato. La estructura ya se prepara para su pr\u00f3xima presentaci\u00f3n que ser\u00e1 en el kart\u00f3dromo \u2018Sudamericano\u2019 de Sunchlaes, junto a RMC Grand National, en su segunda presentaci\u00f3n de la temporada, el fin de semana pr\u00f3ximo del 21 y 22 de marzo.<\/p>\n<p>Ph. Lucas Garcia<br \/>\nInform\u00f3: E-Kart Virtual Press<\/p>\n","protected":false},"excerpt":{"rendered":"<p>En Baradero, la estructura dirigida por Leandro Guimard mostr\u00f3 un rendimiento competitivo durante todo el fin de semana, con Sebasti\u00e1n Galeano dominando las mangas en Junior Max y David Alvarez sumando experiencia en la exigente Senior Max.<\/p>\n","protected":false},"author":1,"featured_media":43079,"comment_status":"closed","ping_status":"closed","sticky":false,"template":"","format":"standard","meta":{"footnotes":""},"categories":[1948,1955],"tags":[],"class_list":["post-43078","post","type-post","status-publish","format-standard","has-post-thumbnail","hentry","category-pilotos-ekvp","category-rmc-buenos-aires"],"_links":{"self":[{"href":"https:\/\/e-kart.com.ar\/index.php?rest_route=\/wp\/v2\/posts\/43078","targetHints":{"allow":["GET"]}}],"collection":[{"href":"https:\/\/e-kart.com.ar\/index.php?rest_route=\/wp\/v2\/posts"}],"about":[{"href":"https:\/\/e-kart.com.ar\/index.php?rest_route=\/wp\/v2\/types\/post"}],"author":[{"embeddable":true,"href":"https:\/\/e-kart.com.ar\/index.php?rest_route=\/wp\/v2\/users\/1"}],"replies":[{"embeddable":true,"href":"https:\/\/e-kart.com.ar\/index.php?rest_route=%2Fwp%2Fv2%2Fcomments&post=43078"}],"version-history":[{"count":1,"href":"https:\/\/e-kart.com.ar\/index.php?rest_route=\/wp\/v2\/posts\/43078\/revisions"}],"predecessor-version":[{"id":43080,"href":"https:\/\/e-kart.com.ar\/index.php?rest_route=\/wp\/v2\/posts\/43078\/revisions\/43080"}],"wp:featuredmedia":[{"embeddable":true,"href":"https:\/\/e-kart.com.ar\/index.php?rest_route=\/wp\/v2\/media\/43079"}],"wp:attachment":[{"href":"https:\/\/e-kart.com.ar\/index.php?rest_route=%2Fwp%2Fv2%2Fmedia&parent=43078"}],"wp:term":[{"taxonomy":"category","embeddable":true,"href":"https:\/\/e-kart.com.ar\/index.php?rest_route=%2Fwp%2Fv2%2Fcategories&post=43078"},{"taxonomy":"post_tag","embeddable":true,"href":"https:\/\/e-kart.com.ar\/index.php?rest_route=%2Fwp%2Fv2%2Ftags&post=43078"}],"curies":[{"name":"wp","href":"https:\/\/api.w.org\/{rel}","templated":true}]}}