{"id":43072,"date":"2026-03-16T20:42:32","date_gmt":"2026-03-16T23:42:32","guid":{"rendered":"https:\/\/e-kart.com.ar\/?p=43072"},"modified":"2026-03-16T20:42:33","modified_gmt":"2026-03-16T23:42:33","slug":"i-diaz-quaglia-en-su-paso-por-baradero-cerro-en-el-topten","status":"publish","type":"post","link":"https:\/\/e-kart.com.ar\/?p=43072","title":{"rendered":"I.D\u00cdAZ QUAGLIA: En su paso por Baradero, cerr\u00f3 en el TopTen"},"content":{"rendered":"<p class=\"has-medium-font-size\"><em>Ignacio D\u00edaz Quaglia complet\u00f3 una s\u00f3lida actuaci\u00f3n en el Evento #2 del Trofeo de Verano, en Baradero. En su segunda presentaci\u00f3n en la Senior Max, el piloto de Monte Buey cerr\u00f3 la Final en el P10, sosteni\u00e9ndose entre los protagonistas de una divisional numerosa y competitiva.<\/em><\/p>\n<p><img decoding=\"async\" src=\"https:\/\/www.e-kartvirtualpress.com.ar\/idiaz2\/idiaz2_260315ro.jpg\"><\/p>\n<p><strong><br \/>Baradero, Buenos Aires.<\/strong> Con un exigente parque cercano a los 40 competidores en la clase Senior Max, Ignacio D\u00edaz Quaglia fue parte del Evento #2 del Trofeo de Verano de RMC Buenos Aires disputado el pasado fin de semana en el kart\u00f3dromo \u201cRamiro Tot\u201d de Baradero. El piloto de Monte Buey, C\u00f3rdoba, afront\u00f3 este compromiso dentro de una de las divisionales m\u00e1s competitivas del certamen, donde logr\u00f3 instalar su protagonismo y cerrar el evento dentro del Top 10 de la Final.<\/p>\n<p>La jornada del s\u00e1bado comenz\u00f3 con la clasificaci\u00f3n general, donde D\u00edaz Quaglia marc\u00f3 el 20\u00b0 registro dentro de la nutrida divisional. Integrando el Grupo B, afront\u00f3 luego las dos mangas del d\u00eda. <br \/>\n          En la primera bater\u00eda logr\u00f3 avanzar posiciones para completar la carrera en el P7 tras haber largado desde el d\u00e9cimo caj\u00f3n de la grilla. En la segunda competencia se vio involucrado en varios roces que condicionaron su progreso, finalizando en el P10 tras los recargos aplicados en el clasificador. <\/p>\n<p>Al concluir la actividad sabatina, el piloto cordob\u00e9s analiz\u00f3 lo sucedido durante las primeras etapas del fin de semana: <strong><em>\u201cEn los entrenamientos tuvimos un ritmo contundente, manteni\u00e9ndonos delante de la mitad de pelot\u00f3n. Tuvimos una buena clasificaci\u00f3n. Nos falt\u00f3 un poco por pulir, pero fue una clasificaci\u00f3n positiva. Largamos 10\u00b0 la primera manga y llegamos 7\u00b0 con buen ritmo. En la segunda manga nos enredamos mucho, tuvimos un par de toques y quedamos 12\/13\u00b0. Con los recargos, mejoramos algo en el clasificador. Tenemos buen material para ma\u00f1ana (domingo)\u201d.<\/em><\/strong><\/p>\n<p>El domingo se disputaron las instancias decisivas del evento. En la tercera manga finaliz\u00f3 en el 10\u00b0 lugar. En la carrera definitoria larg\u00f3 desde el P17 y protagoniz\u00f3 una buena recuperaci\u00f3n en pista, avanzando posiciones hasta cerrar nuevamente con un P10 tras una carrera muy disputada.<\/p>\n<p><img decoding=\"async\" src=\"https:\/\/www.e-kartvirtualpress.com.ar\/idiaz2\/idiaz2_3_260315ro.jpg\"><\/p>\n<p>Concluida toda la actividad del segundo evento de la temporada, D\u00edaz Quaglia explic\u00f3 su balance del d\u00eda y destac\u00f3 el ritmo conseguido en carrera: <strong><em>\u201cTerminamos muy bien. En la manga nos complicamos un poco, fue una carrera enredada, terminamos en el 10\u00b0 puesto. Estamos conformes porque pudimos terminar y sumar para el promedio y ubicarnos en la grilla de la Final. Largamos 17\u00b0 la final. Esta fue una carrera muy peleada y avanzamos a pesar de eso. Conseguimos girar con buenos tiempos y mantener el ritmo. Estamos contentos por el trabajo, todav\u00eda tenemos cosas por pulir\u201d.<\/em><\/strong><\/p>\n<p>Al concluir su participaci\u00f3n en esta fecha del campeonato, el piloto de Monte Buey dedic\u00f3 unas palabras de agradecimiento a quienes lo acompa\u00f1an en su campa\u00f1a deportiva: <strong><em>\u201cQuiero agradecer a todo el equipo RCK Kosmic, a mi mec\u00e1nico, a Axion Team, a Kinesis, a Viviana Sabga, a toda mi familia, especialmente a mis padres y a mis sponsors: Roggiro Aceros, AAXOD Servicios A\u00e9reos, La Columbia Servicios Agropecuarios y Colmenas Don Pablo por su apoyo constante\u201d.<\/em><\/strong><\/p>\n<p>Luego de su trabajo en Baradero, Ignacio D\u00edaz Quaglia complet\u00f3 el evento ubic\u00e1ndose en el P22 del campeonato de la Senior Max, con 37 puntos. La actividad del certamen continuar\u00e1 el fin de semana del 4 y 5 de abril cuando se dispute el Evento #3 del Trofeo de Verano en el kart\u00f3dromo \u201cCiudad de Buenos Aires\u201d, en CABA.<\/p>\n<p><img decoding=\"async\" src=\"https:\/\/www.e-kartvirtualpress.com.ar\/idiaz2\/idiaz2_2_260315ro.jpg\"><\/p>\n<p>Ph. Lucas Garcia<br \/>Inform\u00f3: E-Kart Virtual Press<\/p>\n","protected":false},"excerpt":{"rendered":"<p>Ignacio D\u00edaz Quaglia complet\u00f3 una s\u00f3lida actuaci\u00f3n en el Evento #2 del Trofeo de Verano, en Baradero. En su segunda presentaci\u00f3n en la Senior Max, el piloto de Monte Buey cerr\u00f3 la Final en el P10, sosteni\u00e9ndose entre los protagonistas de una divisional numerosa y competitiva.<\/p>\n","protected":false},"author":1,"featured_media":43073,"comment_status":"closed","ping_status":"closed","sticky":false,"template":"","format":"standard","meta":{"footnotes":""},"categories":[1948,1955],"tags":[],"class_list":["post-43072","post","type-post","status-publish","format-standard","has-post-thumbnail","hentry","category-pilotos-ekvp","category-rmc-buenos-aires"],"_links":{"self":[{"href":"https:\/\/e-kart.com.ar\/index.php?rest_route=\/wp\/v2\/posts\/43072","targetHints":{"allow":["GET"]}}],"collection":[{"href":"https:\/\/e-kart.com.ar\/index.php?rest_route=\/wp\/v2\/posts"}],"about":[{"href":"https:\/\/e-kart.com.ar\/index.php?rest_route=\/wp\/v2\/types\/post"}],"author":[{"embeddable":true,"href":"https:\/\/e-kart.com.ar\/index.php?rest_route=\/wp\/v2\/users\/1"}],"replies":[{"embeddable":true,"href":"https:\/\/e-kart.com.ar\/index.php?rest_route=%2Fwp%2Fv2%2Fcomments&post=43072"}],"version-history":[{"count":1,"href":"https:\/\/e-kart.com.ar\/index.php?rest_route=\/wp\/v2\/posts\/43072\/revisions"}],"predecessor-version":[{"id":43074,"href":"https:\/\/e-kart.com.ar\/index.php?rest_route=\/wp\/v2\/posts\/43072\/revisions\/43074"}],"wp:featuredmedia":[{"embeddable":true,"href":"https:\/\/e-kart.com.ar\/index.php?rest_route=\/wp\/v2\/media\/43073"}],"wp:attachment":[{"href":"https:\/\/e-kart.com.ar\/index.php?rest_route=%2Fwp%2Fv2%2Fmedia&parent=43072"}],"wp:term":[{"taxonomy":"category","embeddable":true,"href":"https:\/\/e-kart.com.ar\/index.php?rest_route=%2Fwp%2Fv2%2Fcategories&post=43072"},{"taxonomy":"post_tag","embeddable":true,"href":"https:\/\/e-kart.com.ar\/index.php?rest_route=%2Fwp%2Fv2%2Ftags&post=43072"}],"curies":[{"name":"wp","href":"https:\/\/api.w.org\/{rel}","templated":true}]}}