{"id":43066,"date":"2026-03-16T20:07:30","date_gmt":"2026-03-16T23:07:30","guid":{"rendered":"https:\/\/e-kart.com.ar\/?p=43066"},"modified":"2026-03-16T20:07:31","modified_gmt":"2026-03-16T23:07:31","slug":"a-lestard-cerca-del-podio-en-baradero","status":"publish","type":"post","link":"https:\/\/e-kart.com.ar\/?p=43066","title":{"rendered":"A.LESTARD: Cerca del podio en Baradero"},"content":{"rendered":"<p class=\"has-medium-font-size\"><em>Alfredo Lestard volvi\u00f3 a ser protagonsita de la Micro Max en el Evento #2 RMC Buenos Aires. El piloto de Salta Capital confirm\u00f3 el gran progreso evidenciado esta temporada y, tras verse relegado en la \u00faltima manga por un toque, logr\u00f3 recuperarse en la Final para cerrar en el P6.<\/em><\/p>\n<p><img decoding=\"async\" src=\"https:\/\/www.e-kartvirtualpress.com.ar\/alestard\/alestard_260315ro.jpg\"><\/p>\n<p><strong><br \/>Baradero, Buenos Aires.<\/strong> El Evento #2 del Trofeo de Verano de RMC Buenos Aires se disput\u00f3 el pasado fin de semana en el kart\u00f3dromo \u201cRamiro Tot\u201d de Baradero, donde Alfredo Lestard compiti\u00f3 dentro de la clase Micro Max. El joven piloto de Salta Capital volvi\u00f3 a mostrarse firme en la divisional formativa, manteni\u00e9ndose en la disputa de los puestos de adelante y ratificando la evoluci\u00f3n en ritmo y rendimiento respecto de sus presentaciones de la temporada pasada.<\/p>\n<p>La actividad del s\u00e1bado comenz\u00f3 con la clasificaci\u00f3n, donde Lestard marc\u00f3 el 6\u00b0 tiempo. Luego afront\u00f3 las dos mangas iniciales del evento. En la primera finaliz\u00f3 en el P9, mientras que en la segunda logr\u00f3 mejorar su desempe\u00f1o para completar la competencia en el P6, manteni\u00e9ndose dentro del grupo que disputaba las posiciones principales.<\/p>\n<p>Al concluir la jornada sabatina, el joven piloto salte\u00f1o analiz\u00f3 lo ocurrido en pista: <strong><em>\u201cComenzamos el fin de semana girando bastante lento. En la \u00faltima tanda del viernes pudimos encontrarnos con el circuito y lograr un buen tiempo. El s\u00e1bado fuimos r\u00e1pidos y giramos cerca de la punta. Comparado al a\u00f1o pasado, pegamos un gran salto. Tenemos que seguir trabajando, necesitamos mantener las posiciones\u201d.<\/em><\/strong><\/p>\n<p>El domingo se disputaron las instancias finales del evento. En la tercera manga un toque lo releg\u00f3 hasta el P17 en el clasificador, resultado que condicion\u00f3 su ubicaci\u00f3n de largada para la carrera decisiva. En la Final logr\u00f3 recuperarse con una buena remontada para completar la competencia en el P6, avanzando y cerrando el fin de semana nuevamente dentro del grupo de punta. <\/p>\n<p><img decoding=\"async\" src=\"https:\/\/www.e-kartvirtualpress.com.ar\/alestard\/alestard_3_260315ro.jpg\"><\/p>\n<p>Tras la carrera, Lestard comparti\u00f3 su balance de la jornada: <strong><em>\u201cLargamos 10\u00b0 la final porque nos tiraron afuera en la \u00faltima manga. Eso nos priv\u00f3 de conseguir el resultado que quer\u00edamos. En la final logramos avanzar 3 lugares. Vamos a seguir trabajando para la pr\u00f3xima fecha. Tenemos que ganar m\u00e1s experiencia en el circuito para mejorar los tiempos\u201d.<\/em><\/strong><\/p>\n<p>Antes de despedirse del circuito de Baradero, el piloto salte\u00f1o dedic\u00f3 unas palabras de agradecimiento a quienes lo acompa\u00f1an en su campa\u00f1a deportiva: <strong><em>\u201cQuiero agradecer a mi familia que siempre me da su apoyo, a mi equipo Calkev, a Juan Manuel Quevedo, a Mart\u00edn Amestoy, a Stefan Crotto, a Federico Sfreddo de Suyser Racing, y a los sponsors: La Rotonda Mayorista, Do\u00f1a Bertina, Letoc Desarrollos y Yari Snacks\u201d.<\/em><\/strong><\/p>\n<p>Luego de esta competencia en el trazado bonaerense, Alfredo Lestard se ubica en el P7 del campeonato de la clase Micro Max con 81 puntos acumulados. La pr\u00f3xima competencia de RMC Buenos Aires ser\u00e1 el fin de semana del 4 y 5 de abril cuando se dispute el Evento #3 del Trofeo de Verano en el kart\u00f3dromo \u201cCiudad de Buenos Aires\u201d, en CABA.<\/p>\n<p><img decoding=\"async\" src=\"https:\/\/www.e-kartvirtualpress.com.ar\/alestard\/alestard_2_260315ro.jpg\"><\/p>\n<p>Ph. Lucas Garcia<br \/>Inform\u00f3: E-Kart Virtual Press<\/p>\n","protected":false},"excerpt":{"rendered":"<p>Alfredo Lestard volvi\u00f3 a ser protagonsita de la Micro Max en el Evento #2 RMC Buenos Aires. El piloto de Salta Capital confirm\u00f3 el gran progreso evidenciado esta temporada y, tras verse relegado en la \u00faltima manga por un toque, logr\u00f3 recuperarse en la Final para cerrar en el P6.<\/p>\n","protected":false},"author":1,"featured_media":43067,"comment_status":"closed","ping_status":"closed","sticky":false,"template":"","format":"standard","meta":{"footnotes":""},"categories":[1948,1955],"tags":[],"class_list":["post-43066","post","type-post","status-publish","format-standard","has-post-thumbnail","hentry","category-pilotos-ekvp","category-rmc-buenos-aires"],"_links":{"self":[{"href":"https:\/\/e-kart.com.ar\/index.php?rest_route=\/wp\/v2\/posts\/43066","targetHints":{"allow":["GET"]}}],"collection":[{"href":"https:\/\/e-kart.com.ar\/index.php?rest_route=\/wp\/v2\/posts"}],"about":[{"href":"https:\/\/e-kart.com.ar\/index.php?rest_route=\/wp\/v2\/types\/post"}],"author":[{"embeddable":true,"href":"https:\/\/e-kart.com.ar\/index.php?rest_route=\/wp\/v2\/users\/1"}],"replies":[{"embeddable":true,"href":"https:\/\/e-kart.com.ar\/index.php?rest_route=%2Fwp%2Fv2%2Fcomments&post=43066"}],"version-history":[{"count":1,"href":"https:\/\/e-kart.com.ar\/index.php?rest_route=\/wp\/v2\/posts\/43066\/revisions"}],"predecessor-version":[{"id":43068,"href":"https:\/\/e-kart.com.ar\/index.php?rest_route=\/wp\/v2\/posts\/43066\/revisions\/43068"}],"wp:featuredmedia":[{"embeddable":true,"href":"https:\/\/e-kart.com.ar\/index.php?rest_route=\/wp\/v2\/media\/43067"}],"wp:attachment":[{"href":"https:\/\/e-kart.com.ar\/index.php?rest_route=%2Fwp%2Fv2%2Fmedia&parent=43066"}],"wp:term":[{"taxonomy":"category","embeddable":true,"href":"https:\/\/e-kart.com.ar\/index.php?rest_route=%2Fwp%2Fv2%2Fcategories&post=43066"},{"taxonomy":"post_tag","embeddable":true,"href":"https:\/\/e-kart.com.ar\/index.php?rest_route=%2Fwp%2Fv2%2Ftags&post=43066"}],"curies":[{"name":"wp","href":"https:\/\/api.w.org\/{rel}","templated":true}]}}