{"id":43060,"date":"2026-03-16T19:51:53","date_gmt":"2026-03-16T22:51:53","guid":{"rendered":"https:\/\/e-kart.com.ar\/?p=43060"},"modified":"2026-03-16T19:51:54","modified_gmt":"2026-03-16T22:51:54","slug":"p-tacchella-llego-el-esperado-podio-en-buenos-aires","status":"publish","type":"post","link":"https:\/\/e-kart.com.ar\/?p=43060","title":{"rendered":"P.TACCHELLA: Lleg\u00f3 el esperado podio en Buenos Aires"},"content":{"rendered":"<p class=\"has-medium-font-size\"><em>Con una impresionante trepada en Baradero, Pablo Tacchella lleg\u00f3 al podio en el Evento #2 de RMC Buenos Aires. El piloto de San Miguel de Tucum\u00e1n avanz\u00f3 desde el fondo en la Final de la Junior Max y alcanz\u00f3 el podio con el P3 en el clasificador oficial.<\/em><\/p>\n<p><img decoding=\"async\" src=\"https:\/\/www.e-kartvirtualpress.com.ar\/ptacchella\/ptacchella_260315ro.jpg\"><\/p>\n<p><strong><br \/>Baradero, Buenos Aires.<\/strong> El Trofeo de Verano de RMC Buenos Aires disput\u00f3 su Evento #2 el pasado fin de semana en el kart\u00f3dromo \u201cRamiro Tot\u201d de Baradero, donde particip\u00f3 Pablo Tacchella dentro de la clase Junior Max. El piloto de San Miguel de Tucum\u00e1n fue parte del nutrido parque de esta divisional en una nueva fecha del certamen, en la que logr\u00f3 destacarse con una gran recuperaci\u00f3n en la carrera decisiva.<\/p>\n<p>La actividad del s\u00e1bado comenz\u00f3 con la clasificaci\u00f3n, donde Tacchella marc\u00f3 el 9\u00b0 tiempo en una sesi\u00f3n muy ajustada. Luego se disputaron las mangas iniciales del evento. En la primera no logr\u00f3 completar vueltas tras recibir un toque que lo dej\u00f3 fuera de carrera. En la segunda competencia una largada poco favorable, lo releg\u00f3 al fondo del pelot\u00f3n, desde donde consigui\u00f3 recuperarse para finalizar en el P8. <\/p>\n<p>Tras cerrar esta primera jornada, el piloto tucumano explic\u00f3 lo ocurrido durante el d\u00eda:<strong><em> \u201cArrancamos los entrenamientos bastante lejos de la punta. Pudimos mejorar mucho durante el s\u00e1bado y, en una clasificaci\u00f3n muy ajustada, terminamos 9\u00b0. No pude aprovechar la primera manga, tuvimos un toque de atr\u00e1s y quedamos fuera de la carrera. En la segunda manga tuvimos una mala largada que nos dej\u00f3 en el fondo. Terminamos un s\u00e1bado dif\u00edcil, pero confiamos en que tenemos un auto ideal para avanzar el domingo\u201d.<\/em><\/strong><\/p>\n<p>El domingo se desarrollaron las competencias decisivas del evento. En la tercera manga larg\u00f3 desde el P9 y logr\u00f3 acomodarse r\u00e1pidamente en los puestos de adelante, aunque un incidente en pista y posteriormente un trompo lo relegaron hasta finalizar en el P16. En la Final, partiendo desde el P16, protagoniz\u00f3 una gran remontada que lo llev\u00f3 a avanzar posiciones hasta cerrar la carrera en el P4 en pista. Posteriormente, un recargo aplicado a un competidor que lo preced\u00eda en el clasificador le permiti\u00f3 ascender al P3 y festejar en el podio. <\/p>\n<p><img decoding=\"async\" src=\"https:\/\/www.e-kartvirtualpress.com.ar\/ptacchella\/ptacchella_3_260315ro.jpg\"><\/p>\n<p>Al concluir la actividad del fin de semana, Tacchella analiz\u00f3 lo sucedido en pista: <strong><em>\u00abEl domingo tuvimos un buen warm up, quedando 3\u00b0 a dos d\u00e9cimas de la punta. En la tercera manga largamos 9\u00b0 y nos acomodamos en el 4\u00b0 lugar. Pudimos avanzar hasta el 3\u00b0 puesto, pero hubo un choque m\u00e1s adelante que no logramos esquivar y retrocedimos hasta el 6\u00b0. Pudimos remontar y recuperar el 3\u00b0 lugar, pero por un error hicimos un trompo y terminamos en el fondo. En la Final largamos 16\u00b0, llegamos al 6\u00b0 puesto y nos pasaron. Luego hubo un trompo delante que nos dej\u00f3 en el 5\u00b0 lugar. Seguimos avanzando y terminamos 4\u00b0 en pista, pero por un recargo al que termin\u00f3 2\u00b0, llegamos al podio. Me voy muy contento con el resultado y con cosas para mejorar: me quedo un poco amargado por el trompo en la manga\u201d.<\/em><\/strong><\/p>\n<p>Antes de despedirse del circuito de Baradero, Tacchella dedic\u00f3 unas palabras de agradecimiento a quienes lo acompa\u00f1an en su actividad deportiva:<strong><em> \u201cQuiero agradecer especialmente a mi pap\u00e1 que me pudo acompa\u00f1ar en esta carrera, a mi mam\u00e1, a toda mi familia, a Adri\u00e1n Gonz\u00e1lez, al equipo Ponja Racing, al equipo Asat Racing, a Hugo Asat, a Jere y a Movimientos Especiales Tacchella\u201d.<\/em><\/strong><\/p>\n<p>Con esta presentaci\u00f3n en Baradero, Pablo Tacchella se ubica moment\u00e1neamente en el P4 del campeonato de la clase Junior Max con 101 puntos acumulados. La pr\u00f3xima fecha del torneo se disputar\u00e1 el fin de semana del 4 y 5 de abril con el Evento #3 del Trofeo de Verano en el kart\u00f3dromo \u201cCiudad de Buenos Aires\u201d, en CABA.<\/p>\n<p><img decoding=\"async\" src=\"https:\/\/www.e-kartvirtualpress.com.ar\/ptacchella\/ptacchella_2_260315ro.jpg\"><\/p>\n<p>Ph. Lucas Garcia<br \/>Inform\u00f3: E-Kart Virtual Press<\/p>\n","protected":false},"excerpt":{"rendered":"<p>Con una impresionante trepada en Baradero, Pablo Tacchella lleg\u00f3 al podio en el Evento #2 de RMC Buenos Aires. El piloto de San Miguel de Tucum\u00e1n avanz\u00f3 desde el fondo en la Final de la Junior Max y alcanz\u00f3 el podio con el P3 en el clasificador oficial.<\/p>\n","protected":false},"author":1,"featured_media":43061,"comment_status":"closed","ping_status":"closed","sticky":false,"template":"","format":"standard","meta":{"footnotes":""},"categories":[1948,1955],"tags":[],"class_list":["post-43060","post","type-post","status-publish","format-standard","has-post-thumbnail","hentry","category-pilotos-ekvp","category-rmc-buenos-aires"],"_links":{"self":[{"href":"https:\/\/e-kart.com.ar\/index.php?rest_route=\/wp\/v2\/posts\/43060","targetHints":{"allow":["GET"]}}],"collection":[{"href":"https:\/\/e-kart.com.ar\/index.php?rest_route=\/wp\/v2\/posts"}],"about":[{"href":"https:\/\/e-kart.com.ar\/index.php?rest_route=\/wp\/v2\/types\/post"}],"author":[{"embeddable":true,"href":"https:\/\/e-kart.com.ar\/index.php?rest_route=\/wp\/v2\/users\/1"}],"replies":[{"embeddable":true,"href":"https:\/\/e-kart.com.ar\/index.php?rest_route=%2Fwp%2Fv2%2Fcomments&post=43060"}],"version-history":[{"count":1,"href":"https:\/\/e-kart.com.ar\/index.php?rest_route=\/wp\/v2\/posts\/43060\/revisions"}],"predecessor-version":[{"id":43062,"href":"https:\/\/e-kart.com.ar\/index.php?rest_route=\/wp\/v2\/posts\/43060\/revisions\/43062"}],"wp:featuredmedia":[{"embeddable":true,"href":"https:\/\/e-kart.com.ar\/index.php?rest_route=\/wp\/v2\/media\/43061"}],"wp:attachment":[{"href":"https:\/\/e-kart.com.ar\/index.php?rest_route=%2Fwp%2Fv2%2Fmedia&parent=43060"}],"wp:term":[{"taxonomy":"category","embeddable":true,"href":"https:\/\/e-kart.com.ar\/index.php?rest_route=%2Fwp%2Fv2%2Fcategories&post=43060"},{"taxonomy":"post_tag","embeddable":true,"href":"https:\/\/e-kart.com.ar\/index.php?rest_route=%2Fwp%2Fv2%2Ftags&post=43060"}],"curies":[{"name":"wp","href":"https:\/\/api.w.org\/{rel}","templated":true}]}}