{"id":43057,"date":"2026-03-16T19:19:00","date_gmt":"2026-03-16T22:19:00","guid":{"rendered":"https:\/\/e-kart.com.ar\/?p=43057"},"modified":"2026-03-16T19:19:00","modified_gmt":"2026-03-16T22:19:00","slug":"b-cabarcos-cerro-la-segunda-entre-los-ocho-mejores","status":"publish","type":"post","link":"https:\/\/e-kart.com.ar\/?p=43057","title":{"rendered":"B.CABARCOS: Cerr\u00f3 la segunda entre los ocho mejores"},"content":{"rendered":"<p class=\"has-medium-font-size\"><em>El volante de Arrecifes, Benjam\u00edn Cabarcos, complet\u00f3 el Evento #2 de RMC Buenos Aires, con el P8 en la Final de la Mini Max. Los roces sufridos en las mangas del s\u00e1bado condicionaron su progreso durante el fin de semana en Baradero.<\/em><\/p>\n<p><img decoding=\"async\" src=\"https:\/\/www.e-kartvirtualpress.com.ar\/bcabarcos\/bcabarcos_260315ro.jpg\"><\/p>\n<p><strong><br \/>Baradero, Buenos Aires.<\/strong> Benjamin Cabarcos volvi\u00f3 a pista para el Evento #2 del Trofeo de Verano de RMC Buenos Aires, desarrollado el pasado fin de semana en el kart\u00f3dromo \u201cRamiro Tot\u201d de Baradero. El representante de Arrecifes, Buenos Aires, compiti\u00f3 dentro de la clase Mini Max en esta nueva cita del campeonato.<\/p>\n<p>La actividad sabatina comenz\u00f3 con la clasificaci\u00f3n, donde Cabarcos registr\u00f3 el 7\u00b0 tiempo. M\u00e1s tarde se disputaron las dos mangas del d\u00eda. En la primera competencia finaliz\u00f3 en el P11 luego de verse perjudicado por un toque que lo llev\u00f3 a perder varias posiciones. En la segunda manga volvi\u00f3 a verse condicionado por un incidente al intentar evitar un contacto, situaci\u00f3n que lo releg\u00f3 al P10 en el clasificador. <\/p>\n<p>Tras completar esta primera jornada, el piloto de Arrecifes coment\u00f3 lo sucedido en pista: <strong><em>\u201cTuvimos una clasificaci\u00f3n bastante buena. En la primera manga, me tocaron de atr\u00e1s en una curva y no pude doblar, segu\u00ed recto y perd\u00ed mucho. En la segunda, para evitar un toque, tambi\u00e9n perd\u00ed posiciones. Por suerte el auto funciona muy bien, estamos conformes y vamos a tratar de aprovecharlo el domingo\u201d.<\/em><\/strong><\/p>\n<p>La jornada dominical reuni\u00f3 las competencias finales del evento. En la tercera manga Cabarcos complet\u00f3 la carrera en el P8. En la competencia decisiva tuvo un ascenso luego de la largada que lo perfil\u00f3 como candidato a los sitios de privilegio. Tras algunos intercambios, cruz\u00f3 la l\u00ednea de meta en el P8 luego de una carrera exigente, marcada por las altas temperaturas y la disputa en pista. <\/p>\n<p><img decoding=\"async\" src=\"https:\/\/www.e-kartvirtualpress.com.ar\/bcabarcos\/bcabarcos_3_260315ro.jpg\"><\/p>\n<p>Al cerrar su participaci\u00f3n del fin de semana, el joven piloto expres\u00f3 su balance de la jornada: <strong><em>\u201cNo estamos conformes con el resultado del domingo. Intentamos avanzar, pero no pudimos. Fue muy complicada la carrera con el calor. Vamos a buscar la revancha en Buenos Aires\u201d.<\/em><\/strong><\/p>\n<p>Antes de retirarse del circuito de Baradero, Cabarcos dedic\u00f3 unas palabras de agradecimiento a quienes lo acompa\u00f1an en su actividad deportiva: <strong><em>\u201cQuiero agradecer a toda mi familia, al Equipo Dhupraz, a Porta Kart, a los que nos apoyan: Fruta 3, Lonera Arrecifes, Sim\u00f3n Cabarcos Motorshop y a todos los que nos dan una mano\u201d.<\/em><\/strong><\/p>\n<p>Luego de esta presentaci\u00f3n en Baradero, Benjamin Cabarcos se ubica en el P9 del campeonato de la clase Mini Max con 67 puntos acumulados. La pr\u00f3xima competencia del certamen ser\u00e1 el fin de semana del 4 y 5 de abril con el Evento #3 del Trofeo de Verano en el kart\u00f3dromo \u201cCiudad de Buenos Aires\u201d, en CABA.<\/p>\n<p><img decoding=\"async\" src=\"https:\/\/www.e-kartvirtualpress.com.ar\/bcabarcos\/bcabarcos_2_260315ro.jpg\"><\/p>\n<p>Ph. Lucas Garcia<br \/>Inform\u00f3: E-Kart Virtual Press<\/p>\n","protected":false},"excerpt":{"rendered":"<p>El volante de Arrecifes, Benjam\u00edn Cabarcos, complet\u00f3 el Evento #2 de RMC Buenos Aires, con el P8 en la Final de la Mini Max. Los roces sufridos en las mangas del s\u00e1bado condicionaron su progreso durante el fin de semana en Baradero.<\/p>\n","protected":false},"author":1,"featured_media":43058,"comment_status":"closed","ping_status":"closed","sticky":false,"template":"","format":"standard","meta":{"footnotes":""},"categories":[1948,1955],"tags":[],"class_list":["post-43057","post","type-post","status-publish","format-standard","has-post-thumbnail","hentry","category-pilotos-ekvp","category-rmc-buenos-aires"],"_links":{"self":[{"href":"https:\/\/e-kart.com.ar\/index.php?rest_route=\/wp\/v2\/posts\/43057","targetHints":{"allow":["GET"]}}],"collection":[{"href":"https:\/\/e-kart.com.ar\/index.php?rest_route=\/wp\/v2\/posts"}],"about":[{"href":"https:\/\/e-kart.com.ar\/index.php?rest_route=\/wp\/v2\/types\/post"}],"author":[{"embeddable":true,"href":"https:\/\/e-kart.com.ar\/index.php?rest_route=\/wp\/v2\/users\/1"}],"replies":[{"embeddable":true,"href":"https:\/\/e-kart.com.ar\/index.php?rest_route=%2Fwp%2Fv2%2Fcomments&post=43057"}],"version-history":[{"count":1,"href":"https:\/\/e-kart.com.ar\/index.php?rest_route=\/wp\/v2\/posts\/43057\/revisions"}],"predecessor-version":[{"id":43059,"href":"https:\/\/e-kart.com.ar\/index.php?rest_route=\/wp\/v2\/posts\/43057\/revisions\/43059"}],"wp:featuredmedia":[{"embeddable":true,"href":"https:\/\/e-kart.com.ar\/index.php?rest_route=\/wp\/v2\/media\/43058"}],"wp:attachment":[{"href":"https:\/\/e-kart.com.ar\/index.php?rest_route=%2Fwp%2Fv2%2Fmedia&parent=43057"}],"wp:term":[{"taxonomy":"category","embeddable":true,"href":"https:\/\/e-kart.com.ar\/index.php?rest_route=%2Fwp%2Fv2%2Fcategories&post=43057"},{"taxonomy":"post_tag","embeddable":true,"href":"https:\/\/e-kart.com.ar\/index.php?rest_route=%2Fwp%2Fv2%2Ftags&post=43057"}],"curies":[{"name":"wp","href":"https:\/\/api.w.org\/{rel}","templated":true}]}}