{"id":43054,"date":"2026-03-16T18:53:21","date_gmt":"2026-03-16T21:53:21","guid":{"rendered":"https:\/\/e-kart.com.ar\/?p=43054"},"modified":"2026-03-16T18:53:21","modified_gmt":"2026-03-16T21:53:21","slug":"f-am-sin-suerte-en-baradero","status":"publish","type":"post","link":"https:\/\/e-kart.com.ar\/?p=43054","title":{"rendered":"F.AM: Sin suerte en Baradero"},"content":{"rendered":"<p class=\"has-medium-font-size\"><em>En Baradero, Farid Am mostr\u00f3 un buen ritmo desde los entrenamientos en Junior Max, durante el segundo cap\u00edtulo de RMC Buenos Aires. El piloto salte\u00f1o insinu\u00f3 un resultado destacado, aunque distintos inconvenientes lo alejaron del desenlace esperado.<\/em><\/p>\n<p><img decoding=\"async\" src=\"https:\/\/www.e-kartvirtualpress.com.ar\/fam\/fam_260315ro.jpg\"><\/p>\n<p><strong><br \/>Baradero, Buenos Aires.<\/strong> El piloto salte\u00f1o Farid Am form\u00f3 parte del parque de la clase Junior Max durante el Evento #2 del Trofeo de Verano de RMC Buenos Aires, disputado el pasado fin de semana en el kart\u00f3dromo \u201cRamiro Tot\u201d de Baradero. El representante de Salta Capital afront\u00f3 esta nueva cita del campeonato con un rendimiento prometedor desde las primeras salidas a pista.<\/p>\n<p>Durante la jornada del s\u00e1bado, la actividad oficial comenz\u00f3 con la clasificaci\u00f3n, donde Am registr\u00f3 el 7\u00b0 tiempo. Luego se disputaron las dos mangas del d\u00eda. En la primera no logr\u00f3 completar vueltas tras verse involucrado en un incidente que da\u00f1\u00f3 su karting y lo oblig\u00f3 al abandono. En la segunda competencia consigui\u00f3 cerrar la carrera en el P7, resultado condicionado por algunas dificultades para alcanzar r\u00e1pidamente el rendimiento ideal del conjunto. <\/p>\n<p>Al finalizar esta primera jornada del evento, el piloto salte\u00f1o analiz\u00f3 lo ocurrido en pista:<strong><em> \u201cEn los entrenamientos nos mantuvimos entre los primeros 3 lugares, pero en la clasificaci\u00f3n nos enredamos y no logramos nuestros tiempos ideales. En la primera manga me chocaron, dobl\u00e9 el auto y tuve que abandonar. En la segunda nos cost\u00f3 calentar la goma. Cuando el auto agarr\u00f3 mecha ya est\u00e1bamos lejos. Podr\u00edamos haber tenido un mejor s\u00e1bado, pero vamos con todo el domingo porque tenemos el auto y estamos bien en los radios de giro\u201d.<\/em><\/strong><\/p>\n<p>La actividad continu\u00f3 el domingo con las instancias finales del evento. En la tercera manga complet\u00f3 la carrera en el P13, mientras que en la Final debi\u00f3 abandonar cuando apenas se hab\u00edan cumplido tres vueltas, debido a inconvenientes en su karting que le impidieron continuar en competencia. <\/p>\n<p><img decoding=\"async\" src=\"https:\/\/www.e-kartvirtualpress.com.ar\/fam\/fam_3_260315ro.jpg\"><\/p>\n<p>Tras cerrar su participaci\u00f3n del fin de semana, Am explic\u00f3 lo sucedido en la carrera decisiva: <strong><em>\u201cNo terminamos el fin de semana como esper\u00e1bamos. Ten\u00edamos lo necesario para pelear m\u00e1s adelante, pero en la Final tuvimos problemas con el auto, era imposible doblar. Tuvimos que abandonar\u201d.<\/em><\/strong><\/p>\n<p>Antes de dejar el circuito de Baradero, el piloto salte\u00f1o dedic\u00f3 unas palabras de reconocimiento a quienes lo acompa\u00f1an en su campa\u00f1a deportiva: <strong><em>\u201cQuiero agradecer a los que me acompa\u00f1aron, a toda mi familia, a la gente de Salta que me sigue, al equipo Cronos Racing y a Sushi Go por el apoyo que me brinda\u201d.<\/em><\/strong><\/p>\n<p>Luego de esta presentaci\u00f3n, Farid Am se ubica en el P11 del campeonato de la clase Junior Max con 47 puntos acumulados. El calendario continuar\u00e1 el fin de semana del 4 y 5 de abril con el Evento #3 del Trofeo de Verano en el kart\u00f3dromo \u201cCiudad de Buenos Aires\u201d, en CABA.<\/p>\n<p><img decoding=\"async\" src=\"https:\/\/www.e-kartvirtualpress.com.ar\/fam\/fam_2_260315ro.jpg\"><\/p>\n<p>Ph. Lucas Garcia<br \/>Inform\u00f3: E-Kart Virtual Press<\/p>\n","protected":false},"excerpt":{"rendered":"<p>En Baradero, Farid Am mostr\u00f3 un buen ritmo desde los entrenamientos en Junior Max, durante el segundo cap\u00edtulo de RMC Buenos Aires. El piloto salte\u00f1o insinu\u00f3 un resultado destacado, aunque distintos inconvenientes lo alejaron del desenlace esperado.<\/p>\n","protected":false},"author":1,"featured_media":43055,"comment_status":"closed","ping_status":"closed","sticky":false,"template":"","format":"standard","meta":{"footnotes":""},"categories":[1948,1955],"tags":[],"class_list":["post-43054","post","type-post","status-publish","format-standard","has-post-thumbnail","hentry","category-pilotos-ekvp","category-rmc-buenos-aires"],"_links":{"self":[{"href":"https:\/\/e-kart.com.ar\/index.php?rest_route=\/wp\/v2\/posts\/43054","targetHints":{"allow":["GET"]}}],"collection":[{"href":"https:\/\/e-kart.com.ar\/index.php?rest_route=\/wp\/v2\/posts"}],"about":[{"href":"https:\/\/e-kart.com.ar\/index.php?rest_route=\/wp\/v2\/types\/post"}],"author":[{"embeddable":true,"href":"https:\/\/e-kart.com.ar\/index.php?rest_route=\/wp\/v2\/users\/1"}],"replies":[{"embeddable":true,"href":"https:\/\/e-kart.com.ar\/index.php?rest_route=%2Fwp%2Fv2%2Fcomments&post=43054"}],"version-history":[{"count":1,"href":"https:\/\/e-kart.com.ar\/index.php?rest_route=\/wp\/v2\/posts\/43054\/revisions"}],"predecessor-version":[{"id":43056,"href":"https:\/\/e-kart.com.ar\/index.php?rest_route=\/wp\/v2\/posts\/43054\/revisions\/43056"}],"wp:featuredmedia":[{"embeddable":true,"href":"https:\/\/e-kart.com.ar\/index.php?rest_route=\/wp\/v2\/media\/43055"}],"wp:attachment":[{"href":"https:\/\/e-kart.com.ar\/index.php?rest_route=%2Fwp%2Fv2%2Fmedia&parent=43054"}],"wp:term":[{"taxonomy":"category","embeddable":true,"href":"https:\/\/e-kart.com.ar\/index.php?rest_route=%2Fwp%2Fv2%2Fcategories&post=43054"},{"taxonomy":"post_tag","embeddable":true,"href":"https:\/\/e-kart.com.ar\/index.php?rest_route=%2Fwp%2Fv2%2Ftags&post=43054"}],"curies":[{"name":"wp","href":"https:\/\/api.w.org\/{rel}","templated":true}]}}