{"id":43051,"date":"2026-03-16T18:30:50","date_gmt":"2026-03-16T21:30:50","guid":{"rendered":"https:\/\/e-kart.com.ar\/?p=43051"},"modified":"2026-03-16T18:30:50","modified_gmt":"2026-03-16T21:30:50","slug":"v-diamante-candidato-al-triunfo-en-baradero","status":"publish","type":"post","link":"https:\/\/e-kart.com.ar\/?p=43051","title":{"rendered":"V.DIAMANTE: Candidato al triunfo en Baradero"},"content":{"rendered":"<p class=\"has-medium-font-size\"><em>Valentino Diamante tuvo un gran paso por el Evento #2 del Trofeo de Verano, en Baradero: pele\u00f3 la victoria en la Final de la Junior Max y termin\u00f3 P5 tras un recargo, luego de cruzar la meta P2 en pista.<\/em><\/p>\n<p><img decoding=\"async\" src=\"https:\/\/www.e-kartvirtualpress.com.ar\/vdiamante\/vdiamante_260315ro.jpg\"><\/p>\n<p><strong><br \/>Baradero, Buenos Aires.<\/strong> El kart\u00f3dromo \u201cRamiro Tot\u201d de Baradero recibi\u00f3 el pasado fin de semana al Evento #2 del Trofeo de Verano de RMC Buenos Aires. En ese escenario compiti\u00f3 Valentino Diamante dentro de la clase Junior Max, en su segunda presentaci\u00f3n dentro de la clase en este certamen. El piloto de Pilar mostr\u00f3 un rendimiento competitivo que le permiti\u00f3 consolidarse entre los animadores de la divisional.<\/p>\n<p>La actividad comenz\u00f3 el s\u00e1bado con la sesi\u00f3n clasificatoria, donde Diamante marc\u00f3 el 10\u00b0 tiempo. En las mangas logr\u00f3 avanzar con buen ritmo y protagonismo en pista. En la primera de ellas consigui\u00f3 escalar hasta el P5, mientras que en la segunda mantuvo una s\u00f3lida performance para completar la carrera en el P3. <\/p>\n<p>Cumplidas las primeras etapas del fin de semana, Diamante analiz\u00f3 su desempe\u00f1o y destac\u00f3 el potencial de su karting: <strong><em>\u201cEn la clasificaci\u00f3n giramos solos y terminamos 10\u00b0. En la primera manga terminamos 5\u00b0. En la segunda manga giramos junto a un compa\u00f1ero de equipo y terminamos 3\u00b0. El auto est\u00e1 excelente, un ca\u00f1\u00f3n. Creo que, si el domingo giramos junto con mi compa\u00f1ero, ambos podremos avanzar y llegar al podio\u201d.<\/em><\/strong><\/p>\n<p>El domingo continu\u00f3 mostrando competitividad dentro del lote de punta. En la tercera manga volvi\u00f3 a ubicarse entre los mejores al completar la carrera en el P3, resultado que lo posicion\u00f3 con buenas expectativas para la Final. En la carrera decisiva larg\u00f3 desde el tercer caj\u00f3n de la grilla y se mantuvo durante gran parte de la competencia disputando los primeros lugares. Diamante cruz\u00f3 la meta en el P2 en pista tras pelear por la victoria, pero un recargo por trompa lo releg\u00f3 al P5 en el clasificador definitivo. <\/p>\n<p><img decoding=\"async\" src=\"https:\/\/www.e-kartvirtualpress.com.ar\/vdiamante\/vdiamante_3_260315ro.jpg\"><\/p>\n<p>Al cierre de la jornada dominical expres\u00f3 su balance del fin de semana: <strong><em>\u201cTerminamos un fin de semana excelente. En la segunda y tercera manga terminamos 3\u00b0. En la primera llegamos al 5\u00b0 lugar habiendo largado desde el 10\u00b0. En la Final largamos 3\u00b0 y estuvimos a punto de ganar la carrera, no se nos dio porque el puntero cuerde\u00f3 mucho y no quisimos arruinar el fin de semana. Terminamos 2\u00b0 en pista, pero perdimos unas posiciones por un recargo por trompa\u201d.<\/em><\/strong><\/p>\n<p>Al finalizar su participaci\u00f3n en esta fecha del campeonato, Diamante dedic\u00f3 unas palabras de reconocimiento a quienes lo acompa\u00f1an en su campa\u00f1a deportiva: <strong><em>\u201cQuiero agradecer a todo el equipo RG Racing, a Bubu, a Federico Sfreddo, a mi mec\u00e1nico, a Trillo, a mi pap\u00e1, a mi mam\u00e1, a mis abuelos, a mis familiares, a mi nutricionista, a mi preparador f\u00edsico Charly Mellado y a mi psic\u00f3loga deportiva. Por supuesto, mi agradecimiento a mis auspiciantes: Geron Seguros, Transporte Valdez Aguilar y Cobra Seguridad\u201d.<\/em><\/strong><\/p>\n<p>Completada esta presentaci\u00f3n, Valentino Diamante cerr\u00f3 su actuaci\u00f3n en la clase Junior Max del Trofeo de Verano de RMC Buenos Aires ubicado en el P3 del campeonato con 135 puntos. La actividad continuar\u00e1 el fin de semana del 4 y 5 de abril con el Evento #3 del Trofeo de Verano en el kart\u00f3dromo \u201cCiudad de Buenos Aires\u201d, en CABA.<\/p>\n<p><img decoding=\"async\" src=\"https:\/\/www.e-kartvirtualpress.com.ar\/vdiamante\/vdiamante_2_260315ro.jpg\"><\/p>\n<p>Ph. Lucas Garcia<br \/>Inform\u00f3: E-Kart Virtual Press<\/p>\n","protected":false},"excerpt":{"rendered":"<p>Valentino Diamante tuvo un gran paso por el Evento #2 del Trofeo de Verano, en Baradero: pele\u00f3 la victoria en la Final de la Junior Max y termin\u00f3 P5 tras un recargo, luego de cruzar la meta P2 en pista.<\/p>\n","protected":false},"author":1,"featured_media":43052,"comment_status":"closed","ping_status":"closed","sticky":false,"template":"","format":"standard","meta":{"footnotes":""},"categories":[1948,1955],"tags":[],"class_list":["post-43051","post","type-post","status-publish","format-standard","has-post-thumbnail","hentry","category-pilotos-ekvp","category-rmc-buenos-aires"],"_links":{"self":[{"href":"https:\/\/e-kart.com.ar\/index.php?rest_route=\/wp\/v2\/posts\/43051","targetHints":{"allow":["GET"]}}],"collection":[{"href":"https:\/\/e-kart.com.ar\/index.php?rest_route=\/wp\/v2\/posts"}],"about":[{"href":"https:\/\/e-kart.com.ar\/index.php?rest_route=\/wp\/v2\/types\/post"}],"author":[{"embeddable":true,"href":"https:\/\/e-kart.com.ar\/index.php?rest_route=\/wp\/v2\/users\/1"}],"replies":[{"embeddable":true,"href":"https:\/\/e-kart.com.ar\/index.php?rest_route=%2Fwp%2Fv2%2Fcomments&post=43051"}],"version-history":[{"count":1,"href":"https:\/\/e-kart.com.ar\/index.php?rest_route=\/wp\/v2\/posts\/43051\/revisions"}],"predecessor-version":[{"id":43053,"href":"https:\/\/e-kart.com.ar\/index.php?rest_route=\/wp\/v2\/posts\/43051\/revisions\/43053"}],"wp:featuredmedia":[{"embeddable":true,"href":"https:\/\/e-kart.com.ar\/index.php?rest_route=\/wp\/v2\/media\/43052"}],"wp:attachment":[{"href":"https:\/\/e-kart.com.ar\/index.php?rest_route=%2Fwp%2Fv2%2Fmedia&parent=43051"}],"wp:term":[{"taxonomy":"category","embeddable":true,"href":"https:\/\/e-kart.com.ar\/index.php?rest_route=%2Fwp%2Fv2%2Fcategories&post=43051"},{"taxonomy":"post_tag","embeddable":true,"href":"https:\/\/e-kart.com.ar\/index.php?rest_route=%2Fwp%2Fv2%2Ftags&post=43051"}],"curies":[{"name":"wp","href":"https:\/\/api.w.org\/{rel}","templated":true}]}}