{"id":43048,"date":"2026-03-16T18:21:38","date_gmt":"2026-03-16T21:21:38","guid":{"rendered":"https:\/\/e-kart.com.ar\/?p=43048"},"modified":"2026-03-16T18:21:39","modified_gmt":"2026-03-16T21:21:39","slug":"g-de-lucca-sumo-en-baradero","status":"publish","type":"post","link":"https:\/\/e-kart.com.ar\/?p=43048","title":{"rendered":"G.DE LUCCA: Sum\u00f3 en Baradero"},"content":{"rendered":"<p class=\"has-medium-font-size\"><em>Gabriel De Lucca rescat\u00f3 puntos importantes en el Evento #2 del Trofeo de Verano de RMC Buenos Aires, disputado en el kart\u00f3dromo \u201cRamiro Tot\u201d de Baradero. El m\u00faltiple campe\u00f3n de la Master Max logr\u00f3 cerrar la Final en el P5 en un fin de semana que le result\u00f3 adverso.<\/em><\/p>\n<p><img decoding=\"async\" src=\"https:\/\/www.e-kartvirtualpress.com.ar\/gdelucca\/gdelucca_260315ro.jpg\"><\/p>\n<p><strong><br \/>Baradero, Buenos Aires.<\/strong> El experimentado volante Gabriel De Lucca integr\u00f3 el parque de la clase Master Max durante el Evento #2 del Trofeo de Verano de RMC Buenos Aires, desarrollado el pasado fin de semana en el kart\u00f3dromo \u201cRamiro Tot\u201d de Baradero. El representante de Z\u00e1rate, Buenos Aires, fue parte de esta jornada del campeonato, donde debi\u00f3 enfrentar diversas dificultades t\u00e9cnicas que le impidieron desplegar todo su potencial.<\/p>\n<p>La actividad del s\u00e1bado comenz\u00f3 con la clasificaci\u00f3n, donde De Lucca marc\u00f3 el 5\u00b0 registro. Luego afront\u00f3 las dos mangas del d\u00eda, completando la primera en el P7 y la segunda en el P5. Sin embargo, diferentes inconvenientes con su material condicionaron el rendimiento esperado durante la jornada. <\/p>\n<p>Cumplida estas primeras instancias del fin de semana, el piloto de Z\u00e1rate explic\u00f3 las dificultades que enfrentaron desde el equipo: <strong><em>\u201cEl viernes logramos tiempos positivos en las tandas. Estuvimos primeros en algunas, pero el s\u00e1bado desaparecimos. Despu\u00e9s de un golpe que tuvimos, el chasis no qued\u00f3 bien. Tambi\u00e9n tenemos problemas de motor. Estamos corriendo con un motor nuestro, que tiene un par de a\u00f1os, pero que andaba mejor que el de carrera. Estamos complicados para seguirlos en el ritmo que tiene la punta. Vamos a intentar sumar los m\u00e1ximos puntos posibles el domingo con lo que tenemos\u201d.<\/em><\/strong><\/p>\n<p>El domingo se disputaron las instancias decisivas del evento. En la tercera manga debi\u00f3 abandonar cuando se hab\u00edan cumplido seis vueltas. En la Final logr\u00f3 recomponerse y completar la competencia en el P5, resultado que le permiti\u00f3 sumar puntos importantes para el campeonato a pesar de un fin de semana complejo. <\/p>\n<p><img decoding=\"async\" src=\"https:\/\/www.e-kartvirtualpress.com.ar\/gdelucca\/gdelucca_3_260315ro.jpg\"><\/p>\n<p>Tras concluir la actividad dominical, De Lucca analiz\u00f3 lo ocurrido durante la jornada: <strong><em>\u201cTerminamos 5\u00b0 la Final, pero el resto del fin de semana fue un desastre. Al menos logramos sumar algunos puntos para el campeonato. Nos falt\u00f3 motor. Hab\u00edamos probado 3 motores. Para la tercera manga decidimos cambiarlo y largamos desde el fondo y avanzamos. Cuando pensamos que hab\u00edamos resuelto el problema, por un toque, perdimos todo otra vez. No fue una buena decisi\u00f3n. Tenemos que seguir trabajando. Necesitamos que nuestro material est\u00e9 al mismo nivel que el de ellos, sino es imposible competir\u201d.<\/em><\/strong><\/p>\n<p>Al finalizar su participaci\u00f3n en esta fecha del campeonato, el piloto de Z\u00e1rate dedic\u00f3 unas palabras de agradecimiento a quienes lo acompa\u00f1an en su campa\u00f1a deportiva: <strong><em>\u201cQuiero agradecer a toda mi familia, especialmente a mis hijos Thiago y M\u00eda, a mi se\u00f1ora, a mi hermano, a todos los que siempre est\u00e1n conmigo, al equipo RG Racing Kart, a Bubu, a Fede que me acompa\u00f1o todo el fin de semana, a Maxi, a Tomi V\u00e1zquez y como siempre a los que me apoyan: Pradecom, CMP, Hormetal, Indumon, Indoor Training y Grupo MZ\u201d.<\/em><\/strong><\/p>\n<p>Con esta presentaci\u00f3n en Baradero, Gabriel De Lucca acumula 129 puntos y se ubica en el P4 de la clase Master Max. El torneo continuar\u00e1 el fin de semana del 4 y 5 de abril con el Evento #3 del Trofeo de Verano en el kart\u00f3dromo \u201cCiudad de Buenos Aires\u201d, en CABA.<\/p>\n<p><img decoding=\"async\" src=\"https:\/\/www.e-kartvirtualpress.com.ar\/gdelucca\/gdelucca_2_260315ro.jpg\"><\/p>\n<p>Ph. Lucas Garcia<br \/>Inform\u00f3: E-Kart Virtual Press<\/p>\n","protected":false},"excerpt":{"rendered":"<p>Gabriel De Lucca rescat\u00f3 puntos importantes en el Evento #2 del Trofeo de Verano de RMC Buenos Aires, disputado en el kart\u00f3dromo \u201cRamiro Tot\u201d de Baradero. El m\u00faltiple campe\u00f3n de la Master Max logr\u00f3 cerrar la Final en el P5 en un fin de semana que le result\u00f3 adverso.<\/p>\n","protected":false},"author":1,"featured_media":43049,"comment_status":"closed","ping_status":"closed","sticky":false,"template":"","format":"standard","meta":{"footnotes":""},"categories":[1948,1955],"tags":[],"class_list":["post-43048","post","type-post","status-publish","format-standard","has-post-thumbnail","hentry","category-pilotos-ekvp","category-rmc-buenos-aires"],"_links":{"self":[{"href":"https:\/\/e-kart.com.ar\/index.php?rest_route=\/wp\/v2\/posts\/43048","targetHints":{"allow":["GET"]}}],"collection":[{"href":"https:\/\/e-kart.com.ar\/index.php?rest_route=\/wp\/v2\/posts"}],"about":[{"href":"https:\/\/e-kart.com.ar\/index.php?rest_route=\/wp\/v2\/types\/post"}],"author":[{"embeddable":true,"href":"https:\/\/e-kart.com.ar\/index.php?rest_route=\/wp\/v2\/users\/1"}],"replies":[{"embeddable":true,"href":"https:\/\/e-kart.com.ar\/index.php?rest_route=%2Fwp%2Fv2%2Fcomments&post=43048"}],"version-history":[{"count":1,"href":"https:\/\/e-kart.com.ar\/index.php?rest_route=\/wp\/v2\/posts\/43048\/revisions"}],"predecessor-version":[{"id":43050,"href":"https:\/\/e-kart.com.ar\/index.php?rest_route=\/wp\/v2\/posts\/43048\/revisions\/43050"}],"wp:featuredmedia":[{"embeddable":true,"href":"https:\/\/e-kart.com.ar\/index.php?rest_route=\/wp\/v2\/media\/43049"}],"wp:attachment":[{"href":"https:\/\/e-kart.com.ar\/index.php?rest_route=%2Fwp%2Fv2%2Fmedia&parent=43048"}],"wp:term":[{"taxonomy":"category","embeddable":true,"href":"https:\/\/e-kart.com.ar\/index.php?rest_route=%2Fwp%2Fv2%2Fcategories&post=43048"},{"taxonomy":"post_tag","embeddable":true,"href":"https:\/\/e-kart.com.ar\/index.php?rest_route=%2Fwp%2Fv2%2Ftags&post=43048"}],"curies":[{"name":"wp","href":"https:\/\/api.w.org\/{rel}","templated":true}]}}